{"id":47410,"date":"2025-01-20T09:14:11","date_gmt":"2025-01-20T12:14:11","guid":{"rendered":"https:\/\/atecordoba.org\/?p=47410"},"modified":"2025-01-20T09:38:37","modified_gmt":"2025-01-20T12:38:37","slug":"jornada-de-capacitacion-sobre-el-sistema-de-evaluacion-publica-en-ate-cordoba","status":"publish","type":"post","link":"https:\/\/atecordoba.org\/?p=47410","title":{"rendered":"Jornada de Capacitaci\u00f3n sobre el Sistema de Evaluaci\u00f3n P\u00fablica en ATE C\u00f3rdoba"},"content":{"rendered":"\n<p><br><\/p>\n\n\n\n<figure class=\"wp-block-image size-large\"><img loading=\"lazy\" decoding=\"async\" width=\"1024\" height=\"769\" src=\"https:\/\/atecordoba.org\/wp-content\/uploads\/2025\/01\/10001077846423115295981471202-1024x769.jpg\" alt=\"\" class=\"wp-image-47396\" srcset=\"https:\/\/atecordoba.org\/wp-content\/uploads\/2025\/01\/10001077846423115295981471202-1024x769.jpg 1024w, https:\/\/atecordoba.org\/wp-content\/uploads\/2025\/01\/10001077846423115295981471202-300x225.jpg 300w, https:\/\/atecordoba.org\/wp-content\/uploads\/2025\/01\/10001077846423115295981471202-768x577.jpg 768w, https:\/\/atecordoba.org\/wp-content\/uploads\/2025\/01\/10001077846423115295981471202-1536x1154.jpg 1536w, https:\/\/atecordoba.org\/wp-content\/uploads\/2025\/01\/10001077846423115295981471202-750x563.jpg 750w, https:\/\/atecordoba.org\/wp-content\/uploads\/2025\/01\/10001077846423115295981471202-1140x856.jpg 1140w, https:\/\/atecordoba.org\/wp-content\/uploads\/2025\/01\/10001077846423115295981471202.jpg 2000w\" sizes=\"auto, (max-width: 1024px) 100vw, 1024px\" \/><\/figure>\n\n\n\n<figure class=\"wp-block-image\"><img loading=\"lazy\" decoding=\"async\" width=\"1024\" height=\"576\" src=\"https:\/\/atecordoba.org\/wp-content\/uploads\/2025\/01\/10001078096021480393617486774-1024x576.jpg\" alt=\"\" class=\"wp-image-47400\" srcset=\"https:\/\/atecordoba.org\/wp-content\/uploads\/2025\/01\/10001078096021480393617486774-1024x576.jpg 1024w, https:\/\/atecordoba.org\/wp-content\/uploads\/2025\/01\/10001078096021480393617486774-300x169.jpg 300w, https:\/\/atecordoba.org\/wp-content\/uploads\/2025\/01\/10001078096021480393617486774-768x432.jpg 768w, https:\/\/atecordoba.org\/wp-content\/uploads\/2025\/01\/10001078096021480393617486774-1536x864.jpg 1536w, https:\/\/atecordoba.org\/wp-content\/uploads\/2025\/01\/10001078096021480393617486774-750x422.jpg 750w, https:\/\/atecordoba.org\/wp-content\/uploads\/2025\/01\/10001078096021480393617486774-1140x641.jpg 1140w, https:\/\/atecordoba.org\/wp-content\/uploads\/2025\/01\/10001078096021480393617486774.jpg 1600w\" sizes=\"auto, (max-width: 1024px) 100vw, 1024px\" \/><\/figure>\n\n\n\n<p>El pasado viernes 17 de enero, en la sede de nuestro Consejo Directivo Provincial (Entre R\u00edos 450), se realiz\u00f3 una exitosa jornada de capacitaci\u00f3n sobre el Sistema de Evaluaci\u00f3n P\u00fablica (SEP) que el gobierno nacional est\u00e1 implementando como un mecanismo de hostigamiento hacia las y los trabajadores del Estado.<br><br>Con el objetivo de garantizar el acceso de todas y todos los trabajadores de la provincia, la jornada tuvo una modalidad mixta, combinando la participaci\u00f3n presencial y la transmisi\u00f3n virtual a trav\u00e9s de Facebook Live desde nuestra p\u00e1gina oficial de ATE C\u00f3rdoba.<br><br><strong>Participaci\u00f3n destacada de referentes sindicales<\/strong>&#8216;<br><br>La mesa principal estuvo compuesta por las siguientes referentes y delegadas:<\/p>\n\n\n\n<figure class=\"wp-block-image size-large\"><img loading=\"lazy\" decoding=\"async\" width=\"1024\" height=\"769\" src=\"https:\/\/atecordoba.org\/wp-content\/uploads\/2025\/01\/10001077918815627807555910117-1024x769.jpg\" alt=\"\" class=\"wp-image-47404\" srcset=\"https:\/\/atecordoba.org\/wp-content\/uploads\/2025\/01\/10001077918815627807555910117-1024x769.jpg 1024w, https:\/\/atecordoba.org\/wp-content\/uploads\/2025\/01\/10001077918815627807555910117-300x225.jpg 300w, https:\/\/atecordoba.org\/wp-content\/uploads\/2025\/01\/10001077918815627807555910117-768x577.jpg 768w, https:\/\/atecordoba.org\/wp-content\/uploads\/2025\/01\/10001077918815627807555910117-750x563.jpg 750w, https:\/\/atecordoba.org\/wp-content\/uploads\/2025\/01\/10001077918815627807555910117.jpg 1040w\" sizes=\"auto, (max-width: 1024px) 100vw, 1024px\" \/><\/figure>\n\n\n\n<ul class=\"wp-block-list\">\n<li><strong>Valeria Beltr\u00e1n:<\/strong> Coordinadora de la Posta Compa\u00f1era y delegada de Renaper.<\/li>\n<\/ul>\n\n\n\n<ul class=\"wp-block-list\">\n<li><strong>Marcela Ch\u00e1vez:<\/strong> Coordinadora de la Posta Compa\u00f1era y Secretaria electa de Convenios Colectivos de ATE C\u00f3rdoba.<\/li>\n\n\n\n<li><strong>Ivana Guevara:<\/strong> Integrante del equipo de la Secretar\u00eda Gremial del sindicato y delegada de la Escuela de Suboficiales de la Fuerza A\u00e9rea.<\/li>\n\n\n\n<li><strong>Natalia Pacheco:<\/strong> Vocal del Consejo Directivo Provincial y delegada de la Escuela de Suboficiales de la Fuerza A\u00e9rea.<\/li>\n\n\n\n<li><strong>Ivana Mart\u00ednez Planas:<\/strong> Delegada de la Superintendencia de Riesgos Laborales.<\/li>\n\n\n\n<li><strong>Malena Berger:<\/strong> Delegada de la Secretar\u00eda de Trabajo, encargada de canalizar las preguntas de las y los trabajadores hacia Flavio Vergara durante la jornada.<\/li>\n<\/ul>\n\n\n\n<p>En representaci\u00f3n del Consejo Directivo Provincial, tambi\u00e9n participaron nuestro Secretario Gremial <strong>Jorge Chalup<\/strong> y el Secretario de Organizaci\u00f3n <strong>Javier Bracamonte<\/strong>.<br><br>De manera virtual, contamos con las intervenciones de nuestro Secretario General <strong>Federico Giuliani<\/strong>, quien valor\u00f3 la importancia del encuentro al expresar: \u201cUn 17 de enero con 40 grados a la sombra, estamos organiz\u00e1ndonos para lo que se viene\u201d, y de <strong>Flavio Vergara<\/strong>, Secretario de Convenios Colectivos de Trabajo de ATE Nacional, quien realiz\u00f3 una exposici\u00f3n detallada sobre el proceso del Sistema de Evaluaci\u00f3n P\u00fablica en Buenos Aires.<br><br><strong>Un espacio para el intercambio y la organizaci\u00f3n<\/strong><br><br>Durante la jornada, Flavio Vergara destac\u00f3 el rol de herramientas como la <strong>&#8220;Posta Compa\u00f1era&#8221; y la &#8220;Carpa del Aguante&#8221;<\/strong> como dispositivos de apoyo y acompa\u00f1amiento a las y los trabajadores sometidos a este proceso evaluativo. Luego de su presentaci\u00f3n, se abri\u00f3 una ronda de preguntas donde la compa\u00f1era Malena Berger transmiti\u00f3 todas las inquietudes de las y los trabajadores presentes, tanto de manera presencial como virtual.<br><br><strong>Conclusiones y pasos a seguir<\/strong><\/p>\n\n\n\n<figure class=\"wp-block-image size-large\"><img loading=\"lazy\" decoding=\"async\" width=\"1024\" height=\"769\" src=\"https:\/\/atecordoba.org\/wp-content\/uploads\/2025\/01\/1000107838192701953313642192-1024x769.jpg\" alt=\"\" class=\"wp-image-47407\" srcset=\"https:\/\/atecordoba.org\/wp-content\/uploads\/2025\/01\/1000107838192701953313642192-1024x769.jpg 1024w, https:\/\/atecordoba.org\/wp-content\/uploads\/2025\/01\/1000107838192701953313642192-300x225.jpg 300w, https:\/\/atecordoba.org\/wp-content\/uploads\/2025\/01\/1000107838192701953313642192-768x577.jpg 768w, https:\/\/atecordoba.org\/wp-content\/uploads\/2025\/01\/1000107838192701953313642192-1536x1154.jpg 1536w, https:\/\/atecordoba.org\/wp-content\/uploads\/2025\/01\/1000107838192701953313642192-750x563.jpg 750w, https:\/\/atecordoba.org\/wp-content\/uploads\/2025\/01\/1000107838192701953313642192-1140x856.jpg 1140w, https:\/\/atecordoba.org\/wp-content\/uploads\/2025\/01\/1000107838192701953313642192.jpg 2000w\" sizes=\"auto, (max-width: 1024px) 100vw, 1024px\" \/><\/figure>\n\n\n\n<figure class=\"wp-block-image\"><img loading=\"lazy\" decoding=\"async\" width=\"1024\" height=\"769\" src=\"https:\/\/atecordoba.org\/wp-content\/uploads\/2025\/01\/1000107843888884584307827571-1024x769.jpg\" alt=\"\" class=\"wp-image-47405\" srcset=\"https:\/\/atecordoba.org\/wp-content\/uploads\/2025\/01\/1000107843888884584307827571-1024x769.jpg 1024w, https:\/\/atecordoba.org\/wp-content\/uploads\/2025\/01\/1000107843888884584307827571-300x225.jpg 300w, https:\/\/atecordoba.org\/wp-content\/uploads\/2025\/01\/1000107843888884584307827571-768x577.jpg 768w, https:\/\/atecordoba.org\/wp-content\/uploads\/2025\/01\/1000107843888884584307827571-1536x1154.jpg 1536w, https:\/\/atecordoba.org\/wp-content\/uploads\/2025\/01\/1000107843888884584307827571-750x563.jpg 750w, https:\/\/atecordoba.org\/wp-content\/uploads\/2025\/01\/1000107843888884584307827571-1140x856.jpg 1140w, https:\/\/atecordoba.org\/wp-content\/uploads\/2025\/01\/1000107843888884584307827571.jpg 2000w\" sizes=\"auto, (max-width: 1024px) 100vw, 1024px\" \/><\/figure>\n\n\n\n<p>Al finalizar la jornada, Valeria Beltr\u00e1n, Marcela Ch\u00e1vez y Jorge Chalup coordinaron mesas de organizaci\u00f3n con las y los asistentes, delineando los pasos a seguir frente a los desaf\u00edos que plantea el Sistema de Evaluaci\u00f3n P\u00fablica.<br><br>Desde ATE C\u00f3rdoba reafirmamos nuestro compromiso con la defensa de los derechos de las y los trabajadores estatales, redoblando esfuerzos para enfrentar cualquier intento de precarizaci\u00f3n o hostigamiento. La organizaci\u00f3n y la lucha contin\u00faan. \u00a1Juntas y juntos, seguimos avanzando!<\/p>\n\n\n\n<figure class=\"wp-block-image\"><img loading=\"lazy\" decoding=\"async\" width=\"1024\" height=\"769\" src=\"https:\/\/atecordoba.org\/wp-content\/uploads\/2025\/01\/10001078496631434453954216544-1024x769.jpg\" alt=\"\" class=\"wp-image-47406\" srcset=\"https:\/\/atecordoba.org\/wp-content\/uploads\/2025\/01\/10001078496631434453954216544-1024x769.jpg 1024w, https:\/\/atecordoba.org\/wp-content\/uploads\/2025\/01\/10001078496631434453954216544-300x225.jpg 300w, https:\/\/atecordoba.org\/wp-content\/uploads\/2025\/01\/10001078496631434453954216544-768x577.jpg 768w, https:\/\/atecordoba.org\/wp-content\/uploads\/2025\/01\/10001078496631434453954216544-1536x1154.jpg 1536w, https:\/\/atecordoba.org\/wp-content\/uploads\/2025\/01\/10001078496631434453954216544-750x563.jpg 750w, https:\/\/atecordoba.org\/wp-content\/uploads\/2025\/01\/10001078496631434453954216544-1140x856.jpg 1140w, https:\/\/atecordoba.org\/wp-content\/uploads\/2025\/01\/10001078496631434453954216544.jpg 2000w\" sizes=\"auto, (max-width: 1024px) 100vw, 1024px\" \/><\/figure>\n\n\n\n<figure class=\"wp-block-image\"><img loading=\"lazy\" decoding=\"async\" width=\"1024\" height=\"769\" src=\"https:\/\/atecordoba.org\/wp-content\/uploads\/2025\/01\/10001078597358262164128973820-1024x769.jpg\" alt=\"\" class=\"wp-image-47408\" srcset=\"https:\/\/atecordoba.org\/wp-content\/uploads\/2025\/01\/10001078597358262164128973820-1024x769.jpg 1024w, https:\/\/atecordoba.org\/wp-content\/uploads\/2025\/01\/10001078597358262164128973820-300x225.jpg 300w, https:\/\/atecordoba.org\/wp-content\/uploads\/2025\/01\/10001078597358262164128973820-768x577.jpg 768w, https:\/\/atecordoba.org\/wp-content\/uploads\/2025\/01\/10001078597358262164128973820-1536x1154.jpg 1536w, https:\/\/atecordoba.org\/wp-content\/uploads\/2025\/01\/10001078597358262164128973820-750x563.jpg 750w, https:\/\/atecordoba.org\/wp-content\/uploads\/2025\/01\/10001078597358262164128973820-1140x856.jpg 1140w, https:\/\/atecordoba.org\/wp-content\/uploads\/2025\/01\/10001078597358262164128973820.jpg 2000w\" sizes=\"auto, (max-width: 1024px) 100vw, 1024px\" \/><\/figure>\n\n\n\n<p><\/p>\n","protected":false},"excerpt":{"rendered":"<p>El pasado viernes 17 de enero, en la sede de nuestro Consejo Directivo Provincial (Entre R\u00edos 450), se realiz\u00f3 una exitosa jornada de capacitaci\u00f3n sobre el Sistema de Evaluaci\u00f3n P\u00fablica (SEP) que el gobierno nacional est\u00e1 implementando como un mecanismo de hostigamiento hacia las y los trabajadores del Estado. Con el objetivo de garantizar el [&hellip;]<\/p>\n","protected":false},"author":3,"featured_media":47409,"comment_status":"open","ping_status":"open","sticky":false,"template":"","format":"standard","meta":{"_exactmetrics_skip_tracking":false,"_exactmetrics_sitenote_active":false,"_exactmetrics_sitenote_note":"","_exactmetrics_sitenote_category":0,"jnews-multi-image_gallery":[],"jnews_single_post":[],"jnews_primary_category":[],"jnews_social_meta":[],"jnews_review":[],"enable_review":"","type":"","name":"","summary":"","brand":"","sku":"","good":[],"bad":[],"score_override":"","override_value":"","rating":[],"price":[],"jnews_override_counter":[],"jnews_post_split":[],"footnotes":""},"categories":[18],"tags":[],"class_list":["post-47410","post","type-post","status-publish","format-standard","has-post-thumbnail","hentry","category-nacionales"],"jetpack_featured_media_url":"https:\/\/atecordoba.org\/wp-content\/uploads\/2025\/01\/1000107783-scaled.jpg","_links":{"self":[{"href":"https:\/\/atecordoba.org\/index.php?rest_route=\/wp\/v2\/posts\/47410","targetHints":{"allow":["GET"]}}],"collection":[{"href":"https:\/\/atecordoba.org\/index.php?rest_route=\/wp\/v2\/posts"}],"about":[{"href":"https:\/\/atecordoba.org\/index.php?rest_route=\/wp\/v2\/types\/post"}],"author":[{"embeddable":true,"href":"https:\/\/atecordoba.org\/index.php?rest_route=\/wp\/v2\/users\/3"}],"replies":[{"embeddable":true,"href":"https:\/\/atecordoba.org\/index.php?rest_route=%2Fwp%2Fv2%2Fcomments&post=47410"}],"version-history":[{"count":1,"href":"https:\/\/atecordoba.org\/index.php?rest_route=\/wp\/v2\/posts\/47410\/revisions"}],"predecessor-version":[{"id":47411,"href":"https:\/\/atecordoba.org\/index.php?rest_route=\/wp\/v2\/posts\/47410\/revisions\/47411"}],"wp:featuredmedia":[{"embeddable":true,"href":"https:\/\/atecordoba.org\/index.php?rest_route=\/wp\/v2\/media\/47409"}],"wp:attachment":[{"href":"https:\/\/atecordoba.org\/index.php?rest_route=%2Fwp%2Fv2%2Fmedia&parent=47410"}],"wp:term":[{"taxonomy":"category","embeddable":true,"href":"https:\/\/atecordoba.org\/index.php?rest_route=%2Fwp%2Fv2%2Fcategories&post=47410"},{"taxonomy":"post_tag","embeddable":true,"href":"https:\/\/atecordoba.org\/index.php?rest_route=%2Fwp%2Fv2%2Ftags&post=47410"}],"curies":[{"name":"wp","href":"https:\/\/api.w.org\/{rel}","templated":true}]}}