{"id":47388,"date":"2025-01-17T11:37:33","date_gmt":"2025-01-17T14:37:33","guid":{"rendered":"https:\/\/atecordoba.org\/?p=47388"},"modified":"2025-01-17T13:03:16","modified_gmt":"2025-01-17T16:03:16","slug":"grave-situacion-en-salud-publica-cordoba-no-es-la-excepcion","status":"publish","type":"post","link":"https:\/\/atecordoba.org\/?p=47388","title":{"rendered":"\u00a1Grave situaci\u00f3n en salud p\u00fablica: C\u00f3rdoba no es la excepci\u00f3n!"},"content":{"rendered":"<p><a href=\"https:\/\/atecordoba.org\/wp-content\/uploads\/2025\/01\/WhatsApp-Image-2025-01-17-at-10.33.54-AM.jpeg\"><img loading=\"lazy\" decoding=\"async\" class=\"alignnone wp-image-47389 size-full\" src=\"https:\/\/atecordoba.org\/wp-content\/uploads\/2025\/01\/WhatsApp-Image-2025-01-17-at-10.33.54-AM.jpeg\" alt=\"\" width=\"1134\" height=\"1600\" srcset=\"https:\/\/atecordoba.org\/wp-content\/uploads\/2025\/01\/WhatsApp-Image-2025-01-17-at-10.33.54-AM.jpeg 1134w, https:\/\/atecordoba.org\/wp-content\/uploads\/2025\/01\/WhatsApp-Image-2025-01-17-at-10.33.54-AM-213x300.jpeg 213w, https:\/\/atecordoba.org\/wp-content\/uploads\/2025\/01\/WhatsApp-Image-2025-01-17-at-10.33.54-AM-726x1024.jpeg 726w, https:\/\/atecordoba.org\/wp-content\/uploads\/2025\/01\/WhatsApp-Image-2025-01-17-at-10.33.54-AM-768x1084.jpeg 768w, https:\/\/atecordoba.org\/wp-content\/uploads\/2025\/01\/WhatsApp-Image-2025-01-17-at-10.33.54-AM-1089x1536.jpeg 1089w, https:\/\/atecordoba.org\/wp-content\/uploads\/2025\/01\/WhatsApp-Image-2025-01-17-at-10.33.54-AM-750x1058.jpeg 750w\" sizes=\"auto, (max-width: 1134px) 100vw, 1134px\" \/><\/a><\/p>\n<p>Desde ATE C\u00f3rdoba, alertamos sobre los despidos masivos en el sector del Ministerio de Salud de la Naci\u00f3n, que forman parte de un preocupante plan de vaciamiento de la salud p\u00fablica en todo el pa\u00eds. Estos recortes no solo afectan a los trabajadores, sino tambi\u00e9n a miles de cordobeses que dependen de los servicios esenciales de salud para vivir con dignidad.<\/p>\n<p><a href=\"https:\/\/atecordoba.org\/wp-content\/uploads\/2025\/01\/cordobaaaa.jpg\"><img loading=\"lazy\" decoding=\"async\" class=\"alignnone wp-image-47390 size-full\" src=\"https:\/\/atecordoba.org\/wp-content\/uploads\/2025\/01\/cordobaaaa.jpg\" alt=\"\" width=\"1528\" height=\"536\" srcset=\"https:\/\/atecordoba.org\/wp-content\/uploads\/2025\/01\/cordobaaaa.jpg 1528w, https:\/\/atecordoba.org\/wp-content\/uploads\/2025\/01\/cordobaaaa-300x105.jpg 300w, https:\/\/atecordoba.org\/wp-content\/uploads\/2025\/01\/cordobaaaa-1024x359.jpg 1024w, https:\/\/atecordoba.org\/wp-content\/uploads\/2025\/01\/cordobaaaa-768x269.jpg 768w, https:\/\/atecordoba.org\/wp-content\/uploads\/2025\/01\/cordobaaaa-750x263.jpg 750w, https:\/\/atecordoba.org\/wp-content\/uploads\/2025\/01\/cordobaaaa-1140x400.jpg 1140w\" sizes=\"auto, (max-width: 1528px) 100vw, 1528px\" \/><\/a><\/p>\n<p><strong>Les invitamos a leer al detalle el crudo relato y las vivencias de la clase trabajadora dentro del ministerio, para eso, una compa\u00f1era de ATE C\u00f3rdoba del sector nos comparti\u00f3 su experiencia:<\/strong><\/p>\n<p>\u201cSi te digo ser estatal, tener vocaci\u00f3n estatal o ser sanitarista, \u00bflo entender\u00edas? Trabajo hace casi dos d\u00e9cadas en salud p\u00fablica y en defensa de los derechos ciudadanos. Nos est\u00e1n desapareciendo. Este no es solo un ajuste econ\u00f3mico; es un plan para quitarle a la gente hasta la \u00faltima posibilidad de acceder a una salud digna.\u201d<\/p>\n<p>\u201cMe echaron de la provincia estando embarazada, porque como monotributista no ten\u00eda derecho al reposo absoluto por gestaci\u00f3n de riesgo. Luego, ya siendo estatal nacional, el macrismo intent\u00f3 separarme de mis funciones, pero el gremio fren\u00f3 los despidos. Hoy, otra vez, la salud del pueblo est\u00e1 siendo basureada.\u201d<\/p>\n<p><strong>La voz de la clase trabajadora de los sectores de salud, nos invita a pensar la coyuntura actual, que no es ajena a lo que nos atraviesa individualmente como sujetos de derecho.<\/strong><\/p>\n<p><a href=\"https:\/\/atecordoba.org\/wp-content\/uploads\/2025\/01\/9dd3682c-2257-4bd1-8954-814c371ca7bd.jpeg\"><img loading=\"lazy\" decoding=\"async\" class=\"size-medium wp-image-47391 alignleft\" src=\"https:\/\/atecordoba.org\/wp-content\/uploads\/2025\/01\/9dd3682c-2257-4bd1-8954-814c371ca7bd-300x225.jpeg\" alt=\"\" width=\"300\" height=\"225\" srcset=\"https:\/\/atecordoba.org\/wp-content\/uploads\/2025\/01\/9dd3682c-2257-4bd1-8954-814c371ca7bd-300x225.jpeg 300w, https:\/\/atecordoba.org\/wp-content\/uploads\/2025\/01\/9dd3682c-2257-4bd1-8954-814c371ca7bd-1024x768.jpeg 1024w, https:\/\/atecordoba.org\/wp-content\/uploads\/2025\/01\/9dd3682c-2257-4bd1-8954-814c371ca7bd-768x576.jpeg 768w, https:\/\/atecordoba.org\/wp-content\/uploads\/2025\/01\/9dd3682c-2257-4bd1-8954-814c371ca7bd-750x563.jpeg 750w, https:\/\/atecordoba.org\/wp-content\/uploads\/2025\/01\/9dd3682c-2257-4bd1-8954-814c371ca7bd-1140x855.jpeg 1140w, https:\/\/atecordoba.org\/wp-content\/uploads\/2025\/01\/9dd3682c-2257-4bd1-8954-814c371ca7bd.jpeg 1280w\" sizes=\"auto, (max-width: 300px) 100vw, 300px\" \/><\/a><\/p>\n<p>Los despidos no solo afectan a las y los trabajadores de salud, sino que tambi\u00e9n vac\u00edan los hospitales, dejando a la poblaci\u00f3n sin atenci\u00f3n en emergencias, sin servicios esenciales de obra social, y sin lugares donde reclamar. Este ataque no es casual, es un plan que apunta al desmantelamiento total de la salud p\u00fablica.<\/p>\n<p>La salud es un derecho humano fundamental y no permitiremos que sea convertido en un privilegio para unos pocos.<\/p>\n<p><em><strong>Exigimos la reincorporaci\u00f3n de las y los despedidos y el cese inmediato del vaciamiento de los servicios de salud p\u00fablica. \u00a1Ayudanos a difundir y a sumar voces en esta lucha!<\/strong><\/em><\/p>\n","protected":false},"excerpt":{"rendered":"<p>Desde ATE C\u00f3rdoba, alertamos sobre los despidos masivos en el sector del Ministerio de Salud de la Naci\u00f3n, que forman parte de un preocupante plan de vaciamiento de la salud p\u00fablica en todo el pa\u00eds. Estos recortes no solo afectan a los trabajadores, sino tambi\u00e9n a miles de cordobeses que dependen de los servicios esenciales [&hellip;]<\/p>\n","protected":false},"author":3,"featured_media":47390,"comment_status":"open","ping_status":"open","sticky":false,"template":"","format":"standard","meta":{"_exactmetrics_skip_tracking":false,"_exactmetrics_sitenote_active":false,"_exactmetrics_sitenote_note":"","_exactmetrics_sitenote_category":0,"jnews-multi-image_gallery":[],"jnews_single_post":{"format":"standard","override":[{"template":"1","parallax":"1","fullscreen":"1","layout":"no-sidebar-narrow","sidebar":"default-sidebar","second_sidebar":"default-sidebar","sticky_sidebar":"1","share_position":"bottom","share_float_style":"share-monocrhome","show_share_counter":"1","show_view_counter":"1","show_post_meta":"1","show_post_author_image":"1","show_post_date":"1","post_date_format":"default","post_date_format_custom":"Y\/m\/d","show_post_category":"1","show_post_reading_time":"0","post_reading_time_wpm":"300","post_calculate_word_method":"str_word_count","show_zoom_button":"0","zoom_button_out_step":"2","zoom_button_in_step":"3","show_post_tag":"1","number_popup_post":"1","show_post_related":"1","show_inline_post_related":"0"}],"image_override":[{"single_post_thumbnail_size":"crop-500","single_post_gallery_size":"crop-500"}],"trending_post_position":"meta","trending_post_label":"Trending","sponsored_post_label":"Sponsored by","disable_ad":"0"},"jnews_primary_category":[],"jnews_social_meta":[],"jnews_review":[],"enable_review":"","type":"percentage","name":"","summary":"","brand":"","sku":"","good":[],"bad":[],"score_override":"","override_value":"","rating":[],"price":[],"jnews_override_counter":{"view_counter_number":"0","share_counter_number":"0","like_counter_number":"0","dislike_counter_number":"0"},"jnews_post_split":{"post_split":[{"template":"1","tag":"h2","numbering":"asc","mode":"normal","first":"0","enable_toc":"0","toc_type":"normal"}]},"footnotes":""},"categories":[957],"tags":[],"class_list":["post-47388","post","type-post","status-publish","format-standard","has-post-thumbnail","hentry","category-salud"],"jetpack_featured_media_url":"https:\/\/atecordoba.org\/wp-content\/uploads\/2025\/01\/cordobaaaa.jpg","_links":{"self":[{"href":"https:\/\/atecordoba.org\/index.php?rest_route=\/wp\/v2\/posts\/47388","targetHints":{"allow":["GET"]}}],"collection":[{"href":"https:\/\/atecordoba.org\/index.php?rest_route=\/wp\/v2\/posts"}],"about":[{"href":"https:\/\/atecordoba.org\/index.php?rest_route=\/wp\/v2\/types\/post"}],"author":[{"embeddable":true,"href":"https:\/\/atecordoba.org\/index.php?rest_route=\/wp\/v2\/users\/3"}],"replies":[{"embeddable":true,"href":"https:\/\/atecordoba.org\/index.php?rest_route=%2Fwp%2Fv2%2Fcomments&post=47388"}],"version-history":[{"count":2,"href":"https:\/\/atecordoba.org\/index.php?rest_route=\/wp\/v2\/posts\/47388\/revisions"}],"predecessor-version":[{"id":47394,"href":"https:\/\/atecordoba.org\/index.php?rest_route=\/wp\/v2\/posts\/47388\/revisions\/47394"}],"wp:featuredmedia":[{"embeddable":true,"href":"https:\/\/atecordoba.org\/index.php?rest_route=\/wp\/v2\/media\/47390"}],"wp:attachment":[{"href":"https:\/\/atecordoba.org\/index.php?rest_route=%2Fwp%2Fv2%2Fmedia&parent=47388"}],"wp:term":[{"taxonomy":"category","embeddable":true,"href":"https:\/\/atecordoba.org\/index.php?rest_route=%2Fwp%2Fv2%2Fcategories&post=47388"},{"taxonomy":"post_tag","embeddable":true,"href":"https:\/\/atecordoba.org\/index.php?rest_route=%2Fwp%2Fv2%2Ftags&post=47388"}],"curies":[{"name":"wp","href":"https:\/\/api.w.org\/{rel}","templated":true}]}}