{"id":47384,"date":"2025-01-17T10:04:21","date_gmt":"2025-01-17T13:04:21","guid":{"rendered":"https:\/\/atecordoba.org\/?p=47384"},"modified":"2025-01-17T10:04:21","modified_gmt":"2025-01-17T13:04:21","slug":"comunicado-oficial-de-ate-conicet-el-gobierno-avanza-con-el-vaciamiento-profundicemos-la-lucha","status":"publish","type":"post","link":"https:\/\/atecordoba.org\/?p=47384","title":{"rendered":"Comunicado oficial de ATE CONICET: \u00a1El gobierno avanza con el vaciamiento, profundicemos la lucha!"},"content":{"rendered":"<p><a href=\"https:\/\/atecordoba.org\/wp-content\/uploads\/2025\/01\/WhatsApp-Image-2024-09-26-at-11.41.54-AM.webp\"><img loading=\"lazy\" decoding=\"async\" class=\"alignnone wp-image-47386 size-full\" src=\"https:\/\/atecordoba.org\/wp-content\/uploads\/2025\/01\/WhatsApp-Image-2024-09-26-at-11.41.54-AM.webp\" alt=\"\" width=\"1536\" height=\"1153\" srcset=\"https:\/\/atecordoba.org\/wp-content\/uploads\/2025\/01\/WhatsApp-Image-2024-09-26-at-11.41.54-AM.webp 1536w, https:\/\/atecordoba.org\/wp-content\/uploads\/2025\/01\/WhatsApp-Image-2024-09-26-at-11.41.54-AM-300x225.webp 300w, https:\/\/atecordoba.org\/wp-content\/uploads\/2025\/01\/WhatsApp-Image-2024-09-26-at-11.41.54-AM-1024x769.webp 1024w, https:\/\/atecordoba.org\/wp-content\/uploads\/2025\/01\/WhatsApp-Image-2024-09-26-at-11.41.54-AM-768x577.webp 768w, https:\/\/atecordoba.org\/wp-content\/uploads\/2025\/01\/WhatsApp-Image-2024-09-26-at-11.41.54-AM-750x563.webp 750w, https:\/\/atecordoba.org\/wp-content\/uploads\/2025\/01\/WhatsApp-Image-2024-09-26-at-11.41.54-AM-1140x856.webp 1140w\" sizes=\"auto, (max-width: 1536px) 100vw, 1536px\" \/><\/a><\/p>\n<p>Ayer, a trav\u00e9s del Bolet\u00edn Oficial, se public\u00f3 la <strong>resoluci\u00f3n 10\/2025 de la Jefatura de Gabinete<\/strong>, marcando el inicio de las medidas que el gobierno nacional impulsa para el sector de <strong>Ciencia y Tecnolog\u00eda<\/strong> en este a\u00f1o.<\/p>\n<p>La resoluci\u00f3n encomienda a la Secretar\u00eda de Innovaci\u00f3n, Ciencia y Tecnolog\u00eda (SEICYT) la <strong>&#8220;evaluaci\u00f3n exhaustiva&#8221; de programas cient\u00edficos<\/strong> creados bajo el exMinCyT y otorga potestad para eliminarlos bajo criterios de <strong>&#8220;economicidad&#8221;<\/strong>. Esta decisi\u00f3n busca <strong>formalizar la suspensi\u00f3n de programas ya paralizados<\/strong>, permitiendo su cancelaci\u00f3n si no est\u00e1n alineados con las \u00e1reas consideradas prioritarias por el gobierno: <strong>agroindustria, salud, energ\u00eda o miner\u00eda<\/strong>.<\/p>\n<p>La medida profundiza la <strong>discrecionalidad presupuestaria<\/strong> instaurada por el gobierno de Javier Milei al extender la Ley de Presupuesto 2023, asignando a la SEICYT\u2014liderada por Dar\u00edo Genua\u2014la capacidad de <strong>desmantelar programas clave<\/strong> del sistema cient\u00edfico.<\/p>\n<h3><strong>Un vaciamiento sin precedentes en Ciencia y Tecnolog\u00eda<\/strong><\/h3>\n<p><a href=\"https:\/\/atecordoba.org\/wp-content\/uploads\/2025\/01\/conicet-6.jpg\"><img loading=\"lazy\" decoding=\"async\" class=\"size-medium wp-image-47306 alignleft\" src=\"https:\/\/atecordoba.org\/wp-content\/uploads\/2025\/01\/conicet-6-300x225.jpg\" alt=\"\" width=\"300\" height=\"225\" srcset=\"https:\/\/atecordoba.org\/wp-content\/uploads\/2025\/01\/conicet-6-300x225.jpg 300w, https:\/\/atecordoba.org\/wp-content\/uploads\/2025\/01\/conicet-6-1024x768.jpg 1024w, https:\/\/atecordoba.org\/wp-content\/uploads\/2025\/01\/conicet-6-768x576.jpg 768w, https:\/\/atecordoba.org\/wp-content\/uploads\/2025\/01\/conicet-6-750x563.jpg 750w, https:\/\/atecordoba.org\/wp-content\/uploads\/2025\/01\/conicet-6-1140x855.jpg 1140w, https:\/\/atecordoba.org\/wp-content\/uploads\/2025\/01\/conicet-6.jpg 1500w\" sizes=\"auto, (max-width: 300px) 100vw, 300px\" \/><\/a>Desde ATE CONICET, venimos denunciando las graves consecuencias de estas pol\u00edticas, que afectan directamente a nuestro sistema cient\u00edfico-tecnol\u00f3gico. Entre las problem\u00e1ticas actuales se incluyen:<\/p>\n<ul>\n<li><strong>Despidos<\/strong> y <strong>recortes en becas<\/strong>.<\/li>\n<li><strong>Par\u00e1lisis en los ingresos<\/strong> a Carrera de Investigador Cient\u00edfico (CIC) y Carrera de Personal de Apoyo (CPA).<\/li>\n<li><strong>Precarizaci\u00f3n laboral<\/strong> y <strong>salarios depreciados<\/strong>.<\/li>\n<li>En la Agencia I+D+I, se reporta:\n<ul>\n<li><strong>Falta de un Directorio designado<\/strong>.<\/li>\n<li><strong>Postergaci\u00f3n de convocatorias<\/strong> y paralizaci\u00f3n de subsidios PICT.<\/li>\n<li><strong>Montos de becas sin actualizaci\u00f3n<\/strong>, incumpliendo acuerdos paritarios.<\/li>\n<\/ul>\n<\/li>\n<\/ul>\n<h3><strong>Actualizaci\u00f3n de ejercicios y p\u00e9rdida de poder adquisitivo<\/strong><\/h3>\n<p>Un trabajador o trabajadora necesit\u00f3, en diciembre de 2024, <strong>$1.616.148<\/strong> para satisfacer las necesidades m\u00ednimas de un hogar con una pareja mayor de 30 a\u00f1os y dos hijxs en edad escolar. Este monto incluye:<\/p>\n<ul>\n<li><strong>$551.153<\/strong> para adquirir una Canasta Alimentaria M\u00ednima.<\/li>\n<li><strong>$1.064.994<\/strong> para otros bienes y servicios b\u00e1sicos.<\/li>\n<\/ul>\n<p>Desde que asumi\u00f3 el gobierno de LLA, la inflaci\u00f3n acumulada ha alcanzado un <strong>166%<\/strong>, provocando una <strong>p\u00e9rdida del poder adquisitivo del 28%<\/strong> para un caso testigo (Nivel D Grado 0).<\/p>\n<p>El salario de referencia de diciembre de 2015, que era de $10.191, deber\u00eda haberse actualizado a <strong>$1.135.430<\/strong> en diciembre de 2024. Sin embargo, el salario real fue de apenas <strong>$554.750<\/strong> (sin incluir sumas fijas), lo que refleja una <strong>p\u00e9rdida del 48,5%<\/strong> en el poder de compra.<\/p>\n<p>La situaci\u00f3n de lxs trabajadorxs <strong>monotributistas<\/strong> no es mejor. Con un salario neto mensual actual de <strong>$584.230<\/strong>, han acumulado una p\u00e9rdida equivalente a <strong>6.10 meses de honorarios en los \u00faltimos 86 meses<\/strong>.<\/p>\n<h3><strong>Reclamos urgentes<\/strong><\/h3>\n<p>Ante este panorama, desde ATE CONICET exigimos:<\/p>\n<ul>\n<li><strong>\u00a1Aumento de emergencia del 100 % en una sola cuota!<\/strong><\/li>\n<li><strong>\u00a1Reapertura inmediata de la mesa de negociaci\u00f3n paritaria!<\/strong><\/li>\n<li><strong>\u00a1Bono de $150.000 mensuales para todxs lxs trabajadorxs!<\/strong><\/li>\n<li><strong>\u00a1Planta permanente para todxs, sin quita salarial!<\/strong><\/li>\n<li><strong>\u00a1Ning\u00fan despido en el Estado y reincorporaci\u00f3n de lxs compa\u00f1erxs despedidxs!<\/strong><\/li>\n<li><strong>\u00a1Ning\u00fan salario, de trabajadorxs o jubiladxs, por debajo de la l\u00ednea de pobreza!<\/strong><\/li>\n<\/ul>\n<h3><strong>La lucha en unidad: nuestra respuesta<\/strong><\/h3>\n<p><a href=\"https:\/\/atecordoba.org\/wp-content\/uploads\/2025\/01\/WhatsApp-Image-2024-12-23-at-11.49.27-1024x669-1.jpeg\"><img loading=\"lazy\" decoding=\"async\" class=\"alignnone wp-image-47305 size-full\" src=\"https:\/\/atecordoba.org\/wp-content\/uploads\/2025\/01\/WhatsApp-Image-2024-12-23-at-11.49.27-1024x669-1.jpeg\" alt=\"\" width=\"1024\" height=\"669\" srcset=\"https:\/\/atecordoba.org\/wp-content\/uploads\/2025\/01\/WhatsApp-Image-2024-12-23-at-11.49.27-1024x669-1.jpeg 1024w, https:\/\/atecordoba.org\/wp-content\/uploads\/2025\/01\/WhatsApp-Image-2024-12-23-at-11.49.27-1024x669-1-300x196.jpeg 300w, https:\/\/atecordoba.org\/wp-content\/uploads\/2025\/01\/WhatsApp-Image-2024-12-23-at-11.49.27-1024x669-1-768x502.jpeg 768w, https:\/\/atecordoba.org\/wp-content\/uploads\/2025\/01\/WhatsApp-Image-2024-12-23-at-11.49.27-1024x669-1-750x490.jpeg 750w\" sizes=\"auto, (max-width: 1024px) 100vw, 1024px\" \/><\/a><\/p>\n<p>Durante 2024, <strong>ATE CONICET<\/strong> confluy\u00f3 con otros organismos de Ciencia y Tecnolog\u00eda, con <strong>docentes, estudiantes y trabajadorxs<\/strong> de universidades nacionales, y con el conjunto de estatales. Frente a este nuevo avance contra nuestro sistema cient\u00edfico, <strong>redoblamos nuestro compromiso de lucha<\/strong>.<\/p>\n<p>Estamos en <strong>alerta y movilizaci\u00f3n<\/strong>. En 2025, construyamos m\u00e1s organizaci\u00f3n y unidad para enfrentar la &#8220;motosierra&#8221; aplicada en Ciencia y Tecnolog\u00eda.<\/p>\n<p><strong>\u00a1La lucha es ahora!<\/strong><\/p>\n<p>Desde ATE CONICET llamamos a todas las organizaciones, sectores sociales y trabajadorxs a <strong>unirse a nuestra resistencia<\/strong>. Defender la ciencia p\u00fablica es defender el futuro de todas y todos.<\/p>\n","protected":false},"excerpt":{"rendered":"<p>Ayer, a trav\u00e9s del Bolet\u00edn Oficial, se public\u00f3 la resoluci\u00f3n 10\/2025 de la Jefatura de Gabinete, marcando el inicio de las medidas que el gobierno nacional impulsa para el sector de Ciencia y Tecnolog\u00eda en este a\u00f1o. La resoluci\u00f3n encomienda a la Secretar\u00eda de Innovaci\u00f3n, Ciencia y Tecnolog\u00eda (SEICYT) la &#8220;evaluaci\u00f3n exhaustiva&#8221; de programas cient\u00edficos [&hellip;]<\/p>\n","protected":false},"author":3,"featured_media":47386,"comment_status":"open","ping_status":"open","sticky":false,"template":"","format":"standard","meta":{"_exactmetrics_skip_tracking":false,"_exactmetrics_sitenote_active":false,"_exactmetrics_sitenote_note":"","_exactmetrics_sitenote_category":0,"jnews-multi-image_gallery":[],"jnews_single_post":{"format":"standard","override":[{"template":"1","parallax":"1","fullscreen":"1","layout":"no-sidebar-narrow","sidebar":"default-sidebar","second_sidebar":"default-sidebar","sticky_sidebar":"1","share_position":"bottom","share_float_style":"share-monocrhome","show_share_counter":"1","show_view_counter":"1","show_post_meta":"1","show_post_author_image":"1","show_post_date":"1","post_date_format":"default","post_date_format_custom":"Y\/m\/d","show_post_category":"1","show_post_reading_time":"0","post_reading_time_wpm":"300","post_calculate_word_method":"str_word_count","show_zoom_button":"0","zoom_button_out_step":"2","zoom_button_in_step":"3","show_post_tag":"1","number_popup_post":"1","show_post_related":"1","show_inline_post_related":"0"}],"image_override":[{"single_post_thumbnail_size":"crop-500","single_post_gallery_size":"crop-500"}],"trending_post_position":"meta","trending_post_label":"Trending","sponsored_post_label":"Sponsored by","disable_ad":"0"},"jnews_primary_category":[],"jnews_social_meta":[],"jnews_review":[],"enable_review":"","type":"percentage","name":"","summary":"","brand":"","sku":"","good":[],"bad":[],"score_override":"","override_value":"","rating":[],"price":[],"jnews_override_counter":{"view_counter_number":"0","share_counter_number":"0","like_counter_number":"0","dislike_counter_number":"0"},"jnews_post_split":{"post_split":[{"template":"1","tag":"h2","numbering":"asc","mode":"normal","first":"0","enable_toc":"0","toc_type":"normal"}]},"footnotes":""},"categories":[10,105],"tags":[],"class_list":["post-47384","post","type-post","status-publish","format-standard","has-post-thumbnail","hentry","category-accion-politica","category-conicet"],"jetpack_featured_media_url":"https:\/\/atecordoba.org\/wp-content\/uploads\/2025\/01\/WhatsApp-Image-2024-09-26-at-11.41.54-AM.webp","_links":{"self":[{"href":"https:\/\/atecordoba.org\/index.php?rest_route=\/wp\/v2\/posts\/47384","targetHints":{"allow":["GET"]}}],"collection":[{"href":"https:\/\/atecordoba.org\/index.php?rest_route=\/wp\/v2\/posts"}],"about":[{"href":"https:\/\/atecordoba.org\/index.php?rest_route=\/wp\/v2\/types\/post"}],"author":[{"embeddable":true,"href":"https:\/\/atecordoba.org\/index.php?rest_route=\/wp\/v2\/users\/3"}],"replies":[{"embeddable":true,"href":"https:\/\/atecordoba.org\/index.php?rest_route=%2Fwp%2Fv2%2Fcomments&post=47384"}],"version-history":[{"count":1,"href":"https:\/\/atecordoba.org\/index.php?rest_route=\/wp\/v2\/posts\/47384\/revisions"}],"predecessor-version":[{"id":47387,"href":"https:\/\/atecordoba.org\/index.php?rest_route=\/wp\/v2\/posts\/47384\/revisions\/47387"}],"wp:featuredmedia":[{"embeddable":true,"href":"https:\/\/atecordoba.org\/index.php?rest_route=\/wp\/v2\/media\/47386"}],"wp:attachment":[{"href":"https:\/\/atecordoba.org\/index.php?rest_route=%2Fwp%2Fv2%2Fmedia&parent=47384"}],"wp:term":[{"taxonomy":"category","embeddable":true,"href":"https:\/\/atecordoba.org\/index.php?rest_route=%2Fwp%2Fv2%2Fcategories&post=47384"},{"taxonomy":"post_tag","embeddable":true,"href":"https:\/\/atecordoba.org\/index.php?rest_route=%2Fwp%2Fv2%2Ftags&post=47384"}],"curies":[{"name":"wp","href":"https:\/\/api.w.org\/{rel}","templated":true}]}}