{"id":4738,"date":"2014-11-14T17:23:33","date_gmt":"2014-11-14T20:23:33","guid":{"rendered":"http:\/\/www.atecordoba.org\/?p=4738"},"modified":"2014-11-14T17:23:33","modified_gmt":"2014-11-14T20:23:33","slug":"accion-social-mas-destinos-turisticos-para-los-afiliados-de-ate","status":"publish","type":"post","link":"https:\/\/atecordoba.org\/?p=4738","title":{"rendered":"Acci\u00f3n Social: m\u00e1s destinos tur\u00edsticos para los afiliados de ATE"},"content":{"rendered":"<p><em>Los convenios que suscribi\u00f3 ATE C\u00f3rdoba este a\u00f1o incluyen sitios tur\u00edsticos nacionales y extranjeros. Los interesados deben dirigirse a nuestra sede, Entre R\u00edos 450, o comunicarse al 0351-4257926\/4232748 o via mail a\u00a0atecbaturismo@hotmail.com\u00a0<\/em><\/p>\n<p><a href=\"http:\/\/www.atecordoba.org\/wp-content\/uploads\/2014\/11\/20-CAMBORIU-_HM_PLAZA-_CAMA_-_ATE-e1415997927531.jpg\"><img loading=\"lazy\" decoding=\"async\" class=\"aligncenter size-full wp-image-4802\" src=\"http:\/\/www.atecordoba.org\/wp-content\/uploads\/2014\/11\/20-CAMBORIU-_HM_PLAZA-_CAMA_-_ATE-e1415997927531.jpg\" alt=\"20-CAMBORIU-_HM_PLAZA-_CAMA_-_ATE\" width=\"600\" height=\"464\" \/><\/a> <a href=\"http:\/\/www.atecordoba.org\/wp-content\/uploads\/2014\/11\/22-FLORIANOPOLIS_-_TURISMAR-ATE-e1415997875340.jpg\"><img loading=\"lazy\" decoding=\"async\" class=\"aligncenter size-full wp-image-4804\" src=\"http:\/\/www.atecordoba.org\/wp-content\/uploads\/2014\/11\/22-FLORIANOPOLIS_-_TURISMAR-ATE-e1415997875340.jpg\" alt=\"22-FLORIANOPOLIS_-_TURISMAR-ATE\" width=\"600\" height=\"464\" \/><\/a> <a href=\"http:\/\/www.atecordoba.org\/wp-content\/uploads\/2014\/11\/21-CAMBORIU-_BELLA_CAMBORIU-ATE-e1415997917778.jpg\"><img loading=\"lazy\" decoding=\"async\" class=\"aligncenter size-full wp-image-4803\" src=\"http:\/\/www.atecordoba.org\/wp-content\/uploads\/2014\/11\/21-CAMBORIU-_BELLA_CAMBORIU-ATE-e1415997917778.jpg\" alt=\"21-CAMBORIU-_BELLA_CAMBORIU-ATE\" width=\"600\" height=\"464\" \/><\/a> <a href=\"http:\/\/www.atecordoba.org\/wp-content\/uploads\/2014\/11\/19-CAMBORIU-_HM_PLAZA-ATE.jpg\"><img loading=\"lazy\" decoding=\"async\" class=\"aligncenter size-full wp-image-4801\" src=\"http:\/\/www.atecordoba.org\/wp-content\/uploads\/2014\/11\/19-CAMBORIU-_HM_PLAZA-ATE-e1415997936788.jpg\" alt=\"19-CAMBORIU-_HM_PLAZA-ATE\" width=\"600\" height=\"464\" \/><\/a> <a href=\"http:\/\/www.atecordoba.org\/wp-content\/uploads\/2014\/11\/18-CAMBORIU-_TROPICALYA_PRIME_-CAMA-ATE.jpg\"><img loading=\"lazy\" decoding=\"async\" class=\"aligncenter size-full wp-image-4800\" src=\"http:\/\/www.atecordoba.org\/wp-content\/uploads\/2014\/11\/18-CAMBORIU-_TROPICALYA_PRIME_-CAMA-ATE-e1415997947137.jpg\" alt=\"18-CAMBORIU-_TROPICALYA_PRIME_-CAMA-ATE\" width=\"600\" height=\"464\" \/><\/a> <a href=\"http:\/\/www.atecordoba.org\/wp-content\/uploads\/2014\/11\/17-CAMBORIU-_TROPICALYA_PRIME_-ATE.jpg\"><img loading=\"lazy\" decoding=\"async\" class=\"aligncenter  wp-image-4799\" src=\"http:\/\/www.atecordoba.org\/wp-content\/uploads\/2014\/11\/17-CAMBORIU-_TROPICALYA_PRIME_-ATE.jpg\" alt=\"17-CAMBORIU-_TROPICALYA_PRIME_-ATE\" width=\"602\" height=\"465\" \/><\/a> <a href=\"http:\/\/www.atecordoba.org\/wp-content\/uploads\/2014\/11\/11-_PIRIAPOLIS_-_HOTEL_GRAN_COLONIAL_RIVIERA-ATE.jpg\"><img loading=\"lazy\" decoding=\"async\" class=\"aligncenter  wp-image-4793\" src=\"http:\/\/www.atecordoba.org\/wp-content\/uploads\/2014\/11\/11-_PIRIAPOLIS_-_HOTEL_GRAN_COLONIAL_RIVIERA-ATE.jpg\" alt=\"11-_PIRIAPOLIS_-_HOTEL_GRAN_COLONIAL_RIVIERA-ATE\" width=\"600\" height=\"464\" \/><\/a> <a href=\"http:\/\/www.atecordoba.org\/wp-content\/uploads\/2014\/11\/12-_PIRIAPOLIS_-_HOTEL_LUJAN-ATE.jpg\"><img loading=\"lazy\" decoding=\"async\" class=\"aligncenter  wp-image-4794\" src=\"http:\/\/www.atecordoba.org\/wp-content\/uploads\/2014\/11\/12-_PIRIAPOLIS_-_HOTEL_LUJAN-ATE.jpg\" alt=\"12-_PIRIAPOLIS_-_HOTEL_LUJAN-ATE\" width=\"601\" height=\"464\" \/><\/a> <a href=\"http:\/\/www.atecordoba.org\/wp-content\/uploads\/2014\/11\/13-PUNTA_DEL_ESTE_-_OASIS-ATE.jpg\"><img loading=\"lazy\" decoding=\"async\" class=\"aligncenter  wp-image-4795\" src=\"http:\/\/www.atecordoba.org\/wp-content\/uploads\/2014\/11\/13-PUNTA_DEL_ESTE_-_OASIS-ATE.jpg\" alt=\"13-PUNTA_DEL_ESTE_-_OASIS-ATE\" width=\"601\" height=\"464\" \/><\/a> <a href=\"http:\/\/www.atecordoba.org\/wp-content\/uploads\/2014\/11\/14-VI_A_DEL_MAR-ATE_.jpg\"><img loading=\"lazy\" decoding=\"async\" class=\"aligncenter  wp-image-4796\" src=\"http:\/\/www.atecordoba.org\/wp-content\/uploads\/2014\/11\/14-VI_A_DEL_MAR-ATE_.jpg\" alt=\"14-VI_A_DEL_MAR-ATE_\" width=\"601\" height=\"464\" \/><\/a> <a href=\"http:\/\/www.atecordoba.org\/wp-content\/uploads\/2014\/11\/15-CAMBORIU-_CENTROMAR-ATE.jpg\"><img loading=\"lazy\" decoding=\"async\" class=\"aligncenter  wp-image-4797\" src=\"http:\/\/www.atecordoba.org\/wp-content\/uploads\/2014\/11\/15-CAMBORIU-_CENTROMAR-ATE.jpg\" alt=\"15-CAMBORIU-_CENTROMAR-ATE\" width=\"601\" height=\"464\" \/><\/a> <a href=\"http:\/\/www.atecordoba.org\/wp-content\/uploads\/2014\/11\/16-CAMBORIU-_CENTROMAR_-CAMA-ATE.jpg\"><img loading=\"lazy\" decoding=\"async\" class=\"aligncenter  wp-image-4798\" src=\"http:\/\/www.atecordoba.org\/wp-content\/uploads\/2014\/11\/16-CAMBORIU-_CENTROMAR_-CAMA-ATE.jpg\" alt=\"16-CAMBORIU-_CENTROMAR_-CAMA-ATE\" width=\"602\" height=\"465\" \/><\/a> <a href=\"http:\/\/www.atecordoba.org\/wp-content\/uploads\/2014\/11\/10-LA_FALDA_-_ANA_CLARA-ATE.jpg\"><img loading=\"lazy\" decoding=\"async\" class=\"aligncenter  wp-image-4792\" src=\"http:\/\/www.atecordoba.org\/wp-content\/uploads\/2014\/11\/10-LA_FALDA_-_ANA_CLARA-ATE.jpg\" alt=\"10-LA_FALDA_-_ANA_CLARA-ATE\" width=\"600\" height=\"464\" \/><\/a> <a href=\"http:\/\/www.atecordoba.org\/wp-content\/uploads\/2014\/11\/09-CARLOS_PAZ_-_SIALDORF-ATE.jpg\"><img loading=\"lazy\" decoding=\"async\" class=\"aligncenter  wp-image-4791\" src=\"http:\/\/www.atecordoba.org\/wp-content\/uploads\/2014\/11\/09-CARLOS_PAZ_-_SIALDORF-ATE.jpg\" alt=\"09-CARLOS_PAZ_-_SIALDORF-ATE\" width=\"600\" height=\"464\" \/><\/a> <a href=\"http:\/\/www.atecordoba.org\/wp-content\/uploads\/2014\/11\/08-LAS_GRUTAS_-_HOTEL_ACANTILADO-ATE.jpg\"><img loading=\"lazy\" decoding=\"async\" class=\"aligncenter  wp-image-4790\" src=\"http:\/\/www.atecordoba.org\/wp-content\/uploads\/2014\/11\/08-LAS_GRUTAS_-_HOTEL_ACANTILADO-ATE.jpg\" alt=\"08-LAS_GRUTAS_-_HOTEL_ACANTILADO-ATE\" width=\"600\" height=\"464\" \/><\/a> <a href=\"http:\/\/www.atecordoba.org\/wp-content\/uploads\/2014\/11\/07-LAS_GRUTAS_-_COMPLEJO_ACANTILADO-ATE.jpg\"><img loading=\"lazy\" decoding=\"async\" class=\"aligncenter  wp-image-4789\" src=\"http:\/\/www.atecordoba.org\/wp-content\/uploads\/2014\/11\/07-LAS_GRUTAS_-_COMPLEJO_ACANTILADO-ATE.jpg\" alt=\"07-LAS_GRUTAS_-_COMPLEJO_ACANTILADO-ATE\" width=\"600\" height=\"464\" \/><\/a> <a href=\"http:\/\/www.atecordoba.org\/wp-content\/uploads\/2014\/11\/06-_VILLA_GESELL_-_HOTEL_DON_CARLOS-ATE.jpg\"><img loading=\"lazy\" decoding=\"async\" class=\"aligncenter  wp-image-4788\" src=\"http:\/\/www.atecordoba.org\/wp-content\/uploads\/2014\/11\/06-_VILLA_GESELL_-_HOTEL_DON_CARLOS-ATE.jpg\" alt=\"06-_VILLA_GESELL_-_HOTEL_DON_CARLOS-ATE\" width=\"600\" height=\"463\" \/><\/a> <a href=\"http:\/\/www.atecordoba.org\/wp-content\/uploads\/2014\/11\/05-_VILLA_GESELL_-_HOTEL_CITY_MAR-_ATE.jpg\"><img loading=\"lazy\" decoding=\"async\" class=\"aligncenter  wp-image-4787\" src=\"http:\/\/www.atecordoba.org\/wp-content\/uploads\/2014\/11\/05-_VILLA_GESELL_-_HOTEL_CITY_MAR-_ATE.jpg\" alt=\"05-_VILLA_GESELL_-_HOTEL_CITY_MAR-_ATE\" width=\"600\" height=\"464\" \/><\/a> <a href=\"http:\/\/www.atecordoba.org\/wp-content\/uploads\/2014\/11\/31-BARILOCHE_-_CAMBRIA-ATE.jpg\"><img loading=\"lazy\" decoding=\"async\" class=\"aligncenter  wp-image-4781\" src=\"http:\/\/www.atecordoba.org\/wp-content\/uploads\/2014\/11\/31-BARILOCHE_-_CAMBRIA-ATE.jpg\" alt=\"31-BARILOCHE_-_CAMBRIA-ATE\" width=\"601\" height=\"464\" \/><\/a> <a href=\"http:\/\/www.atecordoba.org\/wp-content\/uploads\/2014\/11\/32-CATARATAS_-_LANVILLE-ATE-1.jpg\"><img loading=\"lazy\" decoding=\"async\" class=\"aligncenter  wp-image-4782\" src=\"http:\/\/www.atecordoba.org\/wp-content\/uploads\/2014\/11\/32-CATARATAS_-_LANVILLE-ATE-1.jpg\" alt=\"32-CATARATAS_-_LANVILLE-ATE (1)\" width=\"600\" height=\"464\" \/><\/a> <a href=\"http:\/\/www.atecordoba.org\/wp-content\/uploads\/2014\/11\/01-MAR_DEL_PLATA_-_MUSTANG_CENTRO-ATE.jpg\"><img loading=\"lazy\" decoding=\"async\" class=\"aligncenter  wp-image-4783\" src=\"http:\/\/www.atecordoba.org\/wp-content\/uploads\/2014\/11\/01-MAR_DEL_PLATA_-_MUSTANG_CENTRO-ATE.jpg\" alt=\"01-MAR_DEL_PLATA_-_MUSTANG_CENTRO-ATE\" width=\"601\" height=\"464\" \/><\/a> <a href=\"http:\/\/www.atecordoba.org\/wp-content\/uploads\/2014\/11\/02-MAR_DEL_PLATA_-_ESTOCOLMO-ATE.jpg\"><img loading=\"lazy\" decoding=\"async\" class=\"aligncenter  wp-image-4784\" src=\"http:\/\/www.atecordoba.org\/wp-content\/uploads\/2014\/11\/02-MAR_DEL_PLATA_-_ESTOCOLMO-ATE.jpg\" alt=\"02-MAR_DEL_PLATA_-_ESTOCOLMO-ATE\" width=\"599\" height=\"463\" \/><\/a> <a href=\"http:\/\/www.atecordoba.org\/wp-content\/uploads\/2014\/11\/03-MAR_DEL_PLATA_-_GARDEN-ATE.jpg\"><img loading=\"lazy\" decoding=\"async\" class=\"aligncenter  wp-image-4785\" src=\"http:\/\/www.atecordoba.org\/wp-content\/uploads\/2014\/11\/03-MAR_DEL_PLATA_-_GARDEN-ATE.jpg\" alt=\"03-MAR_DEL_PLATA_-_GARDEN-ATE\" width=\"600\" height=\"464\" \/><\/a> <a href=\"http:\/\/www.atecordoba.org\/wp-content\/uploads\/2014\/11\/04-MAR_DEL_PLATA_-_DOS_BAHIAS-ATE.jpg\"><img loading=\"lazy\" decoding=\"async\" class=\"aligncenter  wp-image-4786\" src=\"http:\/\/www.atecordoba.org\/wp-content\/uploads\/2014\/11\/04-MAR_DEL_PLATA_-_DOS_BAHIAS-ATE.jpg\" alt=\"04-MAR_DEL_PLATA_-_DOS_BAHIAS-ATE\" width=\"601\" height=\"464\" \/><\/a> <a href=\"http:\/\/www.atecordoba.org\/wp-content\/uploads\/2014\/11\/30-BARILOCHE_-_PRESIDENTE-ATE.jpg\"><img loading=\"lazy\" decoding=\"async\" class=\"aligncenter  wp-image-4780\" src=\"http:\/\/www.atecordoba.org\/wp-content\/uploads\/2014\/11\/30-BARILOCHE_-_PRESIDENTE-ATE.jpg\" alt=\"30-BARILOCHE_-_PRESIDENTE-ATE\" width=\"603\" height=\"466\" \/><\/a> <a href=\"http:\/\/www.atecordoba.org\/wp-content\/uploads\/2014\/11\/29-BARILOCHE_-_ANTARTIDA_-ATE.jpg\"><img loading=\"lazy\" decoding=\"async\" class=\"aligncenter  wp-image-4779\" src=\"http:\/\/www.atecordoba.org\/wp-content\/uploads\/2014\/11\/29-BARILOCHE_-_ANTARTIDA_-ATE.jpg\" alt=\"29-BARILOCHE_-_ANTARTIDA_-ATE\" width=\"600\" height=\"464\" \/><\/a> <a href=\"http:\/\/www.atecordoba.org\/wp-content\/uploads\/2014\/11\/28-LAGUNA_-_RAVENNA_CASSINO-ATE.jpg\"><img loading=\"lazy\" decoding=\"async\" class=\"aligncenter  wp-image-4778\" src=\"http:\/\/www.atecordoba.org\/wp-content\/uploads\/2014\/11\/28-LAGUNA_-_RAVENNA_CASSINO-ATE.jpg\" alt=\"28-LAGUNA_-_RAVENNA_CASSINO-ATE\" width=\"600\" height=\"464\" \/><\/a> <a href=\"http:\/\/www.atecordoba.org\/wp-content\/uploads\/2014\/11\/26-TORRES_-DE_ROSE_PRAIA-ATE.jpg\"><img loading=\"lazy\" decoding=\"async\" class=\"aligncenter  wp-image-4777\" src=\"http:\/\/www.atecordoba.org\/wp-content\/uploads\/2014\/11\/26-TORRES_-DE_ROSE_PRAIA-ATE.jpg\" alt=\"26-TORRES_-DE_ROSE_PRAIA-ATE\" width=\"601\" height=\"464\" \/><\/a> <a href=\"http:\/\/www.atecordoba.org\/wp-content\/uploads\/2014\/11\/25-TORRES_-DE_ROSE_PALACE_-ATE.jpg\"><img loading=\"lazy\" decoding=\"async\" class=\"aligncenter  wp-image-4776\" src=\"http:\/\/www.atecordoba.org\/wp-content\/uploads\/2014\/11\/25-TORRES_-DE_ROSE_PALACE_-ATE.jpg\" alt=\"25-TORRES_-DE_ROSE_PALACE_-ATE\" width=\"601\" height=\"464\" \/><\/a> <a href=\"http:\/\/www.atecordoba.org\/wp-content\/uploads\/2014\/11\/24-FLORIANOPOLIS_-_VARADERO-ATE.jpg\"><img loading=\"lazy\" decoding=\"async\" class=\"aligncenter  wp-image-4775\" src=\"http:\/\/www.atecordoba.org\/wp-content\/uploads\/2014\/11\/24-FLORIANOPOLIS_-_VARADERO-ATE.jpg\" alt=\"24-FLORIANOPOLIS_-_VARADERO-ATE\" width=\"600\" height=\"464\" \/><\/a> <a href=\"http:\/\/www.atecordoba.org\/wp-content\/uploads\/2014\/11\/23-FLORIANOPOLIS_-_SAN_DIEGO-ATE-1-e1415997807939.jpg\"><img loading=\"lazy\" decoding=\"async\" class=\"aligncenter size-full wp-image-4774\" src=\"http:\/\/www.atecordoba.org\/wp-content\/uploads\/2014\/11\/23-FLORIANOPOLIS_-_SAN_DIEGO-ATE-1-e1415997807939.jpg\" alt=\"23-FLORIANOPOLIS_-_SAN_DIEGO-ATE (1)\" width=\"600\" height=\"464\" \/><\/a><\/p>\n","protected":false},"excerpt":{"rendered":"<p>Los convenios que suscribi\u00f3 ATE C\u00f3rdoba este a\u00f1o incluyen sitios tur\u00edsticos nacionales y extranjeros. Los interesados deben dirigirse a nuestra sede, Entre R\u00edos 450, o comunicarse al 0351-4257926\/4232748 o via mail a\u00a0atecbaturismo@hotmail.com\u00a0<\/p>\n","protected":false},"author":1,"featured_media":19220,"comment_status":"open","ping_status":"open","sticky":false,"template":"","format":"standard","meta":{"_exactmetrics_skip_tracking":false,"_exactmetrics_sitenote_active":false,"_exactmetrics_sitenote_note":"","_exactmetrics_sitenote_category":0,"jnews-multi-image_gallery":[],"jnews_single_post":[],"jnews_primary_category":[],"jnews_social_meta":[],"jnews_review":[],"enable_review":"","type":"","name":"","summary":"","brand":"","sku":"","good":[],"bad":[],"score_override":"","override_value":"","rating":[],"price":[],"jnews_override_counter":[],"jnews_post_split":[],"footnotes":""},"categories":[75,86],"tags":[],"class_list":["post-4738","post","type-post","status-publish","format-standard","has-post-thumbnail","hentry","category-accion-social","category-turismo"],"jetpack_featured_media_url":"https:\/\/atecordoba.org\/wp-content\/uploads\/2020\/05\/logo-nuevochico-e1561581322808.png","_links":{"self":[{"href":"https:\/\/atecordoba.org\/index.php?rest_route=\/wp\/v2\/posts\/4738","targetHints":{"allow":["GET"]}}],"collection":[{"href":"https:\/\/atecordoba.org\/index.php?rest_route=\/wp\/v2\/posts"}],"about":[{"href":"https:\/\/atecordoba.org\/index.php?rest_route=\/wp\/v2\/types\/post"}],"author":[{"embeddable":true,"href":"https:\/\/atecordoba.org\/index.php?rest_route=\/wp\/v2\/users\/1"}],"replies":[{"embeddable":true,"href":"https:\/\/atecordoba.org\/index.php?rest_route=%2Fwp%2Fv2%2Fcomments&post=4738"}],"version-history":[{"count":0,"href":"https:\/\/atecordoba.org\/index.php?rest_route=\/wp\/v2\/posts\/4738\/revisions"}],"wp:featuredmedia":[{"embeddable":true,"href":"https:\/\/atecordoba.org\/index.php?rest_route=\/wp\/v2\/media\/19220"}],"wp:attachment":[{"href":"https:\/\/atecordoba.org\/index.php?rest_route=%2Fwp%2Fv2%2Fmedia&parent=4738"}],"wp:term":[{"taxonomy":"category","embeddable":true,"href":"https:\/\/atecordoba.org\/index.php?rest_route=%2Fwp%2Fv2%2Fcategories&post=4738"},{"taxonomy":"post_tag","embeddable":true,"href":"https:\/\/atecordoba.org\/index.php?rest_route=%2Fwp%2Fv2%2Ftags&post=4738"}],"curies":[{"name":"wp","href":"https:\/\/api.w.org\/{rel}","templated":true}]}}