{"id":47363,"date":"2025-01-16T10:45:00","date_gmt":"2025-01-16T13:45:00","guid":{"rendered":"https:\/\/atecordoba.org\/?p=47363"},"modified":"2025-01-16T11:27:24","modified_gmt":"2025-01-16T14:27:24","slug":"el-remate-de-fabricaciones-militares-otro-paso-hacia-la-entrega-de-nuestra-soberania","status":"publish","type":"post","link":"https:\/\/atecordoba.org\/?p=47363","title":{"rendered":"El remate de Fabricaciones Militares en San Juan: otro paso hacia la entrega de nuestra soberan\u00eda"},"content":{"rendered":"<h3><\/h3>\n<p><a href=\"https:\/\/atecordoba.org\/wp-content\/uploads\/2025\/01\/74b3cb52-2f59-4520-9ba1-6abad55fc1ec.jpg\"><img loading=\"lazy\" decoding=\"async\" class=\"alignnone wp-image-47370 size-full\" src=\"https:\/\/atecordoba.org\/wp-content\/uploads\/2025\/01\/74b3cb52-2f59-4520-9ba1-6abad55fc1ec.jpg\" alt=\"\" width=\"900\" height=\"1600\" srcset=\"https:\/\/atecordoba.org\/wp-content\/uploads\/2025\/01\/74b3cb52-2f59-4520-9ba1-6abad55fc1ec.jpg 900w, https:\/\/atecordoba.org\/wp-content\/uploads\/2025\/01\/74b3cb52-2f59-4520-9ba1-6abad55fc1ec-169x300.jpg 169w, https:\/\/atecordoba.org\/wp-content\/uploads\/2025\/01\/74b3cb52-2f59-4520-9ba1-6abad55fc1ec-576x1024.jpg 576w, https:\/\/atecordoba.org\/wp-content\/uploads\/2025\/01\/74b3cb52-2f59-4520-9ba1-6abad55fc1ec-768x1365.jpg 768w, https:\/\/atecordoba.org\/wp-content\/uploads\/2025\/01\/74b3cb52-2f59-4520-9ba1-6abad55fc1ec-864x1536.jpg 864w, https:\/\/atecordoba.org\/wp-content\/uploads\/2025\/01\/74b3cb52-2f59-4520-9ba1-6abad55fc1ec-750x1333.jpg 750w\" sizes=\"auto, (max-width: 900px) 100vw, 900px\" \/><\/a><\/p>\n<p>Desde ATE C\u00f3rdoba denunciamos con firmeza las pol\u00edticas de desmantelamiento estatal que el gobierno nacional, encabezado por Javier Milei, est\u00e1 llevando adelante. La reciente decisi\u00f3n de subastar bienes de <strong>Fabricaciones Militares<\/strong> y terrenos estrat\u00e9gicos del Estado no solo implica una p\u00e9rdida patrimonial invaluable, sino que atenta directamente contra nuestra soberan\u00eda.<\/p>\n<p><a href=\"https:\/\/atecordoba.org\/wp-content\/uploads\/2025\/01\/fb4261e8-2fe1-485f-b26a-fbd4a9b98b14.jpg\"><img loading=\"lazy\" decoding=\"async\" class=\"size-medium wp-image-47372 alignleft\" src=\"https:\/\/atecordoba.org\/wp-content\/uploads\/2025\/01\/fb4261e8-2fe1-485f-b26a-fbd4a9b98b14-225x300.jpg\" alt=\"\" width=\"225\" height=\"300\" srcset=\"https:\/\/atecordoba.org\/wp-content\/uploads\/2025\/01\/fb4261e8-2fe1-485f-b26a-fbd4a9b98b14-225x300.jpg 225w, https:\/\/atecordoba.org\/wp-content\/uploads\/2025\/01\/fb4261e8-2fe1-485f-b26a-fbd4a9b98b14-768x1024.jpg 768w, https:\/\/atecordoba.org\/wp-content\/uploads\/2025\/01\/fb4261e8-2fe1-485f-b26a-fbd4a9b98b14-1152x1536.jpg 1152w, https:\/\/atecordoba.org\/wp-content\/uploads\/2025\/01\/fb4261e8-2fe1-485f-b26a-fbd4a9b98b14-750x1000.jpg 750w, https:\/\/atecordoba.org\/wp-content\/uploads\/2025\/01\/fb4261e8-2fe1-485f-b26a-fbd4a9b98b14-1140x1520.jpg 1140w, https:\/\/atecordoba.org\/wp-content\/uploads\/2025\/01\/fb4261e8-2fe1-485f-b26a-fbd4a9b98b14.jpg 1200w\" sizes=\"auto, (max-width: 225px) 100vw, 225px\" \/><\/a>Los bienes que ser\u00e1n subastados ser\u00e1n de la <strong>F\u00e1brica de Explosivos San Jos\u00e9 de J\u00e1chal<\/strong>, ubicada en la provincia de San Juan. Este establecimiento, clave para la producci\u00f3n de insumos estrat\u00e9gicos en miner\u00eda y otras industrias, ahora figura como parte del paquete de bienes que el gobierno nacional planea rematar.<\/p>\n<p>Esta acci\u00f3n no solo representa la p\u00e9rdida de una planta con capacidades t\u00e9cnicas \u00fanicas en el pa\u00eds, sino que tambi\u00e9n pone en riesgo la soberan\u00eda productiva en un sector esencial para el desarrollo econ\u00f3mico y la generaci\u00f3n de empleo.<\/p>\n<p>&nbsp;<\/p>\n<p>&nbsp;<\/p>\n<p>Entre los bienes que saldr\u00e1n a remate en los \u00faltimos d\u00edas de enero, se incluyen veh\u00edculos, contenedores habitables, muebles y equipos de miner\u00eda. La subasta ser\u00e1 organizada por el Banco Ciudad, siguiendo instrucciones del directorio de Fabricaciones Militares. Sin embargo, detr\u00e1s de esta aparente operaci\u00f3n administrativa, se esconde un plan de ajuste que busca recaudar cerca de <strong>mil millones de d\u00f3lares<\/strong> a costa del patrimonio p\u00fablico.<\/p>\n<h3><strong>La entrega del Estado: terrenos estrat\u00e9gicos en la mira<\/strong><\/h3>\n<p><a href=\"https:\/\/atecordoba.org\/wp-content\/uploads\/2025\/01\/66cc77fe12810_750x500.jpg\"><img loading=\"lazy\" decoding=\"async\" class=\"alignnone wp-image-47365 size-full\" src=\"https:\/\/atecordoba.org\/wp-content\/uploads\/2025\/01\/66cc77fe12810_750x500.jpg\" alt=\"\" width=\"750\" height=\"500\" srcset=\"https:\/\/atecordoba.org\/wp-content\/uploads\/2025\/01\/66cc77fe12810_750x500.jpg 750w, https:\/\/atecordoba.org\/wp-content\/uploads\/2025\/01\/66cc77fe12810_750x500-300x200.jpg 300w\" sizes=\"auto, (max-width: 750px) 100vw, 750px\" \/><\/a><\/p>\n<p>El plan libertario no se limita a Fabricaciones Militares. Seg\u00fan se ha informado, m\u00e1s de <strong>200 terrenos e inmuebles<\/strong> del Estado ser\u00e1n puestos en venta sin pasar por el Congreso. Adem\u00e1s de la F\u00e1brica Militar de San Juan, se destacan propiedades emblem\u00e1ticas como:<\/p>\n<ul>\n<li>El <strong>Campo H\u00edpico Militar<\/strong> y terrenos del Regimiento de Patricios.<\/li>\n<li>Espacios pertenecientes a universidades nacionales, como el predio de Tecn\u00f3polis.<\/li>\n<li>Tierras ferroviarias y predios estrat\u00e9gicos en provincias como Mendoza y C\u00f3rdoba, incluyendo la <strong>F\u00e1brica Militar R\u00edo Tercero<\/strong>.<\/li>\n<\/ul>\n<p>En C\u00f3rdoba, las alarmas se encendieron tras la visita del ministro de Defensa, Luis Petri, a las instalaciones de Fabricaciones Militares junto a representantes del Departamento de Defensa de Estados Unidos. Esto refuerza nuestras sospechas de que este desmantelamiento est\u00e1 siendo orquestado para beneficiar intereses extranjeros y privados, dejando a las y los trabajadores y a la soberan\u00eda nacional en el olvido.<\/p>\n<h3><strong>Fabricaciones Militares: un patrimonio estrat\u00e9gico en riesgo<\/strong><\/h3>\n<p><a href=\"https:\/\/atecordoba.org\/wp-content\/uploads\/2025\/01\/fm-rio3.jpeg\"><img loading=\"lazy\" decoding=\"async\" class=\"size-medium wp-image-47368 alignleft\" src=\"https:\/\/atecordoba.org\/wp-content\/uploads\/2025\/01\/fm-rio3-242x300.jpeg\" alt=\"\" width=\"242\" height=\"300\" srcset=\"https:\/\/atecordoba.org\/wp-content\/uploads\/2025\/01\/fm-rio3-242x300.jpeg 242w, https:\/\/atecordoba.org\/wp-content\/uploads\/2025\/01\/fm-rio3-768x951.jpeg 768w, https:\/\/atecordoba.org\/wp-content\/uploads\/2025\/01\/fm-rio3-750x929.jpeg 750w, https:\/\/atecordoba.org\/wp-content\/uploads\/2025\/01\/fm-rio3.jpeg 827w\" sizes=\"auto, (max-width: 242px) 100vw, 242px\" \/><\/a>La venta de bienes no es un hecho aislado, sino parte de un proceso de achicamiento que viene avanzando desde gestiones anteriores. Sin embargo, las medidas actuales alcanzan un nivel sin precedentes, tomando decisiones amparadas en decretos de dudosa legalidad que eliminan la participaci\u00f3n del Congreso.<\/p>\n<p>Las tierras y bienes que hoy se subastan no solo tienen valor econ\u00f3mico; son recursos estrat\u00e9gicos para el desarrollo de pol\u00edticas p\u00fablicas y la defensa nacional.<\/p>\n<h3><\/h3>\n<h3><\/h3>\n<h3><strong>Nuestra postura desde ATE C\u00f3rdoba<\/strong><\/h3>\n<p><a href=\"https:\/\/atecordoba.org\/wp-content\/uploads\/2025\/01\/10000392806776570203328549261-1024x768-1.jpg\"><img loading=\"lazy\" decoding=\"async\" class=\"alignnone wp-image-47367 size-full\" src=\"https:\/\/atecordoba.org\/wp-content\/uploads\/2025\/01\/10000392806776570203328549261-1024x768-1.jpg\" alt=\"\" width=\"1024\" height=\"768\" srcset=\"https:\/\/atecordoba.org\/wp-content\/uploads\/2025\/01\/10000392806776570203328549261-1024x768-1.jpg 1024w, https:\/\/atecordoba.org\/wp-content\/uploads\/2025\/01\/10000392806776570203328549261-1024x768-1-300x225.jpg 300w, https:\/\/atecordoba.org\/wp-content\/uploads\/2025\/01\/10000392806776570203328549261-1024x768-1-768x576.jpg 768w, https:\/\/atecordoba.org\/wp-content\/uploads\/2025\/01\/10000392806776570203328549261-1024x768-1-750x563.jpg 750w\" sizes=\"auto, (max-width: 1024px) 100vw, 1024px\" \/><\/a><\/p>\n<p>Desde nuestro sindicato, repudiamos en\u00e9rgicamente estas decisiones que priorizan intereses de mercado sobre los derechos de las y los argentinos. Nos comprometemos a seguir visibilizando estas pol\u00edticas de entrega y convocamos a todas las organizaciones y sectores sociales a sumarse a la defensa de nuestro patrimonio y soberan\u00eda.<\/p>\n<p>\ud83d\udcac <strong>Seguiremos luchando por un Estado que sea garant\u00eda de derechos, no un bot\u00edn para intereses privados.<\/strong><\/p>\n","protected":false},"excerpt":{"rendered":"<p>Desde ATE C\u00f3rdoba denunciamos con firmeza las pol\u00edticas de desmantelamiento estatal que el gobierno nacional, encabezado por Javier Milei, est\u00e1 llevando adelante. La reciente decisi\u00f3n de subastar bienes de Fabricaciones Militares y terrenos estrat\u00e9gicos del Estado no solo implica una p\u00e9rdida patrimonial invaluable, sino que atenta directamente contra nuestra soberan\u00eda. Los bienes que ser\u00e1n subastados [&hellip;]<\/p>\n","protected":false},"author":3,"featured_media":47370,"comment_status":"open","ping_status":"open","sticky":false,"template":"","format":"standard","meta":{"_exactmetrics_skip_tracking":false,"_exactmetrics_sitenote_active":false,"_exactmetrics_sitenote_note":"","_exactmetrics_sitenote_category":0,"jnews-multi-image_gallery":[],"jnews_single_post":{"format":"standard","override":[{"template":"1","parallax":"1","fullscreen":"1","layout":"no-sidebar-narrow","sidebar":"default-sidebar","second_sidebar":"default-sidebar","sticky_sidebar":"1","share_position":"bottom","share_float_style":"share-monocrhome","show_share_counter":"1","show_view_counter":"1","show_post_meta":"1","show_post_author_image":"1","show_post_date":"1","post_date_format":"default","post_date_format_custom":"Y\/m\/d","show_post_category":"1","show_post_reading_time":"0","post_reading_time_wpm":"300","post_calculate_word_method":"str_word_count","show_zoom_button":"0","zoom_button_out_step":"2","zoom_button_in_step":"3","show_post_tag":"1","number_popup_post":"1","show_post_related":"1","show_inline_post_related":"0"}],"image_override":[{"single_post_thumbnail_size":"crop-500","single_post_gallery_size":"crop-500"}],"trending_post_position":"meta","trending_post_label":"Trending","sponsored_post_label":"Sponsored by","disable_ad":"0"},"jnews_primary_category":[],"jnews_social_meta":[],"jnews_review":[],"enable_review":"","type":"percentage","name":"","summary":"","brand":"","sku":"","good":[],"bad":[],"score_override":"","override_value":"","rating":[],"price":[],"jnews_override_counter":{"view_counter_number":"0","share_counter_number":"0","like_counter_number":"0","dislike_counter_number":"0"},"jnews_post_split":{"post_split":[{"template":"1","tag":"h2","numbering":"asc","mode":"normal","first":"0","enable_toc":"0","toc_type":"normal"}]},"footnotes":""},"categories":[18],"tags":[],"class_list":["post-47363","post","type-post","status-publish","format-standard","has-post-thumbnail","hentry","category-nacionales"],"jetpack_featured_media_url":"https:\/\/atecordoba.org\/wp-content\/uploads\/2025\/01\/74b3cb52-2f59-4520-9ba1-6abad55fc1ec.jpg","_links":{"self":[{"href":"https:\/\/atecordoba.org\/index.php?rest_route=\/wp\/v2\/posts\/47363","targetHints":{"allow":["GET"]}}],"collection":[{"href":"https:\/\/atecordoba.org\/index.php?rest_route=\/wp\/v2\/posts"}],"about":[{"href":"https:\/\/atecordoba.org\/index.php?rest_route=\/wp\/v2\/types\/post"}],"author":[{"embeddable":true,"href":"https:\/\/atecordoba.org\/index.php?rest_route=\/wp\/v2\/users\/3"}],"replies":[{"embeddable":true,"href":"https:\/\/atecordoba.org\/index.php?rest_route=%2Fwp%2Fv2%2Fcomments&post=47363"}],"version-history":[{"count":5,"href":"https:\/\/atecordoba.org\/index.php?rest_route=\/wp\/v2\/posts\/47363\/revisions"}],"predecessor-version":[{"id":47375,"href":"https:\/\/atecordoba.org\/index.php?rest_route=\/wp\/v2\/posts\/47363\/revisions\/47375"}],"wp:featuredmedia":[{"embeddable":true,"href":"https:\/\/atecordoba.org\/index.php?rest_route=\/wp\/v2\/media\/47370"}],"wp:attachment":[{"href":"https:\/\/atecordoba.org\/index.php?rest_route=%2Fwp%2Fv2%2Fmedia&parent=47363"}],"wp:term":[{"taxonomy":"category","embeddable":true,"href":"https:\/\/atecordoba.org\/index.php?rest_route=%2Fwp%2Fv2%2Fcategories&post=47363"},{"taxonomy":"post_tag","embeddable":true,"href":"https:\/\/atecordoba.org\/index.php?rest_route=%2Fwp%2Fv2%2Ftags&post=47363"}],"curies":[{"name":"wp","href":"https:\/\/api.w.org\/{rel}","templated":true}]}}