{"id":47360,"date":"2025-01-16T10:28:02","date_gmt":"2025-01-16T13:28:02","guid":{"rendered":"https:\/\/atecordoba.org\/?p=47360"},"modified":"2025-01-16T10:28:02","modified_gmt":"2025-01-16T13:28:02","slug":"jornadas-de-lucha-en-parques-nacionales-se-organiza-una-actividad-nacional-en-cordoba","status":"publish","type":"post","link":"https:\/\/atecordoba.org\/?p=47360","title":{"rendered":"Jornadas de Lucha en Parques Nacionales: Se organiza una actividad nacional en C\u00f3rdoba"},"content":{"rendered":"<p><a href=\"https:\/\/atecordoba.org\/wp-content\/uploads\/2025\/01\/parques-nacionales2-1024x576-1.jpg\"><img loading=\"lazy\" decoding=\"async\" class=\"alignnone wp-image-47361 size-full\" src=\"https:\/\/atecordoba.org\/wp-content\/uploads\/2025\/01\/parques-nacionales2-1024x576-1.jpg\" alt=\"\" width=\"1024\" height=\"576\" srcset=\"https:\/\/atecordoba.org\/wp-content\/uploads\/2025\/01\/parques-nacionales2-1024x576-1.jpg 1024w, https:\/\/atecordoba.org\/wp-content\/uploads\/2025\/01\/parques-nacionales2-1024x576-1-300x169.jpg 300w, https:\/\/atecordoba.org\/wp-content\/uploads\/2025\/01\/parques-nacionales2-1024x576-1-768x432.jpg 768w, https:\/\/atecordoba.org\/wp-content\/uploads\/2025\/01\/parques-nacionales2-1024x576-1-750x422.jpg 750w\" sizes=\"auto, (max-width: 1024px) 100vw, 1024px\" \/><\/a><\/p>\n<p>En el marco de las <strong>jornadas de lucha de Parques Nacionales<\/strong>, declaradas el pasado 15 de enero, desde el sector de Parques Nacionales de C\u00f3rdoba se est\u00e1 organizando una importante actividad para el pr\u00f3ximo <strong>s\u00e1bado 18 de enero en Carlos Paz<\/strong>.<\/p>\n<p>La actividad es organizada por <strong>Mar\u00eda Llorens<\/strong>, vocal del Consejo Directivo Provincial y delegada del sector, junto con las y los compa\u00f1eros de parques nacionales de las regiones deTraslasierra, Centro y alrededores como <strong>Talampaya<\/strong> y <strong>Quebrada del Condorito.<\/strong><\/p>\n<p><strong>Problem\u00e1ticas del sector: Motivos de la lucha<\/strong><\/p>\n<p>Durante la reuni\u00f3n previa, se discutieron las principales problem\u00e1ticas que afectan al sector, entre las que se destacan:<\/p>\n<ol>\n<li><strong>Cierre de la mesa de negociaci\u00f3n colectiva<\/strong><br \/>\nEl directorio de Parques Nacionales cerr\u00f3 la mesa de negociaci\u00f3n que buscaba la reincorporaci\u00f3n de los trabajadores despedidos. Esta decisi\u00f3n se produjo tras la denuncia p\u00fablica de un gasto excesivo del presidente de Parques Nacionales en un almuerzo durante el incendio en Nahuel Huap\u00ed, cuyo costo equivale al salario mensual de un brigadista.<\/li>\n<li><strong>Contratos en riesgo<\/strong><br \/>\nActualmente, casi la mitad de la planta de Parques Nacionales est\u00e1 compuesta por trabajadores contratados. Sin embargo, los contratos para este a\u00f1o a\u00fan no han sido enviados para su firma, lo que genera una gran incertidumbre laboral.<\/li>\n<li><strong>Eliminaci\u00f3n del agrupamiento de Ciencia y T\u00e9cnica<\/strong><br \/>\nSe ha informado que el agrupamiento de Ciencia y T\u00e9cnica dejar\u00e1 de existir dentro de Parques Nacionales, afectando a un importante n\u00famero de trabajadores especializados. Esta decisi\u00f3n forma parte de un plan de <strong>achicamiento de 400 puestos de trabajo<\/strong>, lo que anticipa una preocupante ola de despidos masivos.<\/li>\n<li><strong>Reorganizaci\u00f3n del sector y activaci\u00f3n sindical<\/strong><br \/>\nAunque la lucha comenz\u00f3 en 2024, en este inicio de 2025 los diferentes agrupamientos dentro de Parques Nacionales est\u00e1n intensificando las acciones para enfrentar este ajuste.<\/li>\n<\/ol>\n<h4><strong>Llamado a la unidad y movilizaci\u00f3n<\/strong><\/h4>\n<p>Desde ATE C\u00f3rdoba reafirmamos nuestro compromiso con las y los trabajadores de Parques Nacionales, apoyando esta jornada de lucha y la organizaci\u00f3n de actividades nacionales que visibilicen las injusticias y defiendan los derechos laborales de todas y todos.<\/p>\n<p>\ud83d\udccc <strong>Seguiremos informando sobre las resoluciones y acciones del pr\u00f3ximo s\u00e1bado 18.<\/strong><\/p>\n<p>\u270a <strong>Unidos y organizados por un Parques Nacionales con trabajo digno y estable para sus trabajadores.<\/strong><\/p>\n","protected":false},"excerpt":{"rendered":"<p>En el marco de las jornadas de lucha de Parques Nacionales, declaradas el pasado 15 de enero, desde el sector de Parques Nacionales de C\u00f3rdoba se est\u00e1 organizando una importante actividad para el pr\u00f3ximo s\u00e1bado 18 de enero en Carlos Paz. La actividad es organizada por Mar\u00eda Llorens, vocal del Consejo Directivo Provincial y delegada [&hellip;]<\/p>\n","protected":false},"author":3,"featured_media":47361,"comment_status":"open","ping_status":"open","sticky":false,"template":"","format":"standard","meta":{"_exactmetrics_skip_tracking":false,"_exactmetrics_sitenote_active":false,"_exactmetrics_sitenote_note":"","_exactmetrics_sitenote_category":0,"jnews-multi-image_gallery":[],"jnews_single_post":{"format":"standard","override":[{"template":"1","parallax":"1","fullscreen":"1","layout":"no-sidebar-narrow","sidebar":"default-sidebar","second_sidebar":"default-sidebar","sticky_sidebar":"1","share_position":"bottom","share_float_style":"share-monocrhome","show_share_counter":"1","show_view_counter":"1","show_post_meta":"1","show_post_author_image":"1","show_post_date":"1","post_date_format":"default","post_date_format_custom":"Y\/m\/d","show_post_category":"1","show_post_reading_time":"0","post_reading_time_wpm":"300","post_calculate_word_method":"str_word_count","show_zoom_button":"0","zoom_button_out_step":"2","zoom_button_in_step":"3","show_post_tag":"1","number_popup_post":"1","show_post_related":"1","show_inline_post_related":"0"}],"image_override":[{"single_post_thumbnail_size":"crop-500","single_post_gallery_size":"crop-500"}],"trending_post_position":"meta","trending_post_label":"Trending","sponsored_post_label":"Sponsored by","disable_ad":"0"},"jnews_primary_category":[],"jnews_social_meta":[],"jnews_review":[],"enable_review":"","type":"percentage","name":"","summary":"","brand":"","sku":"","good":[],"bad":[],"score_override":"","override_value":"","rating":[],"price":[],"jnews_override_counter":{"view_counter_number":"0","share_counter_number":"0","like_counter_number":"0","dislike_counter_number":"0"},"jnews_post_split":{"post_split":[{"template":"1","tag":"h2","numbering":"asc","mode":"normal","first":"0","enable_toc":"0","toc_type":"normal"}]},"footnotes":""},"categories":[96],"tags":[],"class_list":["post-47360","post","type-post","status-publish","format-standard","has-post-thumbnail","hentry","category-parques-nacionales-2"],"jetpack_featured_media_url":"https:\/\/atecordoba.org\/wp-content\/uploads\/2025\/01\/parques-nacionales2-1024x576-1.jpg","_links":{"self":[{"href":"https:\/\/atecordoba.org\/index.php?rest_route=\/wp\/v2\/posts\/47360","targetHints":{"allow":["GET"]}}],"collection":[{"href":"https:\/\/atecordoba.org\/index.php?rest_route=\/wp\/v2\/posts"}],"about":[{"href":"https:\/\/atecordoba.org\/index.php?rest_route=\/wp\/v2\/types\/post"}],"author":[{"embeddable":true,"href":"https:\/\/atecordoba.org\/index.php?rest_route=\/wp\/v2\/users\/3"}],"replies":[{"embeddable":true,"href":"https:\/\/atecordoba.org\/index.php?rest_route=%2Fwp%2Fv2%2Fcomments&post=47360"}],"version-history":[{"count":1,"href":"https:\/\/atecordoba.org\/index.php?rest_route=\/wp\/v2\/posts\/47360\/revisions"}],"predecessor-version":[{"id":47362,"href":"https:\/\/atecordoba.org\/index.php?rest_route=\/wp\/v2\/posts\/47360\/revisions\/47362"}],"wp:featuredmedia":[{"embeddable":true,"href":"https:\/\/atecordoba.org\/index.php?rest_route=\/wp\/v2\/media\/47361"}],"wp:attachment":[{"href":"https:\/\/atecordoba.org\/index.php?rest_route=%2Fwp%2Fv2%2Fmedia&parent=47360"}],"wp:term":[{"taxonomy":"category","embeddable":true,"href":"https:\/\/atecordoba.org\/index.php?rest_route=%2Fwp%2Fv2%2Fcategories&post=47360"},{"taxonomy":"post_tag","embeddable":true,"href":"https:\/\/atecordoba.org\/index.php?rest_route=%2Fwp%2Fv2%2Ftags&post=47360"}],"curies":[{"name":"wp","href":"https:\/\/api.w.org\/{rel}","templated":true}]}}