{"id":47355,"date":"2025-01-15T13:20:28","date_gmt":"2025-01-15T16:20:28","guid":{"rendered":"https:\/\/atecordoba.org\/?p=47355"},"modified":"2025-01-15T13:48:11","modified_gmt":"2025-01-15T16:48:11","slug":"entrevista-por-los-100-anos-de-ate-a-pesar-de-las-adversidades-de-la-coyuntura-actual-estamos-celebrando-100-anos-de-resistencia-y-conquistas","status":"publish","type":"post","link":"https:\/\/atecordoba.org\/?p=47355","title":{"rendered":"Entrevista por los 100 a\u00f1os de ATE: &#8220;A pesar de las adversidades de la coyuntura actual, estamos celebrando 100 a\u00f1os de resistencia y conquistas&#8221;"},"content":{"rendered":"<p><a href=\"https:\/\/atecordoba.org\/wp-content\/uploads\/2025\/01\/julia2-1140x2019-1.jpg\"><img loading=\"lazy\" decoding=\"async\" class=\"alignnone wp-image-47347 size-large\" src=\"https:\/\/atecordoba.org\/wp-content\/uploads\/2025\/01\/julia2-1140x2019-1-1024x910.jpg\" alt=\"\" width=\"1024\" height=\"910\" srcset=\"https:\/\/atecordoba.org\/wp-content\/uploads\/2025\/01\/julia2-1140x2019-1-1024x910.jpg 1024w, https:\/\/atecordoba.org\/wp-content\/uploads\/2025\/01\/julia2-1140x2019-1-300x267.jpg 300w, https:\/\/atecordoba.org\/wp-content\/uploads\/2025\/01\/julia2-1140x2019-1-768x682.jpg 768w, https:\/\/atecordoba.org\/wp-content\/uploads\/2025\/01\/julia2-1140x2019-1-750x666.jpg 750w, https:\/\/atecordoba.org\/wp-content\/uploads\/2025\/01\/julia2-1140x2019-1.jpg 1140w\" sizes=\"auto, (max-width: 1024px) 100vw, 1024px\" \/><\/a><\/p>\n<p>En el marco del centenario de la Asociaci\u00f3n Trabajadores del Estado (ATE), nuestra secretaria de prensa, Julia Giuliani, fue entrevistada por Radio Sur FM 90.1 de C\u00f3rdoba. En un di\u00e1logo cercano y enriquecedor, Giuliani comparti\u00f3 reflexiones sobre el legado hist\u00f3rico del sindicato y los desaf\u00edos que enfrenta en el contexto actual. A continuaci\u00f3n, destacamos los momentos m\u00e1s relevantes de la entrevista:<\/p>\n<p><strong>Periodista:<\/strong> Estamos en el aniversario de ATE, una de las historias de lucha m\u00e1s largas del sindicalismo argentino. \u00bfC\u00f3mo celebran este hito?<\/p>\n<p><strong>Julia Giuliani:<\/strong> \u00a1Buenos d\u00edas! Es un placer estar aqu\u00ed, celebrando estos 100 a\u00f1os de resistencia y conquistas. Es un momento de orgullo, pero tambi\u00e9n de reflexi\u00f3n. A lo largo de nuestra historia hemos enfrentado grandes desaf\u00edos, y este aniversario nos recuerda que seguimos firmes en nuestra misi\u00f3n de defender los derechos de las y los trabajadores estatales en todo el pa\u00eds. Es una oportunidad para mirar hacia atr\u00e1s, valorar los logros y redoblar esfuerzos para lo que viene.<\/p>\n<p><strong>Periodista:<\/strong> Con el contexto actual, \u00bfc\u00f3mo enfrentan los desaf\u00edos?<\/p>\n<p><strong>Julia Giuliani:<\/strong> Los desaf\u00edos son constantes. Enfrentamos conflictos salariales, la precarizaci\u00f3n laboral y el intento de recortes en los derechos conquistados. Pero ATE siempre ha estado en la primera l\u00ednea, demostrando que la unidad y la lucha son nuestras mayores herramientas. Hoy, m\u00e1s que nunca, necesitamos la participaci\u00f3n activa de las y los trabajadores. Este centenario no solo es una celebraci\u00f3n; es tambi\u00e9n un recordatorio de que la lucha contin\u00faa.<\/p>\n<p><strong>Periodista:<\/strong> \u00bfC\u00f3mo describir\u00edas la historia y la evoluci\u00f3n de ATE a lo largo de los a\u00f1os?<\/p>\n<p><strong>Julia Giuliani:<\/strong> La historia de ATE es la historia de la clase trabajadora argentina. Desde su fundaci\u00f3n en 1925, hemos atravesado gobiernos democr\u00e1ticos y dictaduras, siempre manteniendo nuestra autonom\u00eda y un esp\u00edritu combativo. ATE naci\u00f3 como un sindicato federal, inclusivo y solidario, y esos valores nos gu\u00edan hasta hoy bajo la conducci\u00f3n de nuestro secretario general rionegrino Rodolfo Aguiar desde 2023, continuamos esta tradici\u00f3n federal y de defensa sindical.. Durante estos 100 a\u00f1os hemos logrado conquistas significativas, pero tambi\u00e9n hemos aprendido a resistir en los momentos m\u00e1s dif\u00edciles. Es un legado que nos llena de orgullo y nos impulsa a seguir adelante.<\/p>\n<p><strong>Periodista:<\/strong> \u00bfCu\u00e1les son los pr\u00f3ximos pasos para ATE despu\u00e9s de estos 100 a\u00f1os?<\/p>\n<p><strong>Julia Giuliani:<\/strong> Este a\u00f1o hemos planificado una serie de actividades en todo el pa\u00eds. el 27 de Junio, d\u00eda de la y el trabajador estatal reivindicaremos nuestro rol generando un contradiscurso respecto al sentido despectivo, violento y soberbio que intenta imponer el gobierno nacional a nuestra sociedad sobre las y los trabajadores estatales. M\u00e1s cercano en el tiempo, en nuestra sede en C\u00f3rdoba (Entre Rios 450), el 17 de enero, tendremos un encuentro especial para trazar estrategias para los desaf\u00edos que enfrentaremos en el marco del provacativo Sistema de Evaluaci\u00f3n P\u00fablica que quiere realizar el gobierno de Javier Milei a las y los trabajadores Nacionales. Nuestro principal objetivo sigue siendo la defensa de los derechos laborales, pero tambi\u00e9n queremos fortalecer la formaci\u00f3n sindical y ampliar la participaci\u00f3n de j\u00f3venes, mujeres y diversidades dentro de nuestro movimiento.<\/p>\n<p><strong>Periodista:<\/strong> Finalmente, \u00bfc\u00f3mo invitar\u00edas a los trabajadores a unirse a esta celebraci\u00f3n?<\/p>\n<p><strong>Julia Giuliani:<\/strong> Les invito a todas y todos a sumarse. Este centenario no es solo de ATE, sino de cada trabajador y trabajadora que lucha por condiciones dignas. Participen en nuestras actividades, conozcan nuestra historia y sigamos construyendo juntos y juntas un futuro de justicia social. \u00a1Es hora de celebrar, pero tambi\u00e9n de prepararnos para lo que viene! Nuestro lema sigue siendo claro: la unidad y la solidaridad son el camino.<\/p>\n<p><strong>Un legado de lucha y compromiso<\/strong><\/p>\n<p><a href=\"https:\/\/atecordoba.org\/wp-content\/uploads\/2025\/01\/WhatsApp-Image-2023-11-21-at-9.50.30-PM.jpeg\"><img loading=\"lazy\" decoding=\"async\" class=\"alignnone wp-image-47333 size-full\" src=\"https:\/\/atecordoba.org\/wp-content\/uploads\/2025\/01\/WhatsApp-Image-2023-11-21-at-9.50.30-PM.jpeg\" alt=\"\" width=\"1600\" height=\"900\" srcset=\"https:\/\/atecordoba.org\/wp-content\/uploads\/2025\/01\/WhatsApp-Image-2023-11-21-at-9.50.30-PM.jpeg 1600w, https:\/\/atecordoba.org\/wp-content\/uploads\/2025\/01\/WhatsApp-Image-2023-11-21-at-9.50.30-PM-300x169.jpeg 300w, https:\/\/atecordoba.org\/wp-content\/uploads\/2025\/01\/WhatsApp-Image-2023-11-21-at-9.50.30-PM-1024x576.jpeg 1024w, https:\/\/atecordoba.org\/wp-content\/uploads\/2025\/01\/WhatsApp-Image-2023-11-21-at-9.50.30-PM-768x432.jpeg 768w, https:\/\/atecordoba.org\/wp-content\/uploads\/2025\/01\/WhatsApp-Image-2023-11-21-at-9.50.30-PM-1536x864.jpeg 1536w, https:\/\/atecordoba.org\/wp-content\/uploads\/2025\/01\/WhatsApp-Image-2023-11-21-at-9.50.30-PM-750x422.jpeg 750w, https:\/\/atecordoba.org\/wp-content\/uploads\/2025\/01\/WhatsApp-Image-2023-11-21-at-9.50.30-PM-1140x641.jpeg 1140w\" sizes=\"auto, (max-width: 1600px) 100vw, 1600px\" \/><\/a><\/p>\n<p>ATE cumple 100 a\u00f1os marcando la diferencia en la vida de miles de trabajadores estatales. Desde su fundaci\u00f3n, ha demostrado ser un pilar fundamental en la defensa de los derechos laborales y en la promoci\u00f3n de la justicia social. Este aniversario no solo celebra el pasado, sino que renueva el compromiso hacia el futuro. En palabras de Giuliani: &#8220;Seguimos luchando con la misma fuerza y convicci\u00f3n que hace un siglo&#8221;.<\/p>\n","protected":false},"excerpt":{"rendered":"<p>En el marco del centenario de la Asociaci\u00f3n Trabajadores del Estado (ATE), nuestra secretaria de prensa, Julia Giuliani, fue entrevistada por Radio Sur FM 90.1 de C\u00f3rdoba. En un di\u00e1logo cercano y enriquecedor, Giuliani comparti\u00f3 reflexiones sobre el legado hist\u00f3rico del sindicato y los desaf\u00edos que enfrenta en el contexto actual. A continuaci\u00f3n, destacamos los [&hellip;]<\/p>\n","protected":false},"author":3,"featured_media":47358,"comment_status":"open","ping_status":"open","sticky":false,"template":"","format":"standard","meta":{"_exactmetrics_skip_tracking":false,"_exactmetrics_sitenote_active":false,"_exactmetrics_sitenote_note":"","_exactmetrics_sitenote_category":0,"jnews-multi-image_gallery":[],"jnews_single_post":{"format":"standard","override":[{"template":"1","parallax":"1","fullscreen":"1","layout":"no-sidebar-narrow","sidebar":"default-sidebar","second_sidebar":"default-sidebar","sticky_sidebar":"1","share_position":"bottom","share_float_style":"share-monocrhome","show_share_counter":"1","show_view_counter":"1","show_post_meta":"1","show_post_author_image":"1","show_post_date":"1","post_date_format":"default","post_date_format_custom":"Y\/m\/d","show_post_category":"1","show_post_reading_time":"0","post_reading_time_wpm":"300","post_calculate_word_method":"str_word_count","show_zoom_button":"0","zoom_button_out_step":"2","zoom_button_in_step":"3","show_post_tag":"1","number_popup_post":"1","show_post_related":"1","show_inline_post_related":"0"}],"image_override":[{"single_post_thumbnail_size":"crop-500","single_post_gallery_size":"crop-500"}],"trending_post_position":"meta","trending_post_label":"Trending","sponsored_post_label":"Sponsored by","disable_ad":"0"},"jnews_primary_category":[],"jnews_social_meta":[],"jnews_review":[],"enable_review":"","type":"percentage","name":"","summary":"","brand":"","sku":"","good":[],"bad":[],"score_override":"","override_value":"","rating":[],"price":[],"jnews_override_counter":{"view_counter_number":"0","share_counter_number":"0","like_counter_number":"0","dislike_counter_number":"0"},"jnews_post_split":{"post_split":[{"template":"1","tag":"h2","numbering":"asc","mode":"normal","first":"0","enable_toc":"0","toc_type":"normal"}]},"footnotes":""},"categories":[10],"tags":[],"class_list":["post-47355","post","type-post","status-publish","format-standard","has-post-thumbnail","hentry","category-accion-politica"],"jetpack_featured_media_url":"https:\/\/atecordoba.org\/wp-content\/uploads\/2025\/01\/IMG-20250115-WA0054.jpg","_links":{"self":[{"href":"https:\/\/atecordoba.org\/index.php?rest_route=\/wp\/v2\/posts\/47355","targetHints":{"allow":["GET"]}}],"collection":[{"href":"https:\/\/atecordoba.org\/index.php?rest_route=\/wp\/v2\/posts"}],"about":[{"href":"https:\/\/atecordoba.org\/index.php?rest_route=\/wp\/v2\/types\/post"}],"author":[{"embeddable":true,"href":"https:\/\/atecordoba.org\/index.php?rest_route=\/wp\/v2\/users\/3"}],"replies":[{"embeddable":true,"href":"https:\/\/atecordoba.org\/index.php?rest_route=%2Fwp%2Fv2%2Fcomments&post=47355"}],"version-history":[{"count":1,"href":"https:\/\/atecordoba.org\/index.php?rest_route=\/wp\/v2\/posts\/47355\/revisions"}],"predecessor-version":[{"id":47357,"href":"https:\/\/atecordoba.org\/index.php?rest_route=\/wp\/v2\/posts\/47355\/revisions\/47357"}],"wp:featuredmedia":[{"embeddable":true,"href":"https:\/\/atecordoba.org\/index.php?rest_route=\/wp\/v2\/media\/47358"}],"wp:attachment":[{"href":"https:\/\/atecordoba.org\/index.php?rest_route=%2Fwp%2Fv2%2Fmedia&parent=47355"}],"wp:term":[{"taxonomy":"category","embeddable":true,"href":"https:\/\/atecordoba.org\/index.php?rest_route=%2Fwp%2Fv2%2Fcategories&post=47355"},{"taxonomy":"post_tag","embeddable":true,"href":"https:\/\/atecordoba.org\/index.php?rest_route=%2Fwp%2Fv2%2Ftags&post=47355"}],"curies":[{"name":"wp","href":"https:\/\/api.w.org\/{rel}","templated":true}]}}