{"id":4734,"date":"2014-11-13T09:40:14","date_gmt":"2014-11-13T12:40:14","guid":{"rendered":"http:\/\/www.atecordoba.org\/?p=4734"},"modified":"2014-11-13T09:40:14","modified_gmt":"2014-11-13T12:40:14","slug":"prensa-de-ate-nacional-diputados-aprobo-proyecto-para-que-no-se-puedan-privatizar-las-fabricas-militares","status":"publish","type":"post","link":"https:\/\/atecordoba.org\/?p=4734","title":{"rendered":"Prensa de ATE nacional: Diputados aprob\u00f3 proyecto para que no se puedan privatizar las f\u00e1bricas militares"},"content":{"rendered":"<p><em>La iniciativa, impulsada por el diputado V\u00edctor De Gennaro y respaldada por el conjunto de los bloques, consiste en dejar sin efecto la declaraci\u00f3n de &#8220;sujetas a privatizaci\u00f3n&#8221;, efectuada por el Anexo I del Decreto N\u00ba 1398 de fecha 23 de julio de 1990 y aprobado posteriormente por Ley N\u00b0 24.045, respecto de la F\u00e1brica Militar de P\u00f3lvoras y Explosivos de Azul, la F\u00e1brica Militar Fray Luis Beltr\u00e1n, la F\u00e1brica Militar R\u00edo Tercero, y la F\u00e1brica Militar de P\u00f3lvoras y Explosivos Villa Mar\u00eda. \u201cSi bien todav\u00eda debe ser aprobada por Senadores, se trata de una conquista de los trabajadores del sector nucleados en ATE. Ahora tenemos que seguir peleando para que los compa\u00f1eros tengan un Convenio Colectivo de Trabajo\u201d, afirma Julio Fuentes.<\/em><\/p>\n<p><a href=\"http:\/\/www.atecordoba.org\/wp-content\/uploads\/2014\/11\/fabricaciones-militares.jpg\"><img loading=\"lazy\" decoding=\"async\" class=\"aligncenter  wp-image-4735\" src=\"http:\/\/www.atecordoba.org\/wp-content\/uploads\/2014\/11\/fabricaciones-militares.jpg\" alt=\"fabricaciones militares\" width=\"500\" height=\"351\" \/><\/a><\/p>\n<p><span style=\"font-style: inherit; font-weight: inherit;\">\u201cEs muy importante que se haya aprobado de forma un\u00e1nime por Diputados, y no tenemos ninguna duda de que en el Senado va a salir en el mismo sentido\u201d, conf\u00eda el Secretario General de ATE. Es que, como no es costumbre, fue total el apoyo a la iniciativa por parte del conjunto de la C\u00e1mara de Diputados: 227 votos a favor y 0 en contra. Al respecto, V\u00edctor De Gennaro reconoce que se trata de \u201cuna muestra de consenso muy grande y un reconocimiento por parte de las autoridades. Fue contundente en apoyo\u201d. A su vez, el diputado nacional resalta que de aprobarse, el proyecto dar\u00e1 \u201cestabilidad y a la vez tranquilidad a los trabajadores y sus familias\u201d.<\/span><\/p>\n<p><span style=\"font-style: inherit; font-weight: inherit;\"><span style=\"font-style: inherit; font-weight: inherit;\">El objetivo de la iniciativa es que las mencionadas f\u00e1bricas militares permanezcan bajo la \u00f3rbita del Estado Nacional sin posibilidad de futuras privatizaciones. \u201cEntendemos que sacar de sujeto a privatizaci\u00f3n implica que tambi\u00e9n se empiece a pensar una pol\u00edtica de desarrollo, para volver a tener emprendimientos industriales del Estado que est\u00e9n m\u00e1s all\u00e1 de la oferta y demanda sino que tengan producci\u00f3n estrat\u00e9gica\u201d, asegura Julio Fuentes. \u00a0<\/span><\/span><\/p>\n<p><span style=\"font-style: inherit; font-weight: inherit;\"><span style=\"font-style: inherit; font-weight: inherit;\">\u201cAhora la lucha tenemos que direccionarla a tener un Convenio Colectivo de Trabajo en el sector. Aunque parezca mentira, los trabajadores de Fabricaciones Militares no tienen negociaci\u00f3n colectiva. Por eso, reclamamos al Gobierno que abra los espacios de discusi\u00f3n para alcanzar este derecho constitucional\u201d, asevera Julio Fuentes.<\/span><\/span><\/p>\n<p><b><strong style=\"font-style: inherit;\"><span style=\"font-style: inherit; font-weight: inherit;\">Una lucha de los trabajadores<\/span><\/strong><\/b><\/p>\n<p><span style=\"font-style: inherit; font-weight: inherit;\"><span style=\"font-style: inherit; font-weight: inherit;\">\u201cHace dos a\u00f1os empezamos a trabajar sobre el proyecto\u201d, afirma Cristian Colman, Secretario General de la seccional Rio Tercero y trabajador de la Direcci\u00f3n General de Fabricaciones Militares (DGFM). Fueron numerosos los plenarios y el debate, as\u00ed como tambi\u00e9n el trabajo de organizaci\u00f3n que respaldar\u00eda la consiguiente lucha. \u201cRecorrimos despacho por despacho en el Congreso, hablamos con legisladores de distintas bander\u00edas para que se cumpla con nuestro reclamo. Y para ello tuvimos el apoyo del CDN y Julio Fuentes\u201d, cuenta.<\/span><\/span><\/p>\n<p><span style=\"font-style: inherit; font-weight: inherit;\"><span style=\"font-style: inherit; font-weight: inherit;\">\u201cEn R\u00edo Tercero en los \u201980 \u00e9ramos 2 mil trabajadores\u201d, recuerda Colman. Hoy \u2013explica- suman 623, llegando a los 2200 compa\u00f1eros a nivel nacional.<\/span><\/span><\/p>\n<p><span style=\"font-style: inherit; font-weight: inherit;\"><span style=\"font-style: inherit; font-weight: inherit;\">Walter Secondino<\/span><span style=\"font-style: inherit; font-weight: inherit;\">\u200f<\/span><span style=\"font-style: inherit; font-weight: inherit;\"> es el Secretario General de la seccional Villa Mar\u00eda y tambi\u00e9n trabajador DGFM: <\/span><span style=\"font-style: inherit; font-weight: inherit;\">\u201cEste es un gran avance para nosotros, y nos llena de satisfacci\u00f3n, porque sabemos que esto se debe al empuje de los compa\u00f1eros, al empuje de ATE. Nosotros jam\u00e1s abandonamos la pelea. Desde 1994, cuando con la reforma de la Constituci\u00f3n Nacional pusieron a Fabricaciones Militares bajo la figura de \u2018sujetas a privatizaci\u00f3n\u2019, nosotros siempre estuvimos luchando para evitar el cierre\u201d.<\/span><\/span><\/p>\n<p><span style=\"font-style: inherit; font-weight: inherit;\"><span style=\"font-style: inherit; font-weight: inherit;\">\u201cFue muy dif\u00edcil. De los 25.000 trabajadores que el sector supo tener, pasamos a apenas 2.000 en el a\u00f1o 2000. Se par\u00f3 la inversi\u00f3n, se redujo el presupuesto. Sin embargo, ahora parece haber un atisbo de esperanza\u201d, asevera Secondino, y lanza: \u201cATE siempre estuvo ah\u00ed para nosotros, bancando la pelea a trav\u00e9s de los a\u00f1os\u201d.<\/span><\/span><\/p>\n<p><span style=\"font-style: inherit; font-weight: inherit;\"><span style=\"font-style: inherit; font-weight: inherit;\">Por su parte, Miguel Peyrano, dirigente CDN y trabajador de la f\u00e1brica Fray Luis Beltr\u00e1n reconoce: \u201cEs un paso adelante para dejar sin efecto esta medida de la segunda d\u00e9cada infame\u201d.<\/span><\/span><\/p>\n<p><span style=\"font-style: inherit; font-weight: inherit;\"><span style=\"font-style: inherit; font-weight: inherit;\">\u201cEsto es un triunfazo, una alegr\u00eda inmensa. La lucha de los trabajadores organizados en ATE, que vienen resistiendo desde la d\u00e9cada de los \u201990, lleg\u00f3 hasta este momento tan importante, y eso nos llena de orgullo. Sabemos que todav\u00eda falta la sanci\u00f3n en la C\u00e1mara de Senadores, pero habiendo logrado una votaci\u00f3n un\u00e1nime en el recinto de diputados, no creo que vaya a haber mayores inconvenientes para lograr que el proyecto siga su curso\u201d, manifiesta con una notable alegr\u00eda en su voz Vanina Zurita, Secretaria General de la seccional Azul Prov. Buenos Aires. \u00a0<\/span><\/span><\/p>\n<p><b><strong style=\"font-style: inherit;\"><span style=\"font-style: inherit; font-weight: inherit;\">Reactivar la industria<\/span><\/strong><\/b><\/p>\n<p><span style=\"font-style: inherit; font-weight: inherit;\"><span style=\"font-style: inherit; font-weight: inherit;\">\u201cPara quienes hemos resistido el desguace del Estado en los 90\u00b4, este es un momento importante. Es un buen antecedente. De todas maneras, esta noticia tiene que servir para que empecemos a discutir cu\u00e1l es el rol de fabricaciones militares. A partir de ahora se puede pensar seriamente pensar un proyecto que reactive a fabricaciones militares, que haga que los compa\u00f1eros que trabajan all\u00ed recuperen aquella m\u00edstica hist\u00f3rica de la producci\u00f3n para la defensa\u201d, lanza V\u00edctor De Gennaro, diputado nacional.<\/span><\/span><\/p>\n<p><b><strong style=\"font-style: inherit;\"><span style=\"font-style: inherit; font-weight: inherit;\">Los 90\u00b4<\/span><\/strong><\/b><\/p>\n<p><span style=\"font-style: inherit; font-weight: inherit;\"><span style=\"font-style: inherit; font-weight: inherit;\">El texto tratado en la C\u00e1mara Baja recuerda que con la sanci\u00f3n de la nefasta Ley de Reforma del Estado (17 de agosto de 1989) se declar\u00f3 en estado de emergencia la prestaci\u00f3n de los servicios p\u00fablicos, la ejecuci\u00f3n de los contratos a cargo del sector p\u00fablico y la situaci\u00f3n econ\u00f3mica-financiera de la Administraci\u00f3n P\u00fablica Nacional centralizada y descentralizada, entidades aut\u00e1rquicas, empresas del Estado, sociedades del Estado, sociedades an\u00f3nimas con participaci\u00f3n estatal mayoritaria y sociedades de econom\u00eda mixta. Luego, en julio de 1990, se declararon por decreto \u201csujetas a privatizaci\u00f3n\u201d las unidades productivas y f\u00e1bricas militares dependientes de FM, lo cual ser\u00eda aprobado por Ley N\u00ba 24.045.<\/span><\/span><\/p>\n<p><span style=\"font-style: inherit; font-weight: inherit;\"><span style=\"font-style: inherit; font-weight: inherit;\">Ese fue el marco en el que se llev\u00f3 a cabo el proceso de privatizaci\u00f3n de la mayor\u00eda de nuestras f\u00e1bricas. Por diversos motivos fueron cuatro las dependencias que no se vieron alcanzadas por el desguace: f\u00e1brica militar de p\u00f3lvoras y explosivos \u201cAzul\u201d, la f\u00e1brica militar \u201cFray Luis Beltr\u00e1n\u201d, la f\u00e1brica militar \u201cR\u00edo Tercero\u201d y la f\u00e1brica militar de p\u00f3lvoras y explosivos \u201cVilla Mar\u00eda, las que conforman la Direcci\u00f3n General de Fabricaciones Militares dependientes del Ministerio de Defensa de la Naci\u00f3n.<\/span><\/span><\/p>\n","protected":false},"excerpt":{"rendered":"<p>La iniciativa, impulsada por el diputado V\u00edctor De Gennaro y respaldada por el conjunto de los bloques, consiste en dejar sin efecto la declaraci\u00f3n de &#8220;sujetas a privatizaci\u00f3n&#8221;, efectuada por el Anexo I del Decreto N\u00ba 1398 de fecha 23 de julio de 1990 y aprobado posteriormente por Ley N\u00b0 24.045, respecto de la F\u00e1brica [&hellip;]<\/p>\n","protected":false},"author":1,"featured_media":19220,"comment_status":"open","ping_status":"open","sticky":false,"template":"","format":"standard","meta":{"_exactmetrics_skip_tracking":false,"_exactmetrics_sitenote_active":false,"_exactmetrics_sitenote_note":"","_exactmetrics_sitenote_category":0,"jnews-multi-image_gallery":[],"jnews_single_post":[],"jnews_primary_category":[],"jnews_social_meta":[],"jnews_review":[],"enable_review":"","type":"","name":"","summary":"","brand":"","sku":"","good":[],"bad":[],"score_override":"","override_value":"","rating":[],"price":[],"jnews_override_counter":[],"jnews_post_split":[],"footnotes":""},"categories":[17,18],"tags":[],"class_list":["post-4734","post","type-post","status-publish","format-standard","has-post-thumbnail","hentry","category-fabricaciones-militares","category-nacionales"],"jetpack_featured_media_url":"https:\/\/atecordoba.org\/wp-content\/uploads\/2020\/05\/logo-nuevochico-e1561581322808.png","_links":{"self":[{"href":"https:\/\/atecordoba.org\/index.php?rest_route=\/wp\/v2\/posts\/4734","targetHints":{"allow":["GET"]}}],"collection":[{"href":"https:\/\/atecordoba.org\/index.php?rest_route=\/wp\/v2\/posts"}],"about":[{"href":"https:\/\/atecordoba.org\/index.php?rest_route=\/wp\/v2\/types\/post"}],"author":[{"embeddable":true,"href":"https:\/\/atecordoba.org\/index.php?rest_route=\/wp\/v2\/users\/1"}],"replies":[{"embeddable":true,"href":"https:\/\/atecordoba.org\/index.php?rest_route=%2Fwp%2Fv2%2Fcomments&post=4734"}],"version-history":[{"count":0,"href":"https:\/\/atecordoba.org\/index.php?rest_route=\/wp\/v2\/posts\/4734\/revisions"}],"wp:featuredmedia":[{"embeddable":true,"href":"https:\/\/atecordoba.org\/index.php?rest_route=\/wp\/v2\/media\/19220"}],"wp:attachment":[{"href":"https:\/\/atecordoba.org\/index.php?rest_route=%2Fwp%2Fv2%2Fmedia&parent=4734"}],"wp:term":[{"taxonomy":"category","embeddable":true,"href":"https:\/\/atecordoba.org\/index.php?rest_route=%2Fwp%2Fv2%2Fcategories&post=4734"},{"taxonomy":"post_tag","embeddable":true,"href":"https:\/\/atecordoba.org\/index.php?rest_route=%2Fwp%2Fv2%2Ftags&post=4734"}],"curies":[{"name":"wp","href":"https:\/\/api.w.org\/{rel}","templated":true}]}}