{"id":47332,"date":"2025-01-15T10:55:43","date_gmt":"2025-01-15T13:55:43","guid":{"rendered":"https:\/\/atecordoba.org\/?p=47332"},"modified":"2025-01-15T11:19:04","modified_gmt":"2025-01-15T14:19:04","slug":"100-anos-de-ate-una-historia-de-lucha-y-compromiso","status":"publish","type":"post","link":"https:\/\/atecordoba.org\/?p=47332","title":{"rendered":"100 a\u00f1os de ATE: Una historia de lucha y compromiso"},"content":{"rendered":"<p><a href=\"https:\/\/atecordoba.org\/wp-content\/uploads\/2025\/01\/WhatsApp-Image-2023-11-21-at-9.50.30-PM.jpeg\"><img loading=\"lazy\" decoding=\"async\" class=\"alignnone wp-image-47333 size-full\" src=\"https:\/\/atecordoba.org\/wp-content\/uploads\/2025\/01\/WhatsApp-Image-2023-11-21-at-9.50.30-PM.jpeg\" alt=\"\" width=\"1600\" height=\"900\" srcset=\"https:\/\/atecordoba.org\/wp-content\/uploads\/2025\/01\/WhatsApp-Image-2023-11-21-at-9.50.30-PM.jpeg 1600w, https:\/\/atecordoba.org\/wp-content\/uploads\/2025\/01\/WhatsApp-Image-2023-11-21-at-9.50.30-PM-300x169.jpeg 300w, https:\/\/atecordoba.org\/wp-content\/uploads\/2025\/01\/WhatsApp-Image-2023-11-21-at-9.50.30-PM-1024x576.jpeg 1024w, https:\/\/atecordoba.org\/wp-content\/uploads\/2025\/01\/WhatsApp-Image-2023-11-21-at-9.50.30-PM-768x432.jpeg 768w, https:\/\/atecordoba.org\/wp-content\/uploads\/2025\/01\/WhatsApp-Image-2023-11-21-at-9.50.30-PM-1536x864.jpeg 1536w, https:\/\/atecordoba.org\/wp-content\/uploads\/2025\/01\/WhatsApp-Image-2023-11-21-at-9.50.30-PM-750x422.jpeg 750w, https:\/\/atecordoba.org\/wp-content\/uploads\/2025\/01\/WhatsApp-Image-2023-11-21-at-9.50.30-PM-1140x641.jpeg 1140w\" sizes=\"auto, (max-width: 1600px) 100vw, 1600px\" \/><\/a><\/p>\n<p>La Asociaci\u00f3n Trabajadores del Estado (ATE) celebra hoy, 15 de enero de 2025, su centenario, consolid\u00e1ndose como una de las organizaciones sindicales m\u00e1s emblem\u00e1ticas y combativas de Argentina. A lo largo de estos 100 a\u00f1os, ATE ha sido protagonista en la defensa de los derechos de las y los trabajadores estatales, enfrentando desaf\u00edos pol\u00edticos, econ\u00f3micos y sociales con firmeza y compromiso.<\/p>\n<p>Te invitamos a repasar brevemente los momentos hist\u00f3ricos que enriquecieron la vida de nuestro sindicato a lo largo del tiempo.<\/p>\n<p><strong>L\u00ednea de tiempo: 100 a\u00f1os de ATE<\/strong><a href=\"https:\/\/atecordoba.org\/wp-content\/uploads\/2025\/01\/1.png\"><img loading=\"lazy\" decoding=\"async\" class=\"size-medium wp-image-47334 alignleft\" src=\"https:\/\/atecordoba.org\/wp-content\/uploads\/2025\/01\/1-300x300.png\" alt=\"\" width=\"300\" height=\"300\" srcset=\"https:\/\/atecordoba.org\/wp-content\/uploads\/2025\/01\/1-300x300.png 300w, https:\/\/atecordoba.org\/wp-content\/uploads\/2025\/01\/1-1024x1024.png 1024w, https:\/\/atecordoba.org\/wp-content\/uploads\/2025\/01\/1-150x150.png 150w, https:\/\/atecordoba.org\/wp-content\/uploads\/2025\/01\/1-768x768.png 768w, https:\/\/atecordoba.org\/wp-content\/uploads\/2025\/01\/1-560x560.png 560w, https:\/\/atecordoba.org\/wp-content\/uploads\/2025\/01\/1-75x75.png 75w, https:\/\/atecordoba.org\/wp-content\/uploads\/2025\/01\/1-350x350.png 350w, https:\/\/atecordoba.org\/wp-content\/uploads\/2025\/01\/1-750x750.png 750w, https:\/\/atecordoba.org\/wp-content\/uploads\/2025\/01\/1.png 1080w\" sizes=\"auto, (max-width: 300px) 100vw, 300px\" \/><\/a><\/p>\n<ul>\n<li><strong>1925<\/strong>: Fundaci\u00f3n de ATE en Buenos Aires por un grupo de obreros de los talleres del R\u00edo de La Plata, con el objetivo de organizar a las y los empleados p\u00fablicos en defensa de sus derechos laborales.<\/li>\n<li><strong>1930<\/strong>: Primer conflicto laboral relevante: ATE protagoniza paros contra despidos masivos durante la crisis econ\u00f3mica, consolid\u00e1ndose como una organizaci\u00f3n s\u00f3lida con miles de afiliados en gran parte del pa\u00eds.<\/li>\n<li><strong>1945<\/strong>: ATE juega un papel fundamental en la huelga en apoyo a Per\u00f3n el 17 de octubre. Ese mismo a\u00f1o, se crea la Seccional Bah\u00eda Blanca, conducida \u00edntegramente por mujeres, un hecho in\u00e9dito en la historia sindical argentina.<\/li>\n<li><strong>1976<\/strong>: Durante la dictadura c\u00edvico-militar, ATE resiste denunciando desapariciones y represiones contra trabajadores estatales, enfrentando la persecuci\u00f3n y el terrorismo de Estado.<\/li>\n<li><strong>1984<\/strong>: Tras la recuperaci\u00f3n de la democracia, la agrupaci\u00f3n ANUSATE recupera ATE para las y los trabajadores, devolviendo al sindicato su car\u00e1cter aut\u00f3nomo, combativo y solidario.<\/li>\n<li><strong>1990<\/strong>: ATE se opone activamente a las pol\u00edticas neoliberales de privatizaciones y ajuste estructural en el Estado, defendiendo el empleo p\u00fablico y los derechos laborales.<\/li>\n<li><strong>2001<\/strong>: En el contexto de crisis social y econ\u00f3mica, ATE acompa\u00f1a a los trabajadores promoviendo asambleas y movilizaciones, siendo un pilar en la organizaci\u00f3n popular.<\/li>\n<li><strong>2010<\/strong>: El sindicato se consolida en provincias y municipios, representando a miles de estatales en todo el pa\u00eds y fortaleciendo la unidad sindical.<\/li>\n<li><strong>2020<\/strong>: Durante la pandemia de COVID-19, ATE lidera iniciativas en defensa de la salud p\u00fablica y los derechos laborales, destacando la importancia del Estado en la protecci\u00f3n de la ciudadan\u00eda.<\/li>\n<li><strong>2025<\/strong>: Celebramos 100 a\u00f1os de historia, conmemorando nuestra lucha constante por la dignidad y los derechos de las y los trabajadores estatales, reafirmando nuestro compromiso con la justicia social y la equidad.<\/li>\n<\/ul>\n<p><a href=\"https:\/\/atecordoba.org\/wp-content\/uploads\/2025\/01\/images-18.jpg\"><img loading=\"lazy\" decoding=\"async\" class=\"alignnone size-full wp-image-47335\" src=\"https:\/\/atecordoba.org\/wp-content\/uploads\/2025\/01\/images-18.jpg\" alt=\"\" width=\"275\" height=\"183\" \/><\/a><a href=\"https:\/\/atecordoba.org\/wp-content\/uploads\/2025\/01\/8769_10253.jpg\"><img loading=\"lazy\" decoding=\"async\" class=\"alignnone size-medium wp-image-47336\" src=\"https:\/\/atecordoba.org\/wp-content\/uploads\/2025\/01\/8769_10253-300x278.jpg\" alt=\"\" width=\"300\" height=\"278\" srcset=\"https:\/\/atecordoba.org\/wp-content\/uploads\/2025\/01\/8769_10253-300x278.jpg 300w, https:\/\/atecordoba.org\/wp-content\/uploads\/2025\/01\/8769_10253.jpg 518w\" sizes=\"auto, (max-width: 300px) 100vw, 300px\" \/><\/a><\/p>\n<h2>Hechos destacados a lo largo de nuestra historia<\/h2>\n<p><strong>Resistencia y vanguardia en los a\u00f1os 70<\/strong><\/p>\n<p><a href=\"https:\/\/atecordoba.org\/wp-content\/uploads\/2025\/01\/lastscan05.jpg\"><img loading=\"lazy\" decoding=\"async\" class=\"size-medium wp-image-47338 alignleft\" src=\"https:\/\/atecordoba.org\/wp-content\/uploads\/2025\/01\/lastscan05-300x200.jpg\" alt=\"\" width=\"300\" height=\"200\" srcset=\"https:\/\/atecordoba.org\/wp-content\/uploads\/2025\/01\/lastscan05-300x200.jpg 300w, https:\/\/atecordoba.org\/wp-content\/uploads\/2025\/01\/lastscan05-1024x682.jpg 1024w, https:\/\/atecordoba.org\/wp-content\/uploads\/2025\/01\/lastscan05-768x511.jpg 768w, https:\/\/atecordoba.org\/wp-content\/uploads\/2025\/01\/lastscan05-750x499.jpg 750w, https:\/\/atecordoba.org\/wp-content\/uploads\/2025\/01\/lastscan05.jpg 1050w\" sizes=\"auto, (max-width: 300px) 100vw, 300px\" \/><\/a>En el Hospital Colonia de Santa Mar\u00eda, figuras como <strong>Lito Carranza<\/strong>, entonces secretario general de la seccional, <strong>Carlos Albornoz<\/strong> delegado gremial de la junta interna y <strong>Nora Cendra<\/strong>, enfermera y activista, lideraron iniciativas transformadoras. Desde una huerta frutal que gener\u00f3 una cooperativa productiva, hasta una propuesta interdisciplinaria humanista para la atenci\u00f3n de salud mental, marcaron resistencia frente a pol\u00edticas deshumanizantes. Sus esfuerzos no solo enfrentaron tensiones con las autoridades de la dictadura, sino que sentaron bases de organizaci\u00f3n y solidaridad que perduran hasta hoy.<\/p>\n<div class=\"relative inline-flex items-center\"><\/div>\n<p><strong>Memoria y compromiso<\/strong><\/p>\n<p><a href=\"https:\/\/atecordoba.org\/wp-content\/uploads\/2025\/01\/WhatsApp-Image-2025-01-14-at-12.29.51-PM-scaled.jpeg\"><img loading=\"lazy\" decoding=\"async\" class=\"size-medium wp-image-47337 alignleft\" src=\"https:\/\/atecordoba.org\/wp-content\/uploads\/2025\/01\/WhatsApp-Image-2025-01-14-at-12.29.51-PM-300x225.jpeg\" alt=\"\" width=\"300\" height=\"225\" srcset=\"https:\/\/atecordoba.org\/wp-content\/uploads\/2025\/01\/WhatsApp-Image-2025-01-14-at-12.29.51-PM-300x225.jpeg 300w, https:\/\/atecordoba.org\/wp-content\/uploads\/2025\/01\/WhatsApp-Image-2025-01-14-at-12.29.51-PM-1024x769.jpeg 1024w, https:\/\/atecordoba.org\/wp-content\/uploads\/2025\/01\/WhatsApp-Image-2025-01-14-at-12.29.51-PM-768x577.jpeg 768w, https:\/\/atecordoba.org\/wp-content\/uploads\/2025\/01\/WhatsApp-Image-2025-01-14-at-12.29.51-PM-1536x1153.jpeg 1536w, https:\/\/atecordoba.org\/wp-content\/uploads\/2025\/01\/WhatsApp-Image-2025-01-14-at-12.29.51-PM-2048x1537.jpeg 2048w, https:\/\/atecordoba.org\/wp-content\/uploads\/2025\/01\/WhatsApp-Image-2025-01-14-at-12.29.51-PM-750x563.jpeg 750w, https:\/\/atecordoba.org\/wp-content\/uploads\/2025\/01\/WhatsApp-Image-2025-01-14-at-12.29.51-PM-1140x856.jpeg 1140w\" sizes=\"auto, (max-width: 300px) 100vw, 300px\" \/><\/a>Este 26 de mayo se cumplen 49 a\u00f1os del secuestro de toda la Comisi\u00f3n Directiva de ATE y la voladura de su sede en Santa Mar\u00eda de Punilla, un acto de terrorismo estatal contra quienes defend\u00edan los derechos de las y los trabajadores. Desde ATE C\u00f3rdoba reivindicamos a figuras mencionadas anteriormente como<strong> Lito Carranza, Nora Cendra y Carlos Albornoz<\/strong>, cuyos ejemplos de lucha nos inspiran para continuar construyendo un sindicato combativo y solidario.<\/p>\n<div class=\"relative inline-flex items-center\"><\/div>\n<p><strong>Fundaci\u00f3n y recuperaci\u00f3n de ATE<\/strong><\/p>\n<ul>\n<li><strong><a href=\"https:\/\/atecordoba.org\/wp-content\/uploads\/2025\/01\/WhatsApp-Image-2022-05-27-at-4.10.25-PM-1.jpeg\"><img loading=\"lazy\" decoding=\"async\" class=\"size-medium wp-image-47339 alignleft\" src=\"https:\/\/atecordoba.org\/wp-content\/uploads\/2025\/01\/WhatsApp-Image-2022-05-27-at-4.10.25-PM-1-300x150.jpeg\" alt=\"\" width=\"300\" height=\"150\" srcset=\"https:\/\/atecordoba.org\/wp-content\/uploads\/2025\/01\/WhatsApp-Image-2022-05-27-at-4.10.25-PM-1-300x150.jpeg 300w, https:\/\/atecordoba.org\/wp-content\/uploads\/2025\/01\/WhatsApp-Image-2022-05-27-at-4.10.25-PM-1-768x384.jpeg 768w, https:\/\/atecordoba.org\/wp-content\/uploads\/2025\/01\/WhatsApp-Image-2022-05-27-at-4.10.25-PM-1-360x180.jpeg 360w, https:\/\/atecordoba.org\/wp-content\/uploads\/2025\/01\/WhatsApp-Image-2022-05-27-at-4.10.25-PM-1-750x375.jpeg 750w, https:\/\/atecordoba.org\/wp-content\/uploads\/2025\/01\/WhatsApp-Image-2022-05-27-at-4.10.25-PM-1.jpeg 1024w\" sizes=\"auto, (max-width: 300px) 100vw, 300px\" \/><\/a>Libertario Ferrari, la fundaci\u00f3n de ATE y su <span class=\"OYPEnA font-feature-liga-off font-feature-clig-off font-feature-calt-off text-decoration-none text-strikethrough-none\">rol fundamental en el 17 de octubre<\/span> (1925-1945)<\/strong>: Hace 100 a\u00f1os, Libertario Ferrari fue clave en la creaci\u00f3n de la Asociaci\u00f3n Trabajadores del Estado, forjando un camino de organizaci\u00f3n y derechos para las y los estatales.\n<p class=\"cvGsUA direction-ltr align-start para-style-body\"><span class=\"OYPEnA font-feature-liga-off font-feature-clig-off font-feature-calt-off text-decoration-none text-strikethrough-none\">Dos d\u00e9cadas despu\u00e9s, m\u00e1s espec\u00edficamente la noche del <strong>16 de <\/strong><\/span><span class=\"OYPEnA font-feature-liga-off font-feature-clig-off font-feature-calt-off text-decoration-none text-strikethrough-none\"><strong>octubre de 1945<\/strong>, durante un encuentro convocado por los principales dirigentes <\/span><span class=\"OYPEnA font-feature-liga-off font-feature-clig-off font-feature-calt-off text-decoration-none text-strikethrough-none\">sindicales,<strong> la exposici\u00f3n del <\/strong><\/span><strong><span class=\"OYPEnA font-feature-liga-off font-feature-clig-off font-feature-calt-off text-decoration-none text-strikethrough-none\">dirigente de ATE Libertario Ferrari<\/span><\/strong><span class=\"OYPEnA font-feature-liga-off font-feature-clig-off font-feature-calt-off text-decoration-none text-strikethrough-none\"> ser\u00e1 determinante para definir el paro nacional en reclamo de la <strong>libertad del Coronel Juan Domingo Per\u00f3n<\/strong>, que <strong>desembocar\u00eda luego en la hist\u00f3rica jornada del 17 de Octubre de 1945.<\/strong><\/span><\/p>\n<\/li>\n<\/ul>\n<p>&nbsp;<\/p>\n<p>&nbsp;<\/p>\n<ul>\n<li><strong><a href=\"https:\/\/atecordoba.org\/wp-content\/uploads\/2025\/01\/11873702_931244696913591_5157453713160676817_n.webp\"><img loading=\"lazy\" decoding=\"async\" class=\"size-medium wp-image-47340 alignleft\" src=\"https:\/\/atecordoba.org\/wp-content\/uploads\/2025\/01\/11873702_931244696913591_5157453713160676817_n-300x169.webp\" alt=\"\" width=\"300\" height=\"169\" srcset=\"https:\/\/atecordoba.org\/wp-content\/uploads\/2025\/01\/11873702_931244696913591_5157453713160676817_n-300x169.webp 300w, https:\/\/atecordoba.org\/wp-content\/uploads\/2025\/01\/11873702_931244696913591_5157453713160676817_n-750x422.webp 750w, https:\/\/atecordoba.org\/wp-content\/uploads\/2025\/01\/11873702_931244696913591_5157453713160676817_n.webp 768w\" sizes=\"auto, (max-width: 300px) 100vw, 300px\" \/><\/a>ANUSATE y la recuperaci\u00f3n de ATE (1984)<\/strong>: En plena democracia, la agrupaci\u00f3n ANUSATE recuper\u00f3 ATE para las y los trabajadores, devolviendo a nuestra organizaci\u00f3n su car\u00e1cter aut\u00f3nomo, combativo y solidario.<\/li>\n<\/ul>\n<p>&nbsp;<\/p>\n<p><strong>Compromiso con la memoria y los derechos humanos<\/strong><\/p>\n<p>En la actualidad, ATE contin\u00faa su lucha en defensa de los derechos humanos y la memoria hist\u00f3rica. Sin embargo, enfrenta desaf\u00edos como las recientes pol\u00edticas gubernamentales que buscan desmantelar sitios de memoria sobre los cr\u00edmenes de la dictadura, poniendo en riesgo \u00e1reas estrat\u00e9gicas que sostienen las pol\u00edticas de memoria, verdad y justicia.<\/p>\n<p><strong>Resistencia y unidad en tiempos adversos<\/strong><\/p>\n<p>A lo largo de este siglo de existencia, ATE ha demostrado ser una organizaci\u00f3n resiliente y comprometida con la defensa de los derechos de las y los trabajadores estatales, adapt\u00e1ndose a los cambios y desaf\u00edos de cada \u00e9poca, pero siempre manteniendo en alto las banderas de la justicia social, la solidaridad y la dignidad laboral.<\/p>\n<p><em><strong>En la actualidad ATE sigue escribiendo historia, consolid\u00e1ndose como un sindicato aut\u00f3nomo, combativo y solidario. \u00a1Seguimos luchando por los derechos de las y los trabajadores!<\/strong><\/em><\/p>\n","protected":false},"excerpt":{"rendered":"<p>La Asociaci\u00f3n Trabajadores del Estado (ATE) celebra hoy, 15 de enero de 2025, su centenario, consolid\u00e1ndose como una de las organizaciones sindicales m\u00e1s emblem\u00e1ticas y combativas de Argentina. A lo largo de estos 100 a\u00f1os, ATE ha sido protagonista en la defensa de los derechos de las y los trabajadores estatales, enfrentando desaf\u00edos pol\u00edticos, econ\u00f3micos [&hellip;]<\/p>\n","protected":false},"author":3,"featured_media":47333,"comment_status":"open","ping_status":"open","sticky":false,"template":"","format":"standard","meta":{"_exactmetrics_skip_tracking":false,"_exactmetrics_sitenote_active":false,"_exactmetrics_sitenote_note":"","_exactmetrics_sitenote_category":0,"jnews-multi-image_gallery":[],"jnews_single_post":{"format":"standard","override":[{"template":"1","parallax":"1","fullscreen":"1","layout":"no-sidebar-narrow","sidebar":"default-sidebar","second_sidebar":"default-sidebar","sticky_sidebar":"1","share_position":"bottom","share_float_style":"share-monocrhome","show_share_counter":"1","show_view_counter":"1","show_post_meta":"1","show_post_author_image":"1","show_post_date":"1","post_date_format":"default","post_date_format_custom":"Y\/m\/d","show_post_category":"1","show_post_reading_time":"0","post_reading_time_wpm":"300","post_calculate_word_method":"str_word_count","show_zoom_button":"0","zoom_button_out_step":"2","zoom_button_in_step":"3","show_post_tag":"1","number_popup_post":"1","show_post_related":"1","show_inline_post_related":"0"}],"image_override":[{"single_post_thumbnail_size":"crop-500","single_post_gallery_size":"crop-500"}],"trending_post_position":"meta","trending_post_label":"Trending","sponsored_post_label":"Sponsored by","disable_ad":"0"},"jnews_primary_category":[],"jnews_social_meta":[],"jnews_review":[],"enable_review":"","type":"percentage","name":"","summary":"","brand":"","sku":"","good":[],"bad":[],"score_override":"","override_value":"","rating":[],"price":[],"jnews_override_counter":{"view_counter_number":"0","share_counter_number":"0","like_counter_number":"0","dislike_counter_number":"0"},"jnews_post_split":{"post_split":[{"template":"1","tag":"h2","numbering":"asc","mode":"normal","first":"0","enable_toc":"0","toc_type":"normal"}]},"footnotes":""},"categories":[10,972],"tags":[],"class_list":["post-47332","post","type-post","status-publish","format-standard","has-post-thumbnail","hentry","category-accion-politica","category-culturas"],"jetpack_featured_media_url":"https:\/\/atecordoba.org\/wp-content\/uploads\/2025\/01\/WhatsApp-Image-2023-11-21-at-9.50.30-PM.jpeg","_links":{"self":[{"href":"https:\/\/atecordoba.org\/index.php?rest_route=\/wp\/v2\/posts\/47332","targetHints":{"allow":["GET"]}}],"collection":[{"href":"https:\/\/atecordoba.org\/index.php?rest_route=\/wp\/v2\/posts"}],"about":[{"href":"https:\/\/atecordoba.org\/index.php?rest_route=\/wp\/v2\/types\/post"}],"author":[{"embeddable":true,"href":"https:\/\/atecordoba.org\/index.php?rest_route=\/wp\/v2\/users\/3"}],"replies":[{"embeddable":true,"href":"https:\/\/atecordoba.org\/index.php?rest_route=%2Fwp%2Fv2%2Fcomments&post=47332"}],"version-history":[{"count":1,"href":"https:\/\/atecordoba.org\/index.php?rest_route=\/wp\/v2\/posts\/47332\/revisions"}],"predecessor-version":[{"id":47341,"href":"https:\/\/atecordoba.org\/index.php?rest_route=\/wp\/v2\/posts\/47332\/revisions\/47341"}],"wp:featuredmedia":[{"embeddable":true,"href":"https:\/\/atecordoba.org\/index.php?rest_route=\/wp\/v2\/media\/47333"}],"wp:attachment":[{"href":"https:\/\/atecordoba.org\/index.php?rest_route=%2Fwp%2Fv2%2Fmedia&parent=47332"}],"wp:term":[{"taxonomy":"category","embeddable":true,"href":"https:\/\/atecordoba.org\/index.php?rest_route=%2Fwp%2Fv2%2Fcategories&post=47332"},{"taxonomy":"post_tag","embeddable":true,"href":"https:\/\/atecordoba.org\/index.php?rest_route=%2Fwp%2Fv2%2Ftags&post=47332"}],"curies":[{"name":"wp","href":"https:\/\/api.w.org\/{rel}","templated":true}]}}