{"id":47325,"date":"2025-01-15T10:16:33","date_gmt":"2025-01-15T13:16:33","guid":{"rendered":"https:\/\/atecordoba.org\/?p=47325"},"modified":"2025-01-15T11:18:34","modified_gmt":"2025-01-15T14:18:34","slug":"grave-atentado-contra-el-companero-ruben-lopez-repudio-y-solidaridad-desde-ate-cordoba","status":"publish","type":"post","link":"https:\/\/atecordoba.org\/?p=47325","title":{"rendered":"Grave atentado contra el compa\u00f1ero Rub\u00e9n L\u00f3pez: repudio y solidaridad desde ATE C\u00f3rdoba"},"content":{"rendered":"<p><a href=\"https:\/\/atecordoba.org\/wp-content\/uploads\/2025\/01\/1111111.jpg\"><img loading=\"lazy\" decoding=\"async\" class=\"alignnone wp-image-47326 size-full\" src=\"https:\/\/atecordoba.org\/wp-content\/uploads\/2025\/01\/1111111.jpg\" alt=\"\" width=\"1600\" height=\"1200\" srcset=\"https:\/\/atecordoba.org\/wp-content\/uploads\/2025\/01\/1111111.jpg 1600w, https:\/\/atecordoba.org\/wp-content\/uploads\/2025\/01\/1111111-300x225.jpg 300w, https:\/\/atecordoba.org\/wp-content\/uploads\/2025\/01\/1111111-1024x768.jpg 1024w, https:\/\/atecordoba.org\/wp-content\/uploads\/2025\/01\/1111111-768x576.jpg 768w, https:\/\/atecordoba.org\/wp-content\/uploads\/2025\/01\/1111111-1536x1152.jpg 1536w, https:\/\/atecordoba.org\/wp-content\/uploads\/2025\/01\/1111111-750x563.jpg 750w, https:\/\/atecordoba.org\/wp-content\/uploads\/2025\/01\/1111111-1140x855.jpg 1140w\" sizes=\"auto, (max-width: 1600px) 100vw, 1600px\" \/><\/a><\/p>\n<p>Desde el Consejo Directivo Provincial de ATE C\u00f3rdoba repudiamos con firmeza el ataque sufrido por Rub\u00e9n L\u00f3pez, Secretario de Acci\u00f3n Pol\u00edtica de ATE Capital y Secretario Gremial de la CTA-A Ciudad. En la madrugada del martes 14 de enero, su veh\u00edculo fue incendiado en las inmediaciones de su domicilio en un hecho que consideramos grav\u00edsimo y sospechoso.<\/p>\n<p><a href=\"https:\/\/atecordoba.org\/wp-content\/uploads\/2025\/01\/images-27.jpg\"><img loading=\"lazy\" decoding=\"async\" class=\"size-full wp-image-47328 alignleft\" src=\"https:\/\/atecordoba.org\/wp-content\/uploads\/2025\/01\/images-27.jpg\" alt=\"\" width=\"225\" height=\"224\" srcset=\"https:\/\/atecordoba.org\/wp-content\/uploads\/2025\/01\/images-27.jpg 225w, https:\/\/atecordoba.org\/wp-content\/uploads\/2025\/01\/images-27-150x150.jpg 150w, https:\/\/atecordoba.org\/wp-content\/uploads\/2025\/01\/images-27-75x75.jpg 75w\" sizes=\"auto, (max-width: 225px) 100vw, 225px\" \/><\/a>Rub\u00e9n lidera una intensa lucha contra la gesti\u00f3n de Mariano C\u00faneo Libarona, quien impulsa despidos masivos y el vaciamiento del Ministerio de Justicia y Derechos Humanos. Este ataque, cargado de sa\u00f1a, refleja la escalada de violencia hacia quienes defienden los derechos laborales y denuncian las pol\u00edticas de ajuste y desguace.<\/p>\n<p>L\u00f3pez ha denunciado el despido de m\u00e1s de mil trabajadoras y trabajadores, el cierre de \u00e1reas claves como la lucha contra la trata de personas y el cierre del Centro Cultural Haroldo Conti, lo que evidencia un desmantelamiento intencionado de pol\u00edticas p\u00fablicas esenciales.<\/p>\n<p>El ataque, perpetrado por cuatro individuos que incendiaron su veh\u00edculo tras revisarlo, no solo pone en riesgo la integridad de L\u00f3pez y su familia, sino que tambi\u00e9n constituye una amenaza directa contra los principios democr\u00e1ticos y los derechos adquiridos de las y los trabajadores del Estado.<\/p>\n<p><a href=\"https:\/\/atecordoba.org\/wp-content\/uploads\/2025\/01\/11111111111111.jpg\"><img loading=\"lazy\" decoding=\"async\" class=\"size-medium wp-image-47327 alignleft\" src=\"https:\/\/atecordoba.org\/wp-content\/uploads\/2025\/01\/11111111111111-300x225.jpg\" alt=\"\" width=\"300\" height=\"225\" srcset=\"https:\/\/atecordoba.org\/wp-content\/uploads\/2025\/01\/11111111111111-300x225.jpg 300w, https:\/\/atecordoba.org\/wp-content\/uploads\/2025\/01\/11111111111111-1024x768.jpg 1024w, https:\/\/atecordoba.org\/wp-content\/uploads\/2025\/01\/11111111111111-768x576.jpg 768w, https:\/\/atecordoba.org\/wp-content\/uploads\/2025\/01\/11111111111111-1536x1152.jpg 1536w, https:\/\/atecordoba.org\/wp-content\/uploads\/2025\/01\/11111111111111-750x563.jpg 750w, https:\/\/atecordoba.org\/wp-content\/uploads\/2025\/01\/11111111111111-1140x855.jpg 1140w, https:\/\/atecordoba.org\/wp-content\/uploads\/2025\/01\/11111111111111.jpg 1600w\" sizes=\"auto, (max-width: 300px) 100vw, 300px\" \/><\/a>Exigimos una investigaci\u00f3n exhaustiva e independiente que identifique a los responsables y los someta a las sanciones correspondientes. Es fundamental que las autoridades nacionales y judiciales act\u00faen con rapidez y transparencia para garantizar justicia y prevenir que la violencia pol\u00edtica vuelva a instalarse en nuestro pa\u00eds.<\/p>\n<p>Desde ATE C\u00f3rdoba reafirmamos nuestro compromiso con la lucha por los derechos de las y los trabajadores y nos solidarizamos profundamente con Rub\u00e9n L\u00f3pez, su familia y todo el equipo que lo acompa\u00f1a. No permitiremos que estos hechos amedrenten a quienes defienden con valent\u00eda la justicia social y laboral.<\/p>\n<p><strong>\u00a1Basta de violencia! \u00a1Rub\u00e9n no est\u00e1 solo!<\/strong><\/p>\n","protected":false},"excerpt":{"rendered":"<p>Desde el Consejo Directivo Provincial de ATE C\u00f3rdoba repudiamos con firmeza el ataque sufrido por Rub\u00e9n L\u00f3pez, Secretario de Acci\u00f3n Pol\u00edtica de ATE Capital y Secretario Gremial de la CTA-A Ciudad. En la madrugada del martes 14 de enero, su veh\u00edculo fue incendiado en las inmediaciones de su domicilio en un hecho que consideramos grav\u00edsimo [&hellip;]<\/p>\n","protected":false},"author":3,"featured_media":47326,"comment_status":"open","ping_status":"open","sticky":false,"template":"","format":"standard","meta":{"_exactmetrics_skip_tracking":false,"_exactmetrics_sitenote_active":false,"_exactmetrics_sitenote_note":"","_exactmetrics_sitenote_category":0,"jnews-multi-image_gallery":[],"jnews_single_post":{"format":"standard","override":[{"template":"1","parallax":"1","fullscreen":"1","layout":"no-sidebar-narrow","sidebar":"default-sidebar","second_sidebar":"default-sidebar","sticky_sidebar":"1","share_position":"bottom","share_float_style":"share-monocrhome","show_share_counter":"1","show_view_counter":"1","show_post_meta":"1","show_post_author_image":"1","show_post_date":"1","post_date_format":"default","post_date_format_custom":"Y\/m\/d","show_post_category":"1","show_post_reading_time":"0","post_reading_time_wpm":"300","post_calculate_word_method":"str_word_count","show_zoom_button":"0","zoom_button_out_step":"2","zoom_button_in_step":"3","show_post_tag":"1","number_popup_post":"1","show_post_related":"1","show_inline_post_related":"0"}],"image_override":[{"single_post_thumbnail_size":"crop-500","single_post_gallery_size":"crop-500"}],"trending_post_position":"meta","trending_post_label":"Trending","sponsored_post_label":"Sponsored by","disable_ad":"0"},"jnews_primary_category":[],"jnews_social_meta":[],"jnews_review":[],"enable_review":"","type":"percentage","name":"","summary":"","brand":"","sku":"","good":[],"bad":[],"score_override":"","override_value":"","rating":[],"price":[],"jnews_override_counter":{"view_counter_number":"0","share_counter_number":"0","like_counter_number":"0","dislike_counter_number":"0"},"jnews_post_split":{"post_split":[{"template":"1","tag":"h2","numbering":"asc","mode":"normal","first":"0","enable_toc":"0","toc_type":"normal"}]},"footnotes":""},"categories":[53],"tags":[],"class_list":["post-47325","post","type-post","status-publish","format-standard","has-post-thumbnail","hentry","category-comunicados-de-prensa"],"jetpack_featured_media_url":"https:\/\/atecordoba.org\/wp-content\/uploads\/2025\/01\/1111111.jpg","_links":{"self":[{"href":"https:\/\/atecordoba.org\/index.php?rest_route=\/wp\/v2\/posts\/47325","targetHints":{"allow":["GET"]}}],"collection":[{"href":"https:\/\/atecordoba.org\/index.php?rest_route=\/wp\/v2\/posts"}],"about":[{"href":"https:\/\/atecordoba.org\/index.php?rest_route=\/wp\/v2\/types\/post"}],"author":[{"embeddable":true,"href":"https:\/\/atecordoba.org\/index.php?rest_route=\/wp\/v2\/users\/3"}],"replies":[{"embeddable":true,"href":"https:\/\/atecordoba.org\/index.php?rest_route=%2Fwp%2Fv2%2Fcomments&post=47325"}],"version-history":[{"count":2,"href":"https:\/\/atecordoba.org\/index.php?rest_route=\/wp\/v2\/posts\/47325\/revisions"}],"predecessor-version":[{"id":47330,"href":"https:\/\/atecordoba.org\/index.php?rest_route=\/wp\/v2\/posts\/47325\/revisions\/47330"}],"wp:featuredmedia":[{"embeddable":true,"href":"https:\/\/atecordoba.org\/index.php?rest_route=\/wp\/v2\/media\/47326"}],"wp:attachment":[{"href":"https:\/\/atecordoba.org\/index.php?rest_route=%2Fwp%2Fv2%2Fmedia&parent=47325"}],"wp:term":[{"taxonomy":"category","embeddable":true,"href":"https:\/\/atecordoba.org\/index.php?rest_route=%2Fwp%2Fv2%2Fcategories&post=47325"},{"taxonomy":"post_tag","embeddable":true,"href":"https:\/\/atecordoba.org\/index.php?rest_route=%2Fwp%2Fv2%2Ftags&post=47325"}],"curies":[{"name":"wp","href":"https:\/\/api.w.org\/{rel}","templated":true}]}}