{"id":47319,"date":"2025-01-14T13:05:51","date_gmt":"2025-01-14T16:05:51","guid":{"rendered":"https:\/\/atecordoba.org\/?p=47319"},"modified":"2025-01-15T11:18:18","modified_gmt":"2025-01-15T14:18:18","slug":"consolidando-la-organizacion-frente-a-los-examenes-de-idoneidad-del-sistema-de-evaluacion-publica","status":"publish","type":"post","link":"https:\/\/atecordoba.org\/?p=47319","title":{"rendered":"Consolidando la organizaci\u00f3n frente a los ex\u00e1menes de idoneidad del Sistema de Evaluaci\u00f3n P\u00fablica"},"content":{"rendered":"<p><a href=\"https:\/\/atecordoba.org\/wp-content\/uploads\/2025\/01\/WhatsApp-Image-2025-01-14-at-11.16.50-AM.jpeg\"><img loading=\"lazy\" decoding=\"async\" class=\"alignnone wp-image-47320 size-full\" src=\"https:\/\/atecordoba.org\/wp-content\/uploads\/2025\/01\/WhatsApp-Image-2025-01-14-at-11.16.50-AM.jpeg\" alt=\"\" width=\"1280\" height=\"960\" srcset=\"https:\/\/atecordoba.org\/wp-content\/uploads\/2025\/01\/WhatsApp-Image-2025-01-14-at-11.16.50-AM.jpeg 1280w, https:\/\/atecordoba.org\/wp-content\/uploads\/2025\/01\/WhatsApp-Image-2025-01-14-at-11.16.50-AM-300x225.jpeg 300w, https:\/\/atecordoba.org\/wp-content\/uploads\/2025\/01\/WhatsApp-Image-2025-01-14-at-11.16.50-AM-1024x768.jpeg 1024w, https:\/\/atecordoba.org\/wp-content\/uploads\/2025\/01\/WhatsApp-Image-2025-01-14-at-11.16.50-AM-768x576.jpeg 768w, https:\/\/atecordoba.org\/wp-content\/uploads\/2025\/01\/WhatsApp-Image-2025-01-14-at-11.16.50-AM-750x563.jpeg 750w, https:\/\/atecordoba.org\/wp-content\/uploads\/2025\/01\/WhatsApp-Image-2025-01-14-at-11.16.50-AM-1140x855.jpeg 1140w\" sizes=\"auto, (max-width: 1280px) 100vw, 1280px\" \/><\/a><\/p>\n<p>Hoy realizamos una recorrida clave por los sectores nacionales en el marco de la posta compa\u00f1era, fortaleciendo nuestra resistencia ante los ex\u00e1menes de idoneidad del Sistema de Evaluaci\u00f3n P\u00fablica (SEP), instalados por el Gobierno Nacional como un mecanismo de hostigamiento hacia las y los trabajadores.<\/p>\n<p>La actividad cont\u00f3 con la participaci\u00f3n de Valeria Beltr\u00e1n, Malena Berger e Irina Silberman, dirigentes de ATE, quienes destacaron la importancia de no abandonar la territorialidad y reforzar la articulaci\u00f3n sindical como herramientas fundamentales para enfrentar este desaf\u00edo.<\/p>\n<p><a href=\"https:\/\/atecordoba.org\/wp-content\/uploads\/2025\/01\/WhatsApp-Image-2025-01-14-at-11.16.51-AM.jpeg\"><img loading=\"lazy\" decoding=\"async\" class=\"alignnone size-medium wp-image-47321\" src=\"https:\/\/atecordoba.org\/wp-content\/uploads\/2025\/01\/WhatsApp-Image-2025-01-14-at-11.16.51-AM-300x179.jpeg\" alt=\"\" width=\"300\" height=\"179\" srcset=\"https:\/\/atecordoba.org\/wp-content\/uploads\/2025\/01\/WhatsApp-Image-2025-01-14-at-11.16.51-AM-300x179.jpeg 300w, https:\/\/atecordoba.org\/wp-content\/uploads\/2025\/01\/WhatsApp-Image-2025-01-14-at-11.16.51-AM-1024x611.jpeg 1024w, https:\/\/atecordoba.org\/wp-content\/uploads\/2025\/01\/WhatsApp-Image-2025-01-14-at-11.16.51-AM-768x458.jpeg 768w, https:\/\/atecordoba.org\/wp-content\/uploads\/2025\/01\/WhatsApp-Image-2025-01-14-at-11.16.51-AM-750x448.jpeg 750w, https:\/\/atecordoba.org\/wp-content\/uploads\/2025\/01\/WhatsApp-Image-2025-01-14-at-11.16.51-AM-1140x680.jpeg 1140w, https:\/\/atecordoba.org\/wp-content\/uploads\/2025\/01\/WhatsApp-Image-2025-01-14-at-11.16.51-AM.jpeg 1280w\" sizes=\"auto, (max-width: 300px) 100vw, 300px\" \/><\/a> <a href=\"https:\/\/atecordoba.org\/wp-content\/uploads\/2025\/01\/WhatsApp-Image-2025-01-14-at-11.16.51-AM-1.jpeg\"><img loading=\"lazy\" decoding=\"async\" class=\"alignnone size-medium wp-image-47322\" src=\"https:\/\/atecordoba.org\/wp-content\/uploads\/2025\/01\/WhatsApp-Image-2025-01-14-at-11.16.51-AM-1-300x147.jpeg\" alt=\"\" width=\"300\" height=\"147\" srcset=\"https:\/\/atecordoba.org\/wp-content\/uploads\/2025\/01\/WhatsApp-Image-2025-01-14-at-11.16.51-AM-1-300x147.jpeg 300w, https:\/\/atecordoba.org\/wp-content\/uploads\/2025\/01\/WhatsApp-Image-2025-01-14-at-11.16.51-AM-1-1024x502.jpeg 1024w, https:\/\/atecordoba.org\/wp-content\/uploads\/2025\/01\/WhatsApp-Image-2025-01-14-at-11.16.51-AM-1-768x377.jpeg 768w, https:\/\/atecordoba.org\/wp-content\/uploads\/2025\/01\/WhatsApp-Image-2025-01-14-at-11.16.51-AM-1-750x368.jpeg 750w, https:\/\/atecordoba.org\/wp-content\/uploads\/2025\/01\/WhatsApp-Image-2025-01-14-at-11.16.51-AM-1-1140x559.jpeg 1140w, https:\/\/atecordoba.org\/wp-content\/uploads\/2025\/01\/WhatsApp-Image-2025-01-14-at-11.16.51-AM-1.jpeg 1280w\" sizes=\"auto, (max-width: 300px) 100vw, 300px\" \/><\/a><\/p>\n<p>Adem\u00e1s, se invit\u00f3 a la jornada del pr\u00f3ximo 17 de enero, donde Flavio Vergara, Secretario Nacional de Convenios Colectivos de Trabajo, compartir\u00e1 herramientas para afrontar esta situaci\u00f3n, impulsando la organizaci\u00f3n y la lucha como banderas centrales de nuestra construcci\u00f3n colectiva.<\/p>\n<p>Seguimos trabajando desde cada sector para avanzar hacia un modelo de trabajo digno y justo, resistiendo los intentos de precarizaci\u00f3n y defendiendo nuestros derechos. \u00a1La unidad es nuestra mayor fortaleza!<\/p>\n<p><a href=\"https:\/\/atecordoba.org\/wp-content\/uploads\/2025\/01\/WhatsApp-Image-2025-01-14-at-11.16.52-AM.jpeg\"><img loading=\"lazy\" decoding=\"async\" class=\"alignnone size-medium wp-image-47323\" src=\"https:\/\/atecordoba.org\/wp-content\/uploads\/2025\/01\/WhatsApp-Image-2025-01-14-at-11.16.52-AM-225x300.jpeg\" alt=\"\" width=\"225\" height=\"300\" srcset=\"https:\/\/atecordoba.org\/wp-content\/uploads\/2025\/01\/WhatsApp-Image-2025-01-14-at-11.16.52-AM-225x300.jpeg 225w, https:\/\/atecordoba.org\/wp-content\/uploads\/2025\/01\/WhatsApp-Image-2025-01-14-at-11.16.52-AM-768x1024.jpeg 768w, https:\/\/atecordoba.org\/wp-content\/uploads\/2025\/01\/WhatsApp-Image-2025-01-14-at-11.16.52-AM-750x1000.jpeg 750w, https:\/\/atecordoba.org\/wp-content\/uploads\/2025\/01\/WhatsApp-Image-2025-01-14-at-11.16.52-AM.jpeg 960w\" sizes=\"auto, (max-width: 225px) 100vw, 225px\" \/><\/a><\/p>\n<p>\ud83d\udce2 <strong>Con organizaci\u00f3n y lucha, seguimos construyendo colectivamente la posta compa\u00f1era. \u00a1Sumate a esta convocatoria!<\/strong><\/p>\n","protected":false},"excerpt":{"rendered":"<p>Hoy realizamos una recorrida clave por los sectores nacionales en el marco de la posta compa\u00f1era, fortaleciendo nuestra resistencia ante los ex\u00e1menes de idoneidad del Sistema de Evaluaci\u00f3n P\u00fablica (SEP), instalados por el Gobierno Nacional como un mecanismo de hostigamiento hacia las y los trabajadores. La actividad cont\u00f3 con la participaci\u00f3n de Valeria Beltr\u00e1n, Malena [&hellip;]<\/p>\n","protected":false},"author":3,"featured_media":47320,"comment_status":"open","ping_status":"open","sticky":false,"template":"","format":"standard","meta":{"_exactmetrics_skip_tracking":false,"_exactmetrics_sitenote_active":false,"_exactmetrics_sitenote_note":"","_exactmetrics_sitenote_category":0,"jnews-multi-image_gallery":[],"jnews_single_post":{"format":"standard","override":[{"template":"1","parallax":"1","fullscreen":"1","layout":"no-sidebar-narrow","sidebar":"default-sidebar","second_sidebar":"default-sidebar","sticky_sidebar":"1","share_position":"bottom","share_float_style":"share-monocrhome","show_share_counter":"1","show_view_counter":"1","show_post_meta":"1","show_post_author_image":"1","show_post_date":"1","post_date_format":"default","post_date_format_custom":"Y\/m\/d","show_post_category":"1","show_post_reading_time":"0","post_reading_time_wpm":"300","post_calculate_word_method":"str_word_count","show_zoom_button":"0","zoom_button_out_step":"2","zoom_button_in_step":"3","show_post_tag":"1","number_popup_post":"1","show_post_related":"1","show_inline_post_related":"0"}],"image_override":[{"single_post_thumbnail_size":"crop-500","single_post_gallery_size":"crop-500"}],"trending_post_position":"meta","trending_post_label":"Trending","sponsored_post_label":"Sponsored by","disable_ad":"0"},"jnews_primary_category":[],"jnews_social_meta":[],"jnews_review":[],"enable_review":"","type":"percentage","name":"","summary":"","brand":"","sku":"","good":[],"bad":[],"score_override":"","override_value":"","rating":[],"price":[],"jnews_override_counter":{"view_counter_number":"0","share_counter_number":"0","like_counter_number":"0","dislike_counter_number":"0"},"jnews_post_split":{"post_split":[{"template":"1","tag":"h2","numbering":"asc","mode":"normal","first":"0","enable_toc":"0","toc_type":"normal"}]},"footnotes":""},"categories":[18],"tags":[],"class_list":["post-47319","post","type-post","status-publish","format-standard","has-post-thumbnail","hentry","category-nacionales"],"jetpack_featured_media_url":"https:\/\/atecordoba.org\/wp-content\/uploads\/2025\/01\/WhatsApp-Image-2025-01-14-at-11.16.50-AM.jpeg","_links":{"self":[{"href":"https:\/\/atecordoba.org\/index.php?rest_route=\/wp\/v2\/posts\/47319","targetHints":{"allow":["GET"]}}],"collection":[{"href":"https:\/\/atecordoba.org\/index.php?rest_route=\/wp\/v2\/posts"}],"about":[{"href":"https:\/\/atecordoba.org\/index.php?rest_route=\/wp\/v2\/types\/post"}],"author":[{"embeddable":true,"href":"https:\/\/atecordoba.org\/index.php?rest_route=\/wp\/v2\/users\/3"}],"replies":[{"embeddable":true,"href":"https:\/\/atecordoba.org\/index.php?rest_route=%2Fwp%2Fv2%2Fcomments&post=47319"}],"version-history":[{"count":1,"href":"https:\/\/atecordoba.org\/index.php?rest_route=\/wp\/v2\/posts\/47319\/revisions"}],"predecessor-version":[{"id":47324,"href":"https:\/\/atecordoba.org\/index.php?rest_route=\/wp\/v2\/posts\/47319\/revisions\/47324"}],"wp:featuredmedia":[{"embeddable":true,"href":"https:\/\/atecordoba.org\/index.php?rest_route=\/wp\/v2\/media\/47320"}],"wp:attachment":[{"href":"https:\/\/atecordoba.org\/index.php?rest_route=%2Fwp%2Fv2%2Fmedia&parent=47319"}],"wp:term":[{"taxonomy":"category","embeddable":true,"href":"https:\/\/atecordoba.org\/index.php?rest_route=%2Fwp%2Fv2%2Fcategories&post=47319"},{"taxonomy":"post_tag","embeddable":true,"href":"https:\/\/atecordoba.org\/index.php?rest_route=%2Fwp%2Fv2%2Ftags&post=47319"}],"curies":[{"name":"wp","href":"https:\/\/api.w.org\/{rel}","templated":true}]}}