{"id":47310,"date":"2025-01-13T11:18:09","date_gmt":"2025-01-13T14:18:09","guid":{"rendered":"https:\/\/atecordoba.org\/?p=47310"},"modified":"2025-01-13T14:22:42","modified_gmt":"2025-01-13T17:22:42","slug":"reclamos-urgentes-en-el-hospital-aeronautico-cordoba-condiciones-inaceptables-afectan-a-trabajadores-y-pacientes","status":"publish","type":"post","link":"https:\/\/atecordoba.org\/?p=47310","title":{"rendered":"Reclamos urgentes en el Hospital Aeron\u00e1utico C\u00f3rdoba: condiciones inaceptables afectan a trabajadores y pacientes"},"content":{"rendered":"<p data-pm-slice=\"1 1 []\"><a href=\"https:\/\/atecordoba.org\/wp-content\/uploads\/2025\/01\/WhatsApp-Image-2025-01-13-at-11.13.58-AM-scaled.jpeg\"><img loading=\"lazy\" decoding=\"async\" class=\"alignnone wp-image-47311 size-full\" src=\"https:\/\/atecordoba.org\/wp-content\/uploads\/2025\/01\/WhatsApp-Image-2025-01-13-at-11.13.58-AM-scaled.jpeg\" alt=\"\" width=\"2560\" height=\"1920\" srcset=\"https:\/\/atecordoba.org\/wp-content\/uploads\/2025\/01\/WhatsApp-Image-2025-01-13-at-11.13.58-AM-scaled.jpeg 2560w, https:\/\/atecordoba.org\/wp-content\/uploads\/2025\/01\/WhatsApp-Image-2025-01-13-at-11.13.58-AM-300x225.jpeg 300w, https:\/\/atecordoba.org\/wp-content\/uploads\/2025\/01\/WhatsApp-Image-2025-01-13-at-11.13.58-AM-1024x768.jpeg 1024w, https:\/\/atecordoba.org\/wp-content\/uploads\/2025\/01\/WhatsApp-Image-2025-01-13-at-11.13.58-AM-768x576.jpeg 768w, https:\/\/atecordoba.org\/wp-content\/uploads\/2025\/01\/WhatsApp-Image-2025-01-13-at-11.13.58-AM-1536x1152.jpeg 1536w, https:\/\/atecordoba.org\/wp-content\/uploads\/2025\/01\/WhatsApp-Image-2025-01-13-at-11.13.58-AM-2048x1536.jpeg 2048w, https:\/\/atecordoba.org\/wp-content\/uploads\/2025\/01\/WhatsApp-Image-2025-01-13-at-11.13.58-AM-750x563.jpeg 750w, https:\/\/atecordoba.org\/wp-content\/uploads\/2025\/01\/WhatsApp-Image-2025-01-13-at-11.13.58-AM-1140x855.jpeg 1140w\" sizes=\"auto, (max-width: 2560px) 100vw, 2560px\" \/><\/a><\/p>\n<p data-pm-slice=\"1 1 []\">Desde la delegaci\u00f3n del Hospital Aeron\u00e1utico C\u00f3rdoba, <strong>Anabella B\u00e1rcena y Griselda Gomez<\/strong>, delegadas de ATE, han expresado la preocupaci\u00f3n por las condiciones cr\u00edticas que enfrentan las y los trabajadores del sector, as\u00ed como los pacientes. Luego de varios reclamos, el sindicato exige soluciones inmediatas para garantizar un entorno adecuado y seguro.<\/p>\n<p>Entre los problemas principales, se destaca la falta de funcionamiento del sistema de aires acondicionados. Actualmente, el 80% del hospital carece de climatizaci\u00f3n adecuada, afectando tanto a las \u00e1reas de internaci\u00f3n como a las administrativas. Las altas temperaturas han causado descompensaciones en trabajadores y pacientes, obstaculizando el proceso de recuperaci\u00f3n y generando un ambiente laboral insostenible.<\/p>\n<figure id=\"attachment_47312\" aria-describedby=\"caption-attachment-47312\" style=\"width: 1024px\" class=\"wp-caption alignnone\"><a href=\"https:\/\/atecordoba.org\/wp-content\/uploads\/2025\/01\/WhatsApp-Image-2025-01-13-at-11.13.59-AM-scaled.jpeg\"><img loading=\"lazy\" decoding=\"async\" class=\"wp-image-47312 size-large\" src=\"https:\/\/atecordoba.org\/wp-content\/uploads\/2025\/01\/WhatsApp-Image-2025-01-13-at-11.13.59-AM-1024x769.jpeg\" alt=\"\" width=\"1024\" height=\"769\" srcset=\"https:\/\/atecordoba.org\/wp-content\/uploads\/2025\/01\/WhatsApp-Image-2025-01-13-at-11.13.59-AM-1024x769.jpeg 1024w, https:\/\/atecordoba.org\/wp-content\/uploads\/2025\/01\/WhatsApp-Image-2025-01-13-at-11.13.59-AM-300x225.jpeg 300w, https:\/\/atecordoba.org\/wp-content\/uploads\/2025\/01\/WhatsApp-Image-2025-01-13-at-11.13.59-AM-768x577.jpeg 768w, https:\/\/atecordoba.org\/wp-content\/uploads\/2025\/01\/WhatsApp-Image-2025-01-13-at-11.13.59-AM-1536x1153.jpeg 1536w, https:\/\/atecordoba.org\/wp-content\/uploads\/2025\/01\/WhatsApp-Image-2025-01-13-at-11.13.59-AM-2048x1537.jpeg 2048w, https:\/\/atecordoba.org\/wp-content\/uploads\/2025\/01\/WhatsApp-Image-2025-01-13-at-11.13.59-AM-750x563.jpeg 750w, https:\/\/atecordoba.org\/wp-content\/uploads\/2025\/01\/WhatsApp-Image-2025-01-13-at-11.13.59-AM-1140x856.jpeg 1140w\" sizes=\"auto, (max-width: 1024px) 100vw, 1024px\" \/><\/a><figcaption id=\"caption-attachment-47312\" class=\"wp-caption-text\">Nuestro secretario de organizaci\u00f3n Javier Bracamonte se acerc\u00f3 al sector para relevar las problem\u00e1ticas que est\u00e1n planteando las y los trabajadores.<\/figcaption><\/figure>\n<blockquote>\n<h4 data-pm-slice=\"1 1 []\"><strong>Nuestro secretario de organizaci\u00f3n y paritario CyMAT de las fuerzas armadas, Javier Bracamonte<\/strong>, al recorrer el hospital, se\u00f1al\u00f3: \u201cDesde ATE solicitamos a las autoridades del Hospital Aeron\u00e1utico C\u00f3rdoba que, por los medios administrativos correspondientes, se garantice que dicho nosocomio vuelva a funcionar con todos sus servicios de manera normal y acorde a las necesidades de las y los trabajadores y de los afiliados a la IOSFA. Los trabajadores del sistema de salud de las Fuerzas Armadas estamos a favor de ser los principales prestatarios dentro del sistema de la obra social. Consideramos que se deben refuncionalizar nuestros hospitales para no depender de los negociados con terceros\u201d.<\/h4>\n<\/blockquote>\n<p><strong>La importancia de los aires acondicionados<\/strong><br \/>\nAdem\u00e1s de lo mencionado anteriormente por nuestro secretario de organizaci\u00f3n las delegadas remarcaron que \u201cesto no es un capricho, sino una necesidad fundamental\u201d. Los sistemas de climatizaci\u00f3n son esenciales para controlar la humedad, regular la temperatura, prevenir la proliferaci\u00f3n de bacterias y virus, y asegurar un ambiente saludable tanto para los pacientes como para los trabajadores. La ausencia de estos equipos afecta directamente la salud y el desempe\u00f1o del personal.<\/p>\n<p><strong>Otras demandas urgentes<\/strong><br \/>\nAdem\u00e1s de los aires acondicionados, se reclama:<\/p>\n<ul data-spread=\"false\">\n<li><strong>Mejor limpieza y desinfecci\u00f3n<\/strong> en todas las \u00e1reas del hospital.<\/li>\n<li><strong>Acceso a agua potable:<\/strong> la incorporaci\u00f3n de dispensers con bidones en todos los pisos, ya que el tanque de agua del hospital no se encuentra en condiciones \u00f3ptimas para su uso.<\/li>\n<\/ul>\n<p><strong>Un llamado a las autoridades<\/strong><br \/>\nDesde ATE se solicita a las autoridades responsables que atiendan de inmediato estos reclamos para garantizar el bienestar de trabajadores y pacientes. Tanto nuestro secretario de organizaci\u00f3n como las delegadas del sector enfatizaron que estas medidas no solo mejorar\u00e1n las condiciones laborales, sino que tambi\u00e9n contribuir\u00e1n a una recuperaci\u00f3n m\u00e1s eficaz de quienes reciben atenci\u00f3n m\u00e9dica.<\/p>\n<p>La lucha por condiciones dignas en el Hospital Aeron\u00e1utico C\u00f3rdoba es un llamado a defender la salud y los derechos de las y los trabajadores. Desde ATE, reafirmamos nuestro compromiso con esta causa.<\/p>\n<p>&nbsp;<\/p>\n","protected":false},"excerpt":{"rendered":"<p>Desde la delegaci\u00f3n del Hospital Aeron\u00e1utico C\u00f3rdoba, Anabella B\u00e1rcena y Griselda Gomez, delegadas de ATE, han expresado la preocupaci\u00f3n por las condiciones cr\u00edticas que enfrentan las y los trabajadores del sector, as\u00ed como los pacientes. Luego de varios reclamos, el sindicato exige soluciones inmediatas para garantizar un entorno adecuado y seguro. Entre los problemas principales, [&hellip;]<\/p>\n","protected":false},"author":3,"featured_media":47311,"comment_status":"open","ping_status":"open","sticky":false,"template":"","format":"standard","meta":{"_exactmetrics_skip_tracking":false,"_exactmetrics_sitenote_active":false,"_exactmetrics_sitenote_note":"","_exactmetrics_sitenote_category":0,"jnews-multi-image_gallery":[],"jnews_single_post":{"format":"standard","override":[{"template":"1","parallax":"1","fullscreen":"1","layout":"no-sidebar-narrow","sidebar":"default-sidebar","second_sidebar":"default-sidebar","sticky_sidebar":"1","share_position":"bottom","share_float_style":"share-monocrhome","show_share_counter":"1","show_view_counter":"1","show_post_meta":"1","show_post_author_image":"1","show_post_date":"1","post_date_format":"default","post_date_format_custom":"Y\/m\/d","show_post_category":"1","show_post_reading_time":"0","post_reading_time_wpm":"300","post_calculate_word_method":"str_word_count","show_zoom_button":"0","zoom_button_out_step":"2","zoom_button_in_step":"3","show_post_tag":"1","number_popup_post":"1","show_post_related":"1","show_inline_post_related":"0"}],"image_override":[{"single_post_thumbnail_size":"crop-500","single_post_gallery_size":"crop-500"}],"trending_post_position":"meta","trending_post_label":"Trending","sponsored_post_label":"Sponsored by","disable_ad":"0"},"jnews_primary_category":[],"jnews_social_meta":[],"jnews_review":[],"enable_review":"","type":"percentage","name":"","summary":"","brand":"","sku":"","good":[],"bad":[],"score_override":"","override_value":"","rating":[],"price":[],"jnews_override_counter":{"view_counter_number":"0","share_counter_number":"0","like_counter_number":"0","dislike_counter_number":"0"},"jnews_post_split":{"post_split":[{"template":"1","tag":"h2","numbering":"asc","mode":"normal","first":"0","enable_toc":"0","toc_type":"normal"}]},"footnotes":""},"categories":[957],"tags":[],"class_list":["post-47310","post","type-post","status-publish","format-standard","has-post-thumbnail","hentry","category-salud"],"jetpack_featured_media_url":"https:\/\/atecordoba.org\/wp-content\/uploads\/2025\/01\/WhatsApp-Image-2025-01-13-at-11.13.58-AM-scaled.jpeg","_links":{"self":[{"href":"https:\/\/atecordoba.org\/index.php?rest_route=\/wp\/v2\/posts\/47310","targetHints":{"allow":["GET"]}}],"collection":[{"href":"https:\/\/atecordoba.org\/index.php?rest_route=\/wp\/v2\/posts"}],"about":[{"href":"https:\/\/atecordoba.org\/index.php?rest_route=\/wp\/v2\/types\/post"}],"author":[{"embeddable":true,"href":"https:\/\/atecordoba.org\/index.php?rest_route=\/wp\/v2\/users\/3"}],"replies":[{"embeddable":true,"href":"https:\/\/atecordoba.org\/index.php?rest_route=%2Fwp%2Fv2%2Fcomments&post=47310"}],"version-history":[{"count":5,"href":"https:\/\/atecordoba.org\/index.php?rest_route=\/wp\/v2\/posts\/47310\/revisions"}],"predecessor-version":[{"id":47317,"href":"https:\/\/atecordoba.org\/index.php?rest_route=\/wp\/v2\/posts\/47310\/revisions\/47317"}],"wp:featuredmedia":[{"embeddable":true,"href":"https:\/\/atecordoba.org\/index.php?rest_route=\/wp\/v2\/media\/47311"}],"wp:attachment":[{"href":"https:\/\/atecordoba.org\/index.php?rest_route=%2Fwp%2Fv2%2Fmedia&parent=47310"}],"wp:term":[{"taxonomy":"category","embeddable":true,"href":"https:\/\/atecordoba.org\/index.php?rest_route=%2Fwp%2Fv2%2Fcategories&post=47310"},{"taxonomy":"post_tag","embeddable":true,"href":"https:\/\/atecordoba.org\/index.php?rest_route=%2Fwp%2Fv2%2Ftags&post=47310"}],"curies":[{"name":"wp","href":"https:\/\/api.w.org\/{rel}","templated":true}]}}