{"id":4731,"date":"2014-11-12T19:17:55","date_gmt":"2014-11-12T22:17:55","guid":{"rendered":"http:\/\/www.atecordoba.org\/?p=4731"},"modified":"2014-11-12T19:17:55","modified_gmt":"2014-11-12T22:17:55","slug":"fabricaciones-militares-diputados-aprobo-por-unanimidad-la-ley-que-deroga-la-figura-sujeto-a-privatizacion-para-el-organismo","status":"publish","type":"post","link":"https:\/\/atecordoba.org\/?p=4731","title":{"rendered":"Fabricaciones Militares: Diputados aprob\u00f3 por unanimidad la ley que deroga la figura &#8216;sujeto a privatizaci\u00f3n&#8217; para el organismo"},"content":{"rendered":"<p><em>Con 227 votos a favor y ninguno en contra la C\u00e1mara de Diputados de la Naci\u00f3n aprob\u00f3 hoy la ley que quita a la Direcci\u00f3n General de Fabricaciones Militares de la figura de &#8216;sujeto a privatizaci\u00f3n&#8217;, existente desde la d\u00e9cada del &#8217;90. El organismo cuenta con dos plantas en C\u00f3rdoba: R\u00edo Tercero y Villa Mar\u00eda. As\u00ed se cumple un viejo anhelo de ATE despu\u00e9s de 20 a\u00f1os de resistencia a las privatizaciones. El proyecto fue presentado por el diputado de Unidad Popular V\u00edctor De Gennaro, con el asesoramiento de nuestro gremio y cont\u00f3 con el apoyo de todos los bloques partidarios.<\/em><\/p>\n<p><a href=\"http:\/\/www.atecordoba.org\/wp-content\/uploads\/2014\/11\/camara-de-diputados-argentina.jpg\"><img loading=\"lazy\" decoding=\"async\" class=\"aligncenter  wp-image-4732\" src=\"http:\/\/www.atecordoba.org\/wp-content\/uploads\/2014\/11\/camara-de-diputados-argentina.jpg\" alt=\"camara-de-diputados-argentina\" width=\"524\" height=\"334\" \/><\/a><\/p>\n<p>Hoy se cumpli\u00f3 un viejo anhelo de ATE: terminar con la figura &#8216;sujeto a privatizaci\u00f3n&#8217; que pesaba sobre el destino de la Direcci\u00f3n General de Fabricaciones Militares (DGFM) y que durante su vigencia se cobr\u00f3 la existencia de 10 f\u00e1bricas en todo el pa\u00eds. Quedaron en pie, gracias a la lucha y la resistencia de los trabajadores, la F\u00e1brica de P\u00f3lvora y Explosivos Villa Mar\u00eda, la F\u00e1brica Militar R\u00edo Tercero, la F\u00e1brica Militar Fray Luis Beltr\u00e1n (Santa Fe), la Fabrica Militar Azul (Buenos Aires) y Sede Central (Capital Federal).<\/p>\n<p>Ahora, con la media sanci\u00f3n de Diputados, se despeja el panorama de cara al futuro, en momentos en que el organismo acaba de inaugurar una nueva planta de producci\u00f3n en la ciudad de J\u00e1chal, San Juan.<\/p>\n<p>El proyecto de ley cont\u00f3 con el apoyo de todos los bloques presentes en la sesi\u00f3n, y hab\u00eda sido firmado por los diputados: V\u00edctor De Gennaro (Unidad Popular), Hermes Binner (Partido Socialista), Edgardo Depetri (Frente para la Victoria), Omar Duclos (Gen), Jorge Valinotto (Frente C\u00edvico), Lino Aguilar (Compromiso Federal), Victoria Donda (Libres del Sur), Graciela Villata (Frente C\u00edvico), Carlos Brown (FE), Mario Negri (UCR), Antonio Riestra (Unidad Popular), Claudio Lozano (Unidad Popular), Miguel Del Sel (PRO) y Ramona Pucheta (Frente por la Inclusi\u00f3n Social).<\/p>\n<p>En sus fundamentos, el proyecto se\u00f1al\u00f3 que &#8220;el modelo de la d\u00e9cada de los \u00b490 puso de manifiesto que en la Argentina, el gobierno hab\u00eda renunciado a la formulaci\u00f3n de un planeamiento a largo plazo, capaz de coordinar y orientar las inversiones productivas, de generar valor agregado, de transformar un pa\u00eds agroexportador en una pa\u00eds capaz de insertarse al orden mundial con una variedad de productos, bienes e insumos que tienen en el mercado mundial una importancia superlativa&#8221;.<\/p>\n<p>Y a\u00f1adi\u00f3 que &#8220;el Complejo Industrial de la Direcci\u00f3n General de Fabricaciones Militares, que se distribuy\u00f3 a lo largo y ancho del pa\u00eds, constituy\u00f3 la columna vertebral de un proyecto metalmec\u00e1nico que permiti\u00f3 desde su instalaci\u00f3n y puesta en marcha, modificar las fisonom\u00edas de los lugares y convertir pueblos en verdaderas ciudades&#8221;.<\/p>\n<p>En ese sentido, los diputados entendieron que &#8220;derogar el car\u00e1cter de \u2018sujetas a privatizaciones\u2019 a las F\u00e1bricas Militares de P\u00f3lvoras y Explosivos de Villa Mar\u00eda, Fray Luis Beltr\u00e1n, Azul y R\u00edo Tercero, no es un hecho arbitrario, encuentra su fundamento en que no podemos desperdiciar la capacidad ya desarrollada; no se requiere ni contamos con una coyuntura internacional que nos permita pensar en proyectos fara\u00f3nicos- muy por el contrario- s\u00f3lo se necesita que se revierta y que se pongan a funcionar empresas que ya est\u00e1n instaladas y que posibilitaron hace unos a\u00f1os diversificar nuestra producci\u00f3n&#8221;.<\/p>\n<p>Y esto es as\u00ed porque &#8220;estas empresas demandan mano de obra calificada, con la cual la Argentina a\u00fan cuenta, que son capaces de generar trabajo genuino y que, con s\u00f3lo refuncionalizarlas, podr\u00edan convertir a las localidades y sus regiones circundantes en verdaderos polos de desarrollo, con las implicancias multiplicadoras que este tipo de actividades generan&#8221;.<\/p>\n<p>Sin duda, la aprobaci\u00f3n en diputados de la ley consiste en un triunfo de los trabajadores y un reconocimiento a nuestra ATE como portadora de las banderas que evitaron el remate total del complejo fabril. A esto hay que sumar el destacado papel que protagonizaron las distintas entidades sociales de Villa Mar\u00eda y R\u00edo Tercero, as\u00ed como de los otros puntos de pa\u00eds, donde la resistencia al proceso privatizador tuvo un \u00e9xito rotundo, que hoy se coron\u00f3 en el Congreso.<\/p>\n","protected":false},"excerpt":{"rendered":"<p>Con 227 votos a favor y ninguno en contra la C\u00e1mara de Diputados de la Naci\u00f3n aprob\u00f3 hoy la ley que quita a la Direcci\u00f3n General de Fabricaciones Militares de la figura de &#8216;sujeto a privatizaci\u00f3n&#8217;, existente desde la d\u00e9cada del &#8217;90. El organismo cuenta con dos plantas en C\u00f3rdoba: R\u00edo Tercero y Villa Mar\u00eda. [&hellip;]<\/p>\n","protected":false},"author":1,"featured_media":19220,"comment_status":"open","ping_status":"open","sticky":false,"template":"","format":"standard","meta":{"_exactmetrics_skip_tracking":false,"_exactmetrics_sitenote_active":false,"_exactmetrics_sitenote_note":"","_exactmetrics_sitenote_category":0,"jnews-multi-image_gallery":[],"jnews_single_post":[],"jnews_primary_category":[],"jnews_social_meta":[],"jnews_review":[],"enable_review":"","type":"","name":"","summary":"","brand":"","sku":"","good":[],"bad":[],"score_override":"","override_value":"","rating":[],"price":[],"jnews_override_counter":[],"jnews_post_split":[],"footnotes":""},"categories":[17,18],"tags":[],"class_list":["post-4731","post","type-post","status-publish","format-standard","has-post-thumbnail","hentry","category-fabricaciones-militares","category-nacionales"],"jetpack_featured_media_url":"https:\/\/atecordoba.org\/wp-content\/uploads\/2020\/05\/logo-nuevochico-e1561581322808.png","_links":{"self":[{"href":"https:\/\/atecordoba.org\/index.php?rest_route=\/wp\/v2\/posts\/4731","targetHints":{"allow":["GET"]}}],"collection":[{"href":"https:\/\/atecordoba.org\/index.php?rest_route=\/wp\/v2\/posts"}],"about":[{"href":"https:\/\/atecordoba.org\/index.php?rest_route=\/wp\/v2\/types\/post"}],"author":[{"embeddable":true,"href":"https:\/\/atecordoba.org\/index.php?rest_route=\/wp\/v2\/users\/1"}],"replies":[{"embeddable":true,"href":"https:\/\/atecordoba.org\/index.php?rest_route=%2Fwp%2Fv2%2Fcomments&post=4731"}],"version-history":[{"count":0,"href":"https:\/\/atecordoba.org\/index.php?rest_route=\/wp\/v2\/posts\/4731\/revisions"}],"wp:featuredmedia":[{"embeddable":true,"href":"https:\/\/atecordoba.org\/index.php?rest_route=\/wp\/v2\/media\/19220"}],"wp:attachment":[{"href":"https:\/\/atecordoba.org\/index.php?rest_route=%2Fwp%2Fv2%2Fmedia&parent=4731"}],"wp:term":[{"taxonomy":"category","embeddable":true,"href":"https:\/\/atecordoba.org\/index.php?rest_route=%2Fwp%2Fv2%2Fcategories&post=4731"},{"taxonomy":"post_tag","embeddable":true,"href":"https:\/\/atecordoba.org\/index.php?rest_route=%2Fwp%2Fv2%2Ftags&post=4731"}],"curies":[{"name":"wp","href":"https:\/\/api.w.org\/{rel}","templated":true}]}}