{"id":47296,"date":"2025-01-09T11:15:19","date_gmt":"2025-01-09T14:15:19","guid":{"rendered":"https:\/\/atecordoba.org\/?p=47296"},"modified":"2025-01-09T11:15:19","modified_gmt":"2025-01-09T14:15:19","slug":"maria-lilagarcia-la-escribana-de-los-trabajadores","status":"publish","type":"post","link":"https:\/\/atecordoba.org\/?p=47296","title":{"rendered":"Mar\u00eda \u201cLila\u201dGarc\u00eda, la escribana de los trabajadores"},"content":{"rendered":"<div class=\"x11i5rnm xat24cr x1mh8g0r x1vvkbs xtlvy1s x126k92a\">\n<div dir=\"auto\"><a href=\"https:\/\/atecordoba.org\/wp-content\/uploads\/2025\/01\/98303115_1176091692735442_3984608651338842112_n-264x300-1.jpg\"><img loading=\"lazy\" decoding=\"async\" class=\"alignnone size-full wp-image-47297\" src=\"https:\/\/atecordoba.org\/wp-content\/uploads\/2025\/01\/98303115_1176091692735442_3984608651338842112_n-264x300-1.jpg\" alt=\"\" width=\"264\" height=\"300\" \/><\/a><\/div>\n<div dir=\"auto\">Falleci\u00f3 el 9 de enero de 2024 la cordobesa y militante de los derechos humanos Mar\u00eda \u201cLila\u201d Garc\u00eda, adem\u00e1s de hermana de Soledad -dirigenta del gremio docente y la CTA que fue detenida en la dictadura-; se trata de la escribana que puso sus saberes al servicio de los derechos humanos. Por eso, la conoc\u00edan como la \u201cescribana de los trabajadores\u201d.<\/div>\n<\/div>\n<div class=\"x11i5rnm xat24cr x1mh8g0r x1vvkbs xtlvy1s x126k92a\">\n<div dir=\"auto\"><\/div>\n<div dir=\"auto\">En homenaje a Mar\u00eda \u201cLila\u201d Garc\u00eda, la Asociaci\u00f3n de Trabajadores del Estado de C\u00f3rdoba en el a\u00f1o 2020 puso su nombre al Campus Virtual de Formaci\u00f3n de G\u00e9nero. Al respecto, el historiador Daniel Parcero dijo que en la tarea de reconstruir la memoria, una de las consignas fue ir \u201cal rescate de esta figura trascendente del sindicalismo\u201d.<\/div>\n<div dir=\"auto\"><\/div>\n<div dir=\"auto\">\u201cLila\u201d fue la escribana de ATE C\u00f3rdoba desde comienzos de los a\u00f1os 60, y de reconocida trayectoria profesional en otros gremios. Desde comienzos de su carrera decidi\u00f3 poner sus conocimientos al servicio del movimiento obrero, cumpliendo con un ejemplar desempe\u00f1o.<\/div>\n<div dir=\"auto\"><\/div>\n<div dir=\"auto\">\u201cAquella mujer, con profunda vocaci\u00f3n nacional y popular, a la hora de la madrugada que era convocada, bol\u00edgrafo y carpeta en mano, estaba presente en tomas de f\u00e1brica, asambleas, \u00f3rdenes de captura, frente a los trabajadores estatales, y sus dirigentes en lucha. Siempre atenta y predispuesta para confeccionar las actas correspondientes y cumplir con el protocolo al servicio de quienes siempre consider\u00f3 compa\u00f1eras y compa\u00f1eros\u201d, expresa Parcero.<\/div>\n<div dir=\"auto\"><\/div>\n<div dir=\"auto\">Por otra parte, en el filme \u201cLas Brujas del Cordobazo\u201d, basado en el libro \u201cEl Cordobazo de las Mujeres\u201d de Bibiana Fulchieri, \u201cLila\u201d da su testimonio como una de esas luchadoras que se movilizaron en contra de la dictadura de Ongan\u00eda al lado de Agust\u00edn Tosco.<\/div>\n<div dir=\"auto\"><\/div>\n<div dir=\"auto\">La invisibilizaci\u00f3n de las mujeres hizo que, en esos a\u00f1os, la foto ic\u00f3nica de la marcha estuviera recortada para que solo se vieran los hombres. Hasta que Fulchieri las rescat\u00f3 y en la pel\u00edcula se pudo escuchar las voces de las que como ella, no dudaron en so\u00f1ar y construir un mundo mejor.<\/div>\n<\/div>\n<div dir=\"auto\">\n<h3><strong>El compromiso profesional y militante de una brillante mujer en ATE C\u00f3rdoba<\/strong><\/h3>\n<p><strong>Por Daniel Parcero*<\/strong><\/p>\n<p><a href=\"https:\/\/atecordoba.org\/wp-content\/uploads\/2025\/01\/418426663_10229739918433558_2084995518686956184_n-300x192-1.jpg\"><img loading=\"lazy\" decoding=\"async\" class=\"alignnone size-full wp-image-47298\" src=\"https:\/\/atecordoba.org\/wp-content\/uploads\/2025\/01\/418426663_10229739918433558_2084995518686956184_n-300x192-1.jpg\" alt=\"\" width=\"300\" height=\"192\" \/><\/a><\/p>\n<p>Mar\u00eda \u201cLila\u201d Garc\u00eda, hist\u00f3rica escribana de los gremios combativos de la C\u00f3rdoba rebelde, ha sido rescatada de la \u201cnube del olvido\u201d, en una justa reivindicaci\u00f3n por parte de la Conducci\u00f3n Provincial del Consejo Directivo Provincial de la Asociaci\u00f3n Trabajadores del Estado (ATE-CTAA) de la mencionada provincia, compa\u00f1ero Federico Giuliani, al decidir que el Campus Virtual de Formaci\u00f3n en G\u00e9neros<i>\u00a0(<\/i>Escuela de Formaci\u00f3n en G\u00e9neros), lleve su nombre.<\/p>\n<p>El hecho ha sido posible a partir del permanente empe\u00f1o de la Conducci\u00f3n de de ATE Nacional, desde la recuperaci\u00f3n de la democracia, en recuperar su memoria hist\u00f3rica, labor investigativa plasmada en hasta ahora 6 tomos de su historia de construcci\u00f3n y consolidaci\u00f3n organizativa, y 10 vol\u00famenes de \u201cHistorias recuperadas\u201d, rescatando el protagonismo de figuras trascendentes surgidas de las filas de la ATE, silenciadas por la historia oficial. Entre ellas: \u201cH\u00e9ctor \u2018La Perra\u2019 Castro, ATE el Cordobazo y despu\u00e9s\u201d.<\/p>\n<p>Precisamente al ir al rescate de \u00e9sta figura trascendente del sindicalismo, y al encuentro de compa\u00f1eras y compa\u00f1eros como Guillermo Galindez \u2013ex Secretario de Prensa de la Seccional C\u00f3rdoba de ATE- que participaran de aquellas gloriosas jornadas de lucha, es que se pudo recuperar la p\u00e1gina de compromiso que representa \u201cLila\u201d; cuyo protagonismo, adem\u00e1s, viene siendo recuperado en el libro en curso \u201cLa ATE y sus mujeres\u201d de pronta aparici\u00f3n.<\/p>\n<p>Como dir\u00eda el maravilloso poeta uruguayo Mario Benedetti en uno de sus versos:<\/p>\n<p>\u201cresumiendo<br \/>\ny ya que ciertamente<br \/>\nel olvido est\u00e1 lleno de memoria<br \/>\nvamos a destaparlo\/a revelarlo<br \/>\nsin mezquindades ni pudores tibios\/<br \/>\nvamos a compartir los sue\u00f1os con los sue\u00f1os<br \/>\ndel pr\u00f3jimo m\u00e1s pr\u00f3ximo y m\u00e1s ni\u00f1o\u201d.<\/p>\n<p>\u201cLila\u201d fue la escribana de ATE C\u00f3rdoba desde comienzos de los a\u00f1os 60, y de reconocida trayectoria profesional en otros gremios. Desde comienzos de su carrera decidi\u00f3 poner sus conocimientos al servicio del movimiento obrero, cumpliendo con un ejemplar desempe\u00f1o, sobre todo en momentos en que la dictadura militar del General Ongan\u00eda pactaba con la burocracia sindical espurios acuerdos y consent\u00eda intervenciones hacia conducciones del interior del pa\u00eds.<\/p>\n<div class=\"wp-block-image\">\n<figure class=\"aligncenter size-large\"><img decoding=\"async\" class=\"wp-image-12995\" src=\"https:\/\/www.atecordoba.org\/wp-content\/uploads\/2020\/05\/Convocatoria-al-curso-de-generos-1-1024x486.jpg\" sizes=\"(max-width: 1024px) 100vw, 1024px\" srcset=\"https:\/\/www.atecordoba.org\/wp-content\/uploads\/2020\/05\/Convocatoria-al-curso-de-generos-1-1024x486.jpg 1024w, https:\/\/www.atecordoba.org\/wp-content\/uploads\/2020\/05\/Convocatoria-al-curso-de-generos-1-300x142.jpg 300w, https:\/\/www.atecordoba.org\/wp-content\/uploads\/2020\/05\/Convocatoria-al-curso-de-generos-1-768x365.jpg 768w, https:\/\/www.atecordoba.org\/wp-content\/uploads\/2020\/05\/Convocatoria-al-curso-de-generos-1.jpg 1207w\" alt=\"\" \/>Momentos en que el subsuelo de la Patria comenzaba a sublevarse.<\/figure>\n<\/div>\n<p>Aquella mujer, con profunda vocaci\u00f3n nacional y popular, a la hora de la madrugada que era convocada, bol\u00edgrafo y carpeta en mano estaba presente en tomas de f\u00e1brica, asambleas, \u00f3rdenes de captura, frente a los trabajadores estatales, y sus dirigentes en lucha.<\/p>\n<p>Siempre atenta y predispuesta para confeccionar las actas correspondientes y cumplir con el protocolo al servicio de quienes siempre consider\u00f3 compa\u00f1eras y compa\u00f1eros. Acompa\u00f1\u00f3 junto a ellos, corridas y persecuciones de efectivos fuertemente armados a pie y tambi\u00e9n de la Montada.<\/p>\n<p>\u201cLila\u201d continuar\u00e1 siendo la compa\u00f1era escribana. En \u00e9se orden. \u201cCuando se corre la nube del olvido\u2026el olvido est\u00e1 lleno de memoria\u201d. Y porque nos pertenece y nos hacemos cargo.<\/p>\n<p><strong>*Periodista. Escritor revisionista de ATE<\/strong><\/p>\n<h3 class=\"header headline-class-h3\"><strong>Fragmento de \u201cEl Cordobazo de las mujeres\u201d<\/strong><\/h3>\n<div dir=\"auto\">\n<p class=\"paragraph\" data-mrf-recirculation=\"Links inline\"><b>1) Mar\u00eda Lila Garc\u00eda<\/b><\/p>\n<p class=\"paragraph\" data-mrf-recirculation=\"Links inline\">\u201cEl Cordobazo en pleno nos agarr\u00f3 a toda mi familia viviendo en la calle San Lorenzo al 141, en el barrio Guemes. Por supuesto que este d\u00eda se ven\u00eda preparando desde hac\u00eda bastante. Lo digo como escribana, que estaba colaborando con la gente de Derechos Humanos; fui protagonista testigo directa de las tomas de f\u00e1bricas\u00a0que se produc\u00edan y tengo recuerdos de haber salido de raje a las cuatro de la ma\u00f1ana, porque los obreros llamaban, para a hacer las actas y el protocolo y as\u00ed dejar sentado todo lo que acontec\u00eda.<\/p>\n<div class=\"blockquote\">\n<blockquote class=\"color_figcaption\"><p>\u201cAnduve esquivando los caballos de la montada que se pegaban una patinadas b\u00e1rbaras entre las bolitas y tambi\u00e9n los manifestantes \u00a1les tiraban gatos!\u201d\u00a0Mar\u00eda Lila Garc\u00eda<\/p><\/blockquote>\n<\/div>\n<p class=\"paragraph\" data-mrf-recirculation=\"Links inline\">Muchas veces iba junto al Cuqui Curutchet,\u00a0pobrecito \u00a1c\u00f3mo lo asesinaron!\u00a0Anduve esquivando los caballos de la montada que se pegaban una patinadas b\u00e1rbaras entre las bolitas y tambi\u00e9n los manifestantes \u00a1les tiraban gatos! claro, los caballos se iban a la mierda\u2026As\u00ed los obreros y los estudiantes fueron ocupando toda la ciudad. Pero el despelote total vino cuando nos enteramos que lo matan a M\u00e1ximo Mena, la furia fue enorme y se incendia la Xerox de Col\u00f3n; la verdad nos alegramos mucho, porque ten\u00edan unos guardias tan hijos de puta que apenas nos ve\u00edan volanteando \u00a1nada m\u00e1s! y ya llamaban a la polic\u00eda para que nos llevaran. Ten\u00eda terror de caer en cana.<\/p>\n<p class=\"paragraph\" data-mrf-recirculation=\"Links inline\">Creo que a partir de este d\u00eda la gente se radicaliz\u00f3 m\u00e1s. Se empezaron a pedir abiertamente elecciones libres y el regreso de Per\u00f3n y era impresionante c\u00f3mo se iban incorporando cuadros medios con mucha conciencia de lucha. Siempre pienso que, justamente, esa generaci\u00f3n no se pudo reponer, porque quedaron vivos los chicos, los viejos y el miedo\u201d.<\/p>\n<p data-mrf-recirculation=\"Links inline\"><strong>Del libro \u201cEl Cordobazo de las mujeres\u201d, de Bibiana Fulchieri<\/strong><\/p>\n<\/div>\n<div dir=\"auto\"><strong>Fuente: www.eldiariocba.com.ar<\/strong><\/div>\n<\/div>\n","protected":false},"excerpt":{"rendered":"<p>Falleci\u00f3 el 9 de enero de 2024 la cordobesa y militante de los derechos humanos Mar\u00eda \u201cLila\u201d Garc\u00eda, adem\u00e1s de hermana de Soledad -dirigenta del gremio docente y la CTA que fue detenida en la dictadura-; se trata de la escribana que puso sus saberes al servicio de los derechos humanos. Por eso, la conoc\u00edan [&hellip;]<\/p>\n","protected":false},"author":3,"featured_media":47298,"comment_status":"open","ping_status":"open","sticky":false,"template":"","format":"standard","meta":{"_exactmetrics_skip_tracking":false,"_exactmetrics_sitenote_active":false,"_exactmetrics_sitenote_note":"","_exactmetrics_sitenote_category":0,"jnews-multi-image_gallery":[],"jnews_single_post":{"format":"standard","override":[{"template":"1","parallax":"1","fullscreen":"1","layout":"no-sidebar-narrow","sidebar":"default-sidebar","second_sidebar":"default-sidebar","sticky_sidebar":"1","share_position":"bottom","share_float_style":"share-monocrhome","show_share_counter":"1","show_view_counter":"1","show_post_meta":"1","show_post_author_image":"1","show_post_date":"1","post_date_format":"default","post_date_format_custom":"Y\/m\/d","show_post_category":"1","show_post_reading_time":"0","post_reading_time_wpm":"300","post_calculate_word_method":"str_word_count","show_zoom_button":"0","zoom_button_out_step":"2","zoom_button_in_step":"3","show_post_tag":"1","number_popup_post":"1","show_post_related":"1","show_inline_post_related":"0"}],"image_override":[{"single_post_thumbnail_size":"crop-500","single_post_gallery_size":"crop-500"}],"trending_post_position":"meta","trending_post_label":"Trending","sponsored_post_label":"Sponsored by","disable_ad":"0"},"jnews_primary_category":[],"jnews_social_meta":[],"jnews_review":[],"enable_review":"","type":"percentage","name":"","summary":"","brand":"","sku":"","good":[],"bad":[],"score_override":"","override_value":"","rating":[],"price":[],"jnews_override_counter":{"view_counter_number":"0","share_counter_number":"0","like_counter_number":"0","dislike_counter_number":"0"},"jnews_post_split":{"post_split":[{"template":"1","tag":"h2","numbering":"asc","mode":"normal","first":"0","enable_toc":"0","toc_type":"normal"}]},"footnotes":""},"categories":[972],"tags":[],"class_list":["post-47296","post","type-post","status-publish","format-standard","has-post-thumbnail","hentry","category-culturas"],"jetpack_featured_media_url":"https:\/\/atecordoba.org\/wp-content\/uploads\/2025\/01\/418426663_10229739918433558_2084995518686956184_n-300x192-1.jpg","_links":{"self":[{"href":"https:\/\/atecordoba.org\/index.php?rest_route=\/wp\/v2\/posts\/47296","targetHints":{"allow":["GET"]}}],"collection":[{"href":"https:\/\/atecordoba.org\/index.php?rest_route=\/wp\/v2\/posts"}],"about":[{"href":"https:\/\/atecordoba.org\/index.php?rest_route=\/wp\/v2\/types\/post"}],"author":[{"embeddable":true,"href":"https:\/\/atecordoba.org\/index.php?rest_route=\/wp\/v2\/users\/3"}],"replies":[{"embeddable":true,"href":"https:\/\/atecordoba.org\/index.php?rest_route=%2Fwp%2Fv2%2Fcomments&post=47296"}],"version-history":[{"count":1,"href":"https:\/\/atecordoba.org\/index.php?rest_route=\/wp\/v2\/posts\/47296\/revisions"}],"predecessor-version":[{"id":47299,"href":"https:\/\/atecordoba.org\/index.php?rest_route=\/wp\/v2\/posts\/47296\/revisions\/47299"}],"wp:featuredmedia":[{"embeddable":true,"href":"https:\/\/atecordoba.org\/index.php?rest_route=\/wp\/v2\/media\/47298"}],"wp:attachment":[{"href":"https:\/\/atecordoba.org\/index.php?rest_route=%2Fwp%2Fv2%2Fmedia&parent=47296"}],"wp:term":[{"taxonomy":"category","embeddable":true,"href":"https:\/\/atecordoba.org\/index.php?rest_route=%2Fwp%2Fv2%2Fcategories&post=47296"},{"taxonomy":"post_tag","embeddable":true,"href":"https:\/\/atecordoba.org\/index.php?rest_route=%2Fwp%2Fv2%2Ftags&post=47296"}],"curies":[{"name":"wp","href":"https:\/\/api.w.org\/{rel}","templated":true}]}}