{"id":47287,"date":"2025-01-09T11:08:40","date_gmt":"2025-01-09T14:08:40","guid":{"rendered":"https:\/\/atecordoba.org\/?p=47287"},"modified":"2025-01-09T11:08:40","modified_gmt":"2025-01-09T14:08:40","slug":"ate-cordoba-exige-justicia-por-fabiana-pacheco-a-un-mes-de-su-muerte","status":"publish","type":"post","link":"https:\/\/atecordoba.org\/?p=47287","title":{"rendered":"ATE C\u00f3rdoba exige justicia por Fabiana Pacheco a un mes de su muerte"},"content":{"rendered":"<p><a href=\"https:\/\/atecordoba.org\/wp-content\/uploads\/2025\/01\/137352.webp\"><img loading=\"lazy\" decoding=\"async\" class=\"alignnone wp-image-47288 size-full\" src=\"https:\/\/atecordoba.org\/wp-content\/uploads\/2025\/01\/137352.webp\" alt=\"\" width=\"1102\" height=\"620\" srcset=\"https:\/\/atecordoba.org\/wp-content\/uploads\/2025\/01\/137352.webp 1102w, https:\/\/atecordoba.org\/wp-content\/uploads\/2025\/01\/137352-300x169.webp 300w, https:\/\/atecordoba.org\/wp-content\/uploads\/2025\/01\/137352-1024x576.webp 1024w, https:\/\/atecordoba.org\/wp-content\/uploads\/2025\/01\/137352-768x432.webp 768w, https:\/\/atecordoba.org\/wp-content\/uploads\/2025\/01\/137352-750x422.webp 750w\" sizes=\"auto, (max-width: 1102px) 100vw, 1102px\" \/><\/a><\/p>\n<p>El pasado 9 de diciembre, Fabiana Pacheco, integrante activa y querida de nuestro gremio, falleci\u00f3 en circunstancias que a\u00fan generan dudas. Desde ATE C\u00f3rdoba renovamos el pedido de una investigaci\u00f3n exhaustiva para esclarecer su muerte y los extra\u00f1os sucesos ocurridos posteriormente.<\/p>\n<p>El accidente ocurri\u00f3 el 1 de diciembre en la autopista C\u00f3rdoba-Rosario, donde Fabiana fue despedida de su veh\u00edculo. Entre las inconsistencias, se destaca la desconexi\u00f3n de su celular varias horas antes del siniestro y la sospecha de que no llevaba puesto el cintur\u00f3n de seguridad, algo poco habitual para ella, seg\u00fan su entorno.<\/p>\n<p>Adem\u00e1s, en el \u00faltimo mes, la vivienda de Fabiana sufri\u00f3 tres robos y violaciones de domicilio, con hechos tan extra\u00f1os como el ingreso sin sustracci\u00f3n de objetos de valor y la aparici\u00f3n de mensajes simb\u00f3licos. Estos sucesos generan interrogantes sobre si los hechos responden a delitos comunes o a algo m\u00e1s profundo.<\/p>\n<p><a href=\"https:\/\/atecordoba.org\/wp-content\/uploads\/2025\/01\/descarga-4.jpg\"><img loading=\"lazy\" decoding=\"async\" class=\"alignnone size-full wp-image-47289\" src=\"https:\/\/atecordoba.org\/wp-content\/uploads\/2025\/01\/descarga-4.jpg\" alt=\"\" width=\"225\" height=\"225\" srcset=\"https:\/\/atecordoba.org\/wp-content\/uploads\/2025\/01\/descarga-4.jpg 225w, https:\/\/atecordoba.org\/wp-content\/uploads\/2025\/01\/descarga-4-150x150.jpg 150w, https:\/\/atecordoba.org\/wp-content\/uploads\/2025\/01\/descarga-4-75x75.jpg 75w\" sizes=\"auto, (max-width: 225px) 100vw, 225px\" \/><\/a> <a href=\"https:\/\/atecordoba.org\/wp-content\/uploads\/2025\/01\/descarga-5.jpg\"><img loading=\"lazy\" decoding=\"async\" class=\"alignnone size-medium wp-image-47290\" src=\"https:\/\/atecordoba.org\/wp-content\/uploads\/2025\/01\/descarga-5.jpg\" alt=\"\" width=\"225\" height=\"225\" srcset=\"https:\/\/atecordoba.org\/wp-content\/uploads\/2025\/01\/descarga-5.jpg 225w, https:\/\/atecordoba.org\/wp-content\/uploads\/2025\/01\/descarga-5-150x150.jpg 150w, https:\/\/atecordoba.org\/wp-content\/uploads\/2025\/01\/descarga-5-75x75.jpg 75w\" sizes=\"auto, (max-width: 225px) 100vw, 225px\" \/><\/a> <a href=\"https:\/\/atecordoba.org\/wp-content\/uploads\/2025\/01\/images-22.jpg\"><img loading=\"lazy\" decoding=\"async\" class=\"alignnone size-medium wp-image-47291\" src=\"https:\/\/atecordoba.org\/wp-content\/uploads\/2025\/01\/images-22.jpg\" alt=\"\" width=\"225\" height=\"225\" srcset=\"https:\/\/atecordoba.org\/wp-content\/uploads\/2025\/01\/images-22.jpg 225w, https:\/\/atecordoba.org\/wp-content\/uploads\/2025\/01\/images-22-150x150.jpg 150w, https:\/\/atecordoba.org\/wp-content\/uploads\/2025\/01\/images-22-75x75.jpg 75w\" sizes=\"auto, (max-width: 225px) 100vw, 225px\" \/><\/a> <a href=\"https:\/\/atecordoba.org\/wp-content\/uploads\/2025\/01\/images-23.jpg\"><img loading=\"lazy\" decoding=\"async\" class=\"alignnone size-medium wp-image-47292\" src=\"https:\/\/atecordoba.org\/wp-content\/uploads\/2025\/01\/images-23.jpg\" alt=\"\" width=\"225\" height=\"225\" srcset=\"https:\/\/atecordoba.org\/wp-content\/uploads\/2025\/01\/images-23.jpg 225w, https:\/\/atecordoba.org\/wp-content\/uploads\/2025\/01\/images-23-150x150.jpg 150w, https:\/\/atecordoba.org\/wp-content\/uploads\/2025\/01\/images-23-75x75.jpg 75w\" sizes=\"auto, (max-width: 225px) 100vw, 225px\" \/><\/a> <a href=\"https:\/\/atecordoba.org\/wp-content\/uploads\/2025\/01\/images-24.jpg\"><img loading=\"lazy\" decoding=\"async\" class=\"alignnone size-medium wp-image-47293\" src=\"https:\/\/atecordoba.org\/wp-content\/uploads\/2025\/01\/images-24.jpg\" alt=\"\" width=\"225\" height=\"225\" srcset=\"https:\/\/atecordoba.org\/wp-content\/uploads\/2025\/01\/images-24.jpg 225w, https:\/\/atecordoba.org\/wp-content\/uploads\/2025\/01\/images-24-150x150.jpg 150w, https:\/\/atecordoba.org\/wp-content\/uploads\/2025\/01\/images-24-75x75.jpg 75w\" sizes=\"auto, (max-width: 225px) 100vw, 225px\" \/><\/a> <a href=\"https:\/\/atecordoba.org\/wp-content\/uploads\/2025\/01\/images-25.jpg\"><img loading=\"lazy\" decoding=\"async\" class=\"alignnone size-medium wp-image-47294\" src=\"https:\/\/atecordoba.org\/wp-content\/uploads\/2025\/01\/images-25.jpg\" alt=\"\" width=\"225\" height=\"225\" srcset=\"https:\/\/atecordoba.org\/wp-content\/uploads\/2025\/01\/images-25.jpg 225w, https:\/\/atecordoba.org\/wp-content\/uploads\/2025\/01\/images-25-150x150.jpg 150w, https:\/\/atecordoba.org\/wp-content\/uploads\/2025\/01\/images-25-75x75.jpg 75w\" sizes=\"auto, (max-width: 225px) 100vw, 225px\" \/><\/a><\/p>\n<blockquote><p>&#8220;Fabiana era un \u00e1ngel, una amiga incondicional, amorosa y solidaria. Su p\u00e9rdida deja un vac\u00edo enorme&#8221;, expresaron sus compa\u00f1eras y compa\u00f1eros.<\/p><\/blockquote>\n<p><em><strong>Desde ATE C\u00f3rdoba seguimos exigiendo justicia, porque esclarecer esta tragedia es un acto de memoria, verdad y respeto hacia Fabiana y su familia.<\/strong><\/em><\/p>\n<p><em><strong>Seguiremos luchando hasta que la verdad salga a la luz.<\/strong><\/em><\/p>\n","protected":false},"excerpt":{"rendered":"<p>El pasado 9 de diciembre, Fabiana Pacheco, integrante activa y querida de nuestro gremio, falleci\u00f3 en circunstancias que a\u00fan generan dudas. Desde ATE C\u00f3rdoba renovamos el pedido de una investigaci\u00f3n exhaustiva para esclarecer su muerte y los extra\u00f1os sucesos ocurridos posteriormente. El accidente ocurri\u00f3 el 1 de diciembre en la autopista C\u00f3rdoba-Rosario, donde Fabiana fue [&hellip;]<\/p>\n","protected":false},"author":3,"featured_media":47288,"comment_status":"open","ping_status":"open","sticky":false,"template":"","format":"standard","meta":{"_exactmetrics_skip_tracking":false,"_exactmetrics_sitenote_active":false,"_exactmetrics_sitenote_note":"","_exactmetrics_sitenote_category":0,"jnews-multi-image_gallery":[],"jnews_single_post":{"format":"standard","override":[{"template":"1","parallax":"1","fullscreen":"1","layout":"no-sidebar-narrow","sidebar":"default-sidebar","second_sidebar":"default-sidebar","sticky_sidebar":"1","share_position":"bottom","share_float_style":"share-monocrhome","show_share_counter":"1","show_view_counter":"1","show_post_meta":"1","show_post_author_image":"1","show_post_date":"1","post_date_format":"default","post_date_format_custom":"Y\/m\/d","show_post_category":"1","show_post_reading_time":"0","post_reading_time_wpm":"300","post_calculate_word_method":"str_word_count","show_zoom_button":"0","zoom_button_out_step":"2","zoom_button_in_step":"3","show_post_tag":"1","number_popup_post":"1","show_post_related":"1","show_inline_post_related":"0"}],"image_override":[{"single_post_thumbnail_size":"crop-500","single_post_gallery_size":"crop-500"}],"trending_post_position":"meta","trending_post_label":"Trending","sponsored_post_label":"Sponsored by","disable_ad":"0"},"jnews_primary_category":[],"jnews_social_meta":[],"jnews_review":[],"enable_review":"","type":"percentage","name":"","summary":"","brand":"","sku":"","good":[],"bad":[],"score_override":"","override_value":"","rating":[],"price":[],"jnews_override_counter":{"view_counter_number":"0","share_counter_number":"0","like_counter_number":"0","dislike_counter_number":"0"},"jnews_post_split":{"post_split":[{"template":"1","tag":"h2","numbering":"asc","mode":"normal","first":"0","enable_toc":"0","toc_type":"normal"}]},"footnotes":""},"categories":[325],"tags":[],"class_list":["post-47287","post","type-post","status-publish","format-standard","has-post-thumbnail","hentry","category-generos-y-diversidades"],"jetpack_featured_media_url":"https:\/\/atecordoba.org\/wp-content\/uploads\/2025\/01\/137352.webp","_links":{"self":[{"href":"https:\/\/atecordoba.org\/index.php?rest_route=\/wp\/v2\/posts\/47287","targetHints":{"allow":["GET"]}}],"collection":[{"href":"https:\/\/atecordoba.org\/index.php?rest_route=\/wp\/v2\/posts"}],"about":[{"href":"https:\/\/atecordoba.org\/index.php?rest_route=\/wp\/v2\/types\/post"}],"author":[{"embeddable":true,"href":"https:\/\/atecordoba.org\/index.php?rest_route=\/wp\/v2\/users\/3"}],"replies":[{"embeddable":true,"href":"https:\/\/atecordoba.org\/index.php?rest_route=%2Fwp%2Fv2%2Fcomments&post=47287"}],"version-history":[{"count":1,"href":"https:\/\/atecordoba.org\/index.php?rest_route=\/wp\/v2\/posts\/47287\/revisions"}],"predecessor-version":[{"id":47295,"href":"https:\/\/atecordoba.org\/index.php?rest_route=\/wp\/v2\/posts\/47287\/revisions\/47295"}],"wp:featuredmedia":[{"embeddable":true,"href":"https:\/\/atecordoba.org\/index.php?rest_route=\/wp\/v2\/media\/47288"}],"wp:attachment":[{"href":"https:\/\/atecordoba.org\/index.php?rest_route=%2Fwp%2Fv2%2Fmedia&parent=47287"}],"wp:term":[{"taxonomy":"category","embeddable":true,"href":"https:\/\/atecordoba.org\/index.php?rest_route=%2Fwp%2Fv2%2Fcategories&post=47287"},{"taxonomy":"post_tag","embeddable":true,"href":"https:\/\/atecordoba.org\/index.php?rest_route=%2Fwp%2Fv2%2Ftags&post=47287"}],"curies":[{"name":"wp","href":"https:\/\/api.w.org\/{rel}","templated":true}]}}