{"id":47282,"date":"2025-01-08T11:15:47","date_gmt":"2025-01-08T14:15:47","guid":{"rendered":"https:\/\/atecordoba.org\/?p=47282"},"modified":"2025-01-08T11:18:00","modified_gmt":"2025-01-08T14:18:00","slug":"ya-trabajan-en-la-posta-companera","status":"publish","type":"post","link":"https:\/\/atecordoba.org\/?p=47282","title":{"rendered":"Ya trabajan en la \u201cPosta Compa\u00f1era\u201d"},"content":{"rendered":"\r\n<figure class=\"wp-block-image size-large\"><img loading=\"lazy\" decoding=\"async\" width=\"1024\" height=\"769\" class=\"wp-image-47277\" src=\"https:\/\/atecordoba.org\/wp-content\/uploads\/2025\/01\/tapa-2-1024x7698471845966335603154-1.jpg\" alt=\"\" srcset=\"https:\/\/atecordoba.org\/wp-content\/uploads\/2025\/01\/tapa-2-1024x7698471845966335603154-1.jpg 1024w, https:\/\/atecordoba.org\/wp-content\/uploads\/2025\/01\/tapa-2-1024x7698471845966335603154-1-300x225.jpg 300w, https:\/\/atecordoba.org\/wp-content\/uploads\/2025\/01\/tapa-2-1024x7698471845966335603154-1-768x577.jpg 768w, https:\/\/atecordoba.org\/wp-content\/uploads\/2025\/01\/tapa-2-1024x7698471845966335603154-1-750x563.jpg 750w\" sizes=\"auto, (max-width: 1024px) 100vw, 1024px\" \/><\/figure>\r\n\r\n\r\n\r\n<p>Se llev\u00f3 a cabo este martes la primera reuni\u00f3n organizativa para brindar apoyo y contenci\u00f3n desde ATE C\u00f3rdoba a las trabajadoras y trabajadores que enfrentar\u00e1n los ex\u00e1menes de idoneidad del Sistema de Evaluaci\u00f3n P\u00fablica (SEP) del Gobierno Nacional.<br \/>El 17 de enero ser\u00e1 la presentaci\u00f3n en el Consejo Directivo Provincial del sindicato de la<em><strong> \u201cPosta<\/strong> <strong>Compa\u00f1era\u201d.<\/strong><\/em><br \/>Participaron del encuentro el Secretario de Organizaci\u00f3n del Consejo Directivo Provincial (CDP) del sindicato, Javier Bracamonte; el Secretario Gremial, Jorge Chalup; y el Secretario General, Federico Giuliani; junto a la Secretaria General de la Seccional R\u00edo Cuarto, Rafaela Alcoba, reforzando el compromiso de ATE con los estatales.<\/p>\r\n\r\n\r\n\r\n<figure class=\"wp-block-image size-large\"><img loading=\"lazy\" decoding=\"async\" width=\"1024\" height=\"769\" class=\"wp-image-47278\" src=\"https:\/\/atecordoba.org\/wp-content\/uploads\/2025\/01\/2-1-1024x7696914205079045550379-1.jpg\" alt=\"\" srcset=\"https:\/\/atecordoba.org\/wp-content\/uploads\/2025\/01\/2-1-1024x7696914205079045550379-1.jpg 1024w, https:\/\/atecordoba.org\/wp-content\/uploads\/2025\/01\/2-1-1024x7696914205079045550379-1-300x225.jpg 300w, https:\/\/atecordoba.org\/wp-content\/uploads\/2025\/01\/2-1-1024x7696914205079045550379-1-768x577.jpg 768w, https:\/\/atecordoba.org\/wp-content\/uploads\/2025\/01\/2-1-1024x7696914205079045550379-1-750x563.jpg 750w\" sizes=\"auto, (max-width: 1024px) 100vw, 1024px\" \/><\/figure>\r\n\r\n\r\n\r\n<figure class=\"wp-block-image\"><img loading=\"lazy\" decoding=\"async\" width=\"300\" height=\"225\" class=\"wp-image-47279\" src=\"https:\/\/atecordoba.org\/wp-content\/uploads\/2025\/01\/30-1-1024x76919869126540023381-1-300x225.jpg\" alt=\"\" srcset=\"https:\/\/atecordoba.org\/wp-content\/uploads\/2025\/01\/30-1-1024x76919869126540023381-1-300x225.jpg 300w, https:\/\/atecordoba.org\/wp-content\/uploads\/2025\/01\/30-1-1024x76919869126540023381-1-768x577.jpg 768w, https:\/\/atecordoba.org\/wp-content\/uploads\/2025\/01\/30-1-1024x76919869126540023381-1-750x563.jpg 750w, https:\/\/atecordoba.org\/wp-content\/uploads\/2025\/01\/30-1-1024x76919869126540023381-1.jpg 1024w\" sizes=\"auto, (max-width: 300px) 100vw, 300px\" \/><\/figure>\r\n\r\n\r\n\r\n<p>\u201cJuntos seguimos construyendo derechos\u201d, se\u00f1ala un comunicado del gremio.<\/p>\r\n\r\n\r\n\r\n<h3><br \/><strong>Respuesta colectiva y organizada<\/strong><\/h3>\r\n\r\n\r\n\r\n<figure class=\"wp-block-image size-large\"><img loading=\"lazy\" decoding=\"async\" width=\"526\" height=\"526\" class=\"wp-image-47280\" src=\"https:\/\/atecordoba.org\/wp-content\/uploads\/2025\/01\/10001000948530741192264873845.jpg\" alt=\"\" srcset=\"https:\/\/atecordoba.org\/wp-content\/uploads\/2025\/01\/10001000948530741192264873845.jpg 526w, https:\/\/atecordoba.org\/wp-content\/uploads\/2025\/01\/10001000948530741192264873845-300x300.jpg 300w, https:\/\/atecordoba.org\/wp-content\/uploads\/2025\/01\/10001000948530741192264873845-150x150.jpg 150w, https:\/\/atecordoba.org\/wp-content\/uploads\/2025\/01\/10001000948530741192264873845-75x75.jpg 75w, https:\/\/atecordoba.org\/wp-content\/uploads\/2025\/01\/10001000948530741192264873845-350x350.jpg 350w\" sizes=\"auto, (max-width: 526px) 100vw, 526px\" \/><\/figure>\r\n\r\n\r\n\r\n<p><em><strong>\u201cAnte el intento de humillaci\u00f3n de Milei, la respuesta es colectiva y organizada\u201d<\/strong><\/em>, alerta ATE y convoca a las y los trabajadores estatales a sacarse todas las dudas sobre el SEP el 17 de enero a las 15 horas en la sede gremial de Entre R\u00edos 450 de la ciudad de C\u00f3rdoba.<br \/><br \/>En la oportunidad, estar\u00e1 presente Flavio Vergara, Secretario de Convenios Colectivos de Trabajo del Consejo Directivo Nacional (CDN) de ATE.<\/p>\r\n","protected":false},"excerpt":{"rendered":"<p>Se llev\u00f3 a cabo este martes la primera reuni\u00f3n organizativa para brindar apoyo y contenci\u00f3n desde ATE C\u00f3rdoba a las trabajadoras y trabajadores que enfrentar\u00e1n los ex\u00e1menes de idoneidad del Sistema de Evaluaci\u00f3n P\u00fablica (SEP) del Gobierno Nacional.El 17 de enero ser\u00e1 la presentaci\u00f3n en el Consejo Directivo Provincial del sindicato de la \u201cPosta Compa\u00f1era\u201d.Participaron [&hellip;]<\/p>\n","protected":false},"author":3,"featured_media":47281,"comment_status":"open","ping_status":"open","sticky":false,"template":"","format":"standard","meta":{"_exactmetrics_skip_tracking":false,"_exactmetrics_sitenote_active":false,"_exactmetrics_sitenote_note":"","_exactmetrics_sitenote_category":0,"jnews-multi-image_gallery":[],"jnews_single_post":{"format":"standard","override":[{"template":"1","parallax":"1","fullscreen":"1","layout":"no-sidebar-narrow","sidebar":"default-sidebar","second_sidebar":"default-sidebar","sticky_sidebar":"1","share_position":"bottom","share_float_style":"share-monocrhome","show_share_counter":"1","show_view_counter":"1","show_post_meta":"1","show_post_author_image":"1","show_post_date":"1","post_date_format":"default","post_date_format_custom":"Y\/m\/d","show_post_category":"1","show_post_reading_time":"0","post_reading_time_wpm":"300","post_calculate_word_method":"str_word_count","show_zoom_button":"0","zoom_button_out_step":"2","zoom_button_in_step":"3","show_post_tag":"1","number_popup_post":"1","show_post_related":"1","show_inline_post_related":"0"}],"image_override":[{"single_post_thumbnail_size":"crop-500","single_post_gallery_size":"crop-500"}],"trending_post_position":"meta","trending_post_label":"Trending","sponsored_post_label":"Sponsored by","disable_ad":"0"},"jnews_primary_category":[],"jnews_social_meta":[],"jnews_review":[],"enable_review":"","type":"percentage","name":"","summary":"","brand":"","sku":"","good":[],"bad":[],"score_override":"","override_value":"","rating":[],"price":[],"jnews_override_counter":{"view_counter_number":"0","share_counter_number":"0","like_counter_number":"0","dislike_counter_number":"0"},"jnews_post_split":{"post_split":[{"template":"1","tag":"h2","numbering":"asc","mode":"normal","first":"0","enable_toc":"0","toc_type":"normal"}]},"footnotes":""},"categories":[18],"tags":[],"class_list":["post-47282","post","type-post","status-publish","format-standard","has-post-thumbnail","hentry","category-nacionales"],"jetpack_featured_media_url":"https:\/\/atecordoba.org\/wp-content\/uploads\/2025\/01\/tapa-2-1024x769-1.jpg","_links":{"self":[{"href":"https:\/\/atecordoba.org\/index.php?rest_route=\/wp\/v2\/posts\/47282","targetHints":{"allow":["GET"]}}],"collection":[{"href":"https:\/\/atecordoba.org\/index.php?rest_route=\/wp\/v2\/posts"}],"about":[{"href":"https:\/\/atecordoba.org\/index.php?rest_route=\/wp\/v2\/types\/post"}],"author":[{"embeddable":true,"href":"https:\/\/atecordoba.org\/index.php?rest_route=\/wp\/v2\/users\/3"}],"replies":[{"embeddable":true,"href":"https:\/\/atecordoba.org\/index.php?rest_route=%2Fwp%2Fv2%2Fcomments&post=47282"}],"version-history":[{"count":2,"href":"https:\/\/atecordoba.org\/index.php?rest_route=\/wp\/v2\/posts\/47282\/revisions"}],"predecessor-version":[{"id":47284,"href":"https:\/\/atecordoba.org\/index.php?rest_route=\/wp\/v2\/posts\/47282\/revisions\/47284"}],"wp:featuredmedia":[{"embeddable":true,"href":"https:\/\/atecordoba.org\/index.php?rest_route=\/wp\/v2\/media\/47281"}],"wp:attachment":[{"href":"https:\/\/atecordoba.org\/index.php?rest_route=%2Fwp%2Fv2%2Fmedia&parent=47282"}],"wp:term":[{"taxonomy":"category","embeddable":true,"href":"https:\/\/atecordoba.org\/index.php?rest_route=%2Fwp%2Fv2%2Fcategories&post=47282"},{"taxonomy":"post_tag","embeddable":true,"href":"https:\/\/atecordoba.org\/index.php?rest_route=%2Fwp%2Fv2%2Ftags&post=47282"}],"curies":[{"name":"wp","href":"https:\/\/api.w.org\/{rel}","templated":true}]}}