{"id":4728,"date":"2014-11-12T17:52:32","date_gmt":"2014-11-12T20:52:32","guid":{"rendered":"http:\/\/www.atecordoba.org\/?p=4728"},"modified":"2014-11-12T17:52:32","modified_gmt":"2014-11-12T20:52:32","slug":"charla-debate-sobre-salud-laboral","status":"publish","type":"post","link":"https:\/\/atecordoba.org\/?p=4728","title":{"rendered":"Charla-debate sobre Salud laboral"},"content":{"rendered":"<p><em>Compa\u00f1eros, ma\u00f1ana mi\u00e9rcoles 13 de noviembre se llevar\u00e1 a cabo una charla-debate sobre salud laboral en la sede de nuestro gremio, Entre R\u00edos 450, a las 15 horas, organizada por el Departamento de Salud Laboral del Consejo directivo Provincial. Disertar\u00e1 la abogada Mar\u00eda Terragno.<\/em><\/p>\n<p><a href=\"http:\/\/www.atecordoba.org\/wp-content\/uploads\/2014\/11\/IMG_4648-e1415825380555.jpg\"><img loading=\"lazy\" decoding=\"async\" class=\"aligncenter  wp-image-4729\" src=\"http:\/\/www.atecordoba.org\/wp-content\/uploads\/2014\/11\/IMG_4648-e1415825380555.jpg\" alt=\"IMG_4648\" width=\"527\" height=\"395\" \/><\/a><\/p>\n<p>&nbsp;<\/p>\n<p>&nbsp;<\/p>\n<p>&nbsp;<\/p>\n<p>En la oportunidad disertar\u00e1 la abogada Mar\u00eda Terragno, asesora letrada de ATE, que abordar\u00e1 los aspectos legales y las herramientas disponibles en el sistema normativo de la legislaci\u00f3n laboral en la defensa de la salud de los trabajadores. en ese marco, se tratar\u00e1 tambi\u00e9n el rol del delegados ante la problem\u00e1tica.<\/p>\n<p>Est\u00e1n convocados todos los interesados en compartir esta interesante actividad sobre una problem\u00e1tica que nos afecta a todos.<\/p>\n","protected":false},"excerpt":{"rendered":"<p>Compa\u00f1eros, ma\u00f1ana mi\u00e9rcoles 13 de noviembre se llevar\u00e1 a cabo una charla-debate sobre salud laboral en la sede de nuestro gremio, Entre R\u00edos 450, a las 15 horas, organizada por el Departamento de Salud Laboral del Consejo directivo Provincial. Disertar\u00e1 la abogada Mar\u00eda Terragno. &nbsp; &nbsp; &nbsp; En la oportunidad disertar\u00e1 la abogada Mar\u00eda Terragno, [&hellip;]<\/p>\n","protected":false},"author":1,"featured_media":19220,"comment_status":"open","ping_status":"open","sticky":false,"template":"","format":"standard","meta":{"_exactmetrics_skip_tracking":false,"_exactmetrics_sitenote_active":false,"_exactmetrics_sitenote_note":"","_exactmetrics_sitenote_category":0,"jnews-multi-image_gallery":[],"jnews_single_post":[],"jnews_primary_category":[],"jnews_social_meta":[],"jnews_review":[],"enable_review":"","type":"","name":"","summary":"","brand":"","sku":"","good":[],"bad":[],"score_override":"","override_value":"","rating":[],"price":[],"jnews_override_counter":[],"jnews_post_split":[],"footnotes":""},"categories":[94],"tags":[],"class_list":["post-4728","post","type-post","status-publish","format-standard","has-post-thumbnail","hentry","category-salud-laboral"],"jetpack_featured_media_url":"https:\/\/atecordoba.org\/wp-content\/uploads\/2020\/05\/logo-nuevochico-e1561581322808.png","_links":{"self":[{"href":"https:\/\/atecordoba.org\/index.php?rest_route=\/wp\/v2\/posts\/4728","targetHints":{"allow":["GET"]}}],"collection":[{"href":"https:\/\/atecordoba.org\/index.php?rest_route=\/wp\/v2\/posts"}],"about":[{"href":"https:\/\/atecordoba.org\/index.php?rest_route=\/wp\/v2\/types\/post"}],"author":[{"embeddable":true,"href":"https:\/\/atecordoba.org\/index.php?rest_route=\/wp\/v2\/users\/1"}],"replies":[{"embeddable":true,"href":"https:\/\/atecordoba.org\/index.php?rest_route=%2Fwp%2Fv2%2Fcomments&post=4728"}],"version-history":[{"count":0,"href":"https:\/\/atecordoba.org\/index.php?rest_route=\/wp\/v2\/posts\/4728\/revisions"}],"wp:featuredmedia":[{"embeddable":true,"href":"https:\/\/atecordoba.org\/index.php?rest_route=\/wp\/v2\/media\/19220"}],"wp:attachment":[{"href":"https:\/\/atecordoba.org\/index.php?rest_route=%2Fwp%2Fv2%2Fmedia&parent=4728"}],"wp:term":[{"taxonomy":"category","embeddable":true,"href":"https:\/\/atecordoba.org\/index.php?rest_route=%2Fwp%2Fv2%2Fcategories&post=4728"},{"taxonomy":"post_tag","embeddable":true,"href":"https:\/\/atecordoba.org\/index.php?rest_route=%2Fwp%2Fv2%2Ftags&post=4728"}],"curies":[{"name":"wp","href":"https:\/\/api.w.org\/{rel}","templated":true}]}}