{"id":47275,"date":"2025-01-07T13:55:51","date_gmt":"2025-01-07T16:55:51","guid":{"rendered":"https:\/\/atecordoba.org\/?p=47275"},"modified":"2025-01-07T13:58:08","modified_gmt":"2025-01-07T16:58:08","slug":"ate-cordoba-repudia-la-prorroga-que-condiciona-los-aumentos-salariales-de-las-y-los-estatales","status":"publish","type":"post","link":"https:\/\/atecordoba.org\/?p=47275","title":{"rendered":"ATE C\u00f3rdoba repudia la pr\u00f3rroga que condiciona los aumentos salariales de las y los estatales"},"content":{"rendered":"\n<figure class=\"wp-block-image size-large\"><img loading=\"lazy\" decoding=\"async\" width=\"610\" height=\"457\" src=\"https:\/\/atecordoba.org\/wp-content\/uploads\/2025\/01\/10000993477931699873759034729.webp\" alt=\"\" class=\"wp-image-47273\" srcset=\"https:\/\/atecordoba.org\/wp-content\/uploads\/2025\/01\/10000993477931699873759034729.webp 610w, https:\/\/atecordoba.org\/wp-content\/uploads\/2025\/01\/10000993477931699873759034729-300x225.webp 300w\" sizes=\"auto, (max-width: 610px) 100vw, 610px\" \/><\/figure>\n\n\n\n<p>Desde ATE C\u00f3rdoba expresamos nuestro en\u00e9rgico rechazo a la decisi\u00f3n del Gobierno Nacional de <strong>prorrogar la normativa que subordina los aumentos salariales de las y los trabajadores estatales al cumplimiento de los presupuestos establecidos.<\/strong><br><br>La Decisi\u00f3n Administrativa 1\/2025 <strong>profundiza el ajuste sobre las y los empleados p\u00fablicos<\/strong>, utilizando el equilibrio fiscal como argumento para restringir derechos laborales. Este tipo de medidas <strong>limita la autonom\u00eda de las negociaciones paritarias, desconociendo la realidad inflacionaria<\/strong> que afecta gravemente el poder adquisitivo.<br><br>Exigimos una pol\u00edtica salarial que priorice a las y los trabajadores, garantizando aumentos reales y dignos para quienes sostienen la estructura del Estado. <strong>Nuestro compromiso es seguir luchando por salarios justos y condiciones laborales equitativas.<\/strong><br><br>\u00a1Basta de ajuste sobre las y los estatales!<\/p>\n","protected":false},"excerpt":{"rendered":"<p>Desde ATE C\u00f3rdoba expresamos nuestro en\u00e9rgico rechazo a la decisi\u00f3n del Gobierno Nacional de prorrogar la normativa que subordina los aumentos salariales de las y los trabajadores estatales al cumplimiento de los presupuestos establecidos. La Decisi\u00f3n Administrativa 1\/2025 profundiza el ajuste sobre las y los empleados p\u00fablicos, utilizando el equilibrio fiscal como argumento para restringir [&hellip;]<\/p>\n","protected":false},"author":3,"featured_media":47274,"comment_status":"open","ping_status":"open","sticky":false,"template":"","format":"standard","meta":{"_exactmetrics_skip_tracking":false,"_exactmetrics_sitenote_active":false,"_exactmetrics_sitenote_note":"","_exactmetrics_sitenote_category":0,"jnews-multi-image_gallery":[],"jnews_single_post":[],"jnews_primary_category":[],"jnews_social_meta":[],"jnews_review":[],"enable_review":"","type":"","name":"","summary":"","brand":"","sku":"","good":[],"bad":[],"score_override":"","override_value":"","rating":[],"price":[],"jnews_override_counter":[],"jnews_post_split":[],"footnotes":""},"categories":[18],"tags":[],"class_list":["post-47275","post","type-post","status-publish","format-standard","has-post-thumbnail","hentry","category-nacionales"],"jetpack_featured_media_url":"https:\/\/atecordoba.org\/wp-content\/uploads\/2025\/01\/federico-sturzenegger-milei.webp","_links":{"self":[{"href":"https:\/\/atecordoba.org\/index.php?rest_route=\/wp\/v2\/posts\/47275","targetHints":{"allow":["GET"]}}],"collection":[{"href":"https:\/\/atecordoba.org\/index.php?rest_route=\/wp\/v2\/posts"}],"about":[{"href":"https:\/\/atecordoba.org\/index.php?rest_route=\/wp\/v2\/types\/post"}],"author":[{"embeddable":true,"href":"https:\/\/atecordoba.org\/index.php?rest_route=\/wp\/v2\/users\/3"}],"replies":[{"embeddable":true,"href":"https:\/\/atecordoba.org\/index.php?rest_route=%2Fwp%2Fv2%2Fcomments&post=47275"}],"version-history":[{"count":1,"href":"https:\/\/atecordoba.org\/index.php?rest_route=\/wp\/v2\/posts\/47275\/revisions"}],"predecessor-version":[{"id":47276,"href":"https:\/\/atecordoba.org\/index.php?rest_route=\/wp\/v2\/posts\/47275\/revisions\/47276"}],"wp:featuredmedia":[{"embeddable":true,"href":"https:\/\/atecordoba.org\/index.php?rest_route=\/wp\/v2\/media\/47274"}],"wp:attachment":[{"href":"https:\/\/atecordoba.org\/index.php?rest_route=%2Fwp%2Fv2%2Fmedia&parent=47275"}],"wp:term":[{"taxonomy":"category","embeddable":true,"href":"https:\/\/atecordoba.org\/index.php?rest_route=%2Fwp%2Fv2%2Fcategories&post=47275"},{"taxonomy":"post_tag","embeddable":true,"href":"https:\/\/atecordoba.org\/index.php?rest_route=%2Fwp%2Fv2%2Ftags&post=47275"}],"curies":[{"name":"wp","href":"https:\/\/api.w.org\/{rel}","templated":true}]}}