{"id":47258,"date":"2025-01-06T09:44:07","date_gmt":"2025-01-06T12:44:07","guid":{"rendered":"https:\/\/atecordoba.org\/?p=47258"},"modified":"2025-01-06T09:47:12","modified_gmt":"2025-01-06T12:47:12","slug":"importante-acuerdo-salarial-en-adelia-maria","status":"publish","type":"post","link":"https:\/\/atecordoba.org\/?p=47258","title":{"rendered":"Importante acuerdo salarial en Adelia Mar\u00eda"},"content":{"rendered":"\r\n<figure class=\"wp-block-image size-large\"><img loading=\"lazy\" decoding=\"async\" class=\"alignnone wp-image-47255 \" src=\"https:\/\/atecordoba.org\/wp-content\/uploads\/2025\/01\/image_editor_output_image-132918348-17361672788918206396894635838999.jpg\" alt=\"\" width=\"312\" height=\"175\" \/><\/figure>\r\n\r\n\r\n\r\n<p>El pasado 3 de enero, en la Municipalidad de Adelia Mar\u00eda, se llev\u00f3 a cabo una audiencia clave entre el Departamento Ejecutivo Municipal y la Asociaci\u00f3n Trabajadores del Estado (ATE) Seccional Adelia Mar\u00eda, marcando un importante avance en la defensa de los derechos laborales.<br \/><br \/>Por el municipio estuvieron presentes el intendente Jorge Fabi\u00e1n Marino y el secretario de Gobierno, Flavio Rub\u00e9n Biotti. En representaci\u00f3n de ATE participaron de la delegaci\u00f3n de Adelia Mar\u00eda el secretario general Diego Villegas, el secretario de Finanzas Luis Olivero y el delegado Carlos Montero.<br \/><br \/>Tras un debate sobre la solicitud presentada por ATE, las partes acordaron un incremento salarial del 20% para enero y un 15% adicional para marzo, sumando un significativo 35% de aumento en el primer trimestre del a\u00f1o. Este ajuste busca reconocer y responder a las necesidades econ\u00f3micas de las y los trabajadores municipales en un contexto de alta inflaci\u00f3n.<\/p>\r\n\r\n\r\n<div class=\"wp-block-image\">\r\n<figure class=\"alignleft size-medium\"><img loading=\"lazy\" decoding=\"async\" width=\"225\" height=\"300\" class=\"wp-image-47257\" src=\"https:\/\/atecordoba.org\/wp-content\/uploads\/2025\/01\/img-20250103-wa01387507159609178500393-225x300.jpg\" alt=\"\" srcset=\"https:\/\/atecordoba.org\/wp-content\/uploads\/2025\/01\/img-20250103-wa01387507159609178500393-225x300.jpg 225w, https:\/\/atecordoba.org\/wp-content\/uploads\/2025\/01\/img-20250103-wa01387507159609178500393-768x1024.jpg 768w, https:\/\/atecordoba.org\/wp-content\/uploads\/2025\/01\/img-20250103-wa01387507159609178500393-1152x1536.jpg 1152w, https:\/\/atecordoba.org\/wp-content\/uploads\/2025\/01\/img-20250103-wa01387507159609178500393-750x1000.jpg 750w, https:\/\/atecordoba.org\/wp-content\/uploads\/2025\/01\/img-20250103-wa01387507159609178500393-1140x1520.jpg 1140w, https:\/\/atecordoba.org\/wp-content\/uploads\/2025\/01\/img-20250103-wa01387507159609178500393.jpg 1200w\" sizes=\"auto, (max-width: 225px) 100vw, 225px\" \/><\/figure>\r\n<\/div>\r\n\r\n\r\n<p>Adem\u00e1s, se resolvi\u00f3 avanzar con la recategorizaci\u00f3n del personal, un reclamo hist\u00f3rico del gremio, que se concretar\u00e1 tambi\u00e9n en marzo. Este paso no solo mejora las condiciones laborales, sino que dignifica y jerarquiza el trabajo que desempe\u00f1an d\u00eda a d\u00eda.<br \/><br \/>Para dar seguimiento a estos compromisos, se estableci\u00f3 una pr\u00f3xima reuni\u00f3n para marzo de 2025, donde se evaluar\u00e1n los avances logrados y se tratar\u00e1n nuevos puntos que puedan surgir.<br \/><br \/>Desde ATE celebramos este acuerdo como un logro fruto de la lucha colectiva y reiteramos nuestro compromiso con las y los trabajadores municipales de Adelia Mar\u00eda.<br \/><br \/>\u00a1Por salarios dignos y mejores condiciones laborales, seguimos avanzando!<\/p>\r\n\r\n\r\n\r\n<p>&nbsp;<\/p>\r\n","protected":false},"excerpt":{"rendered":"<p>El pasado 3 de enero, en la Municipalidad de Adelia Mar\u00eda, se llev\u00f3 a cabo una audiencia clave entre el Departamento Ejecutivo Municipal y la Asociaci\u00f3n Trabajadores del Estado (ATE) Seccional Adelia Mar\u00eda, marcando un importante avance en la defensa de los derechos laborales. Por el municipio estuvieron presentes el intendente Jorge Fabi\u00e1n Marino y [&hellip;]<\/p>\n","protected":false},"author":3,"featured_media":47253,"comment_status":"open","ping_status":"open","sticky":false,"template":"","format":"standard","meta":{"_exactmetrics_skip_tracking":false,"_exactmetrics_sitenote_active":false,"_exactmetrics_sitenote_note":"","_exactmetrics_sitenote_category":0,"jnews-multi-image_gallery":[],"jnews_single_post":{"format":"standard","override":[{"template":"1","parallax":"1","fullscreen":"1","layout":"no-sidebar-narrow","sidebar":"default-sidebar","second_sidebar":"default-sidebar","sticky_sidebar":"1","share_position":"bottom","share_float_style":"share-monocrhome","show_share_counter":"1","show_view_counter":"1","show_post_meta":"1","show_post_author_image":"1","show_post_date":"1","post_date_format":"default","post_date_format_custom":"Y\/m\/d","show_post_category":"1","show_post_reading_time":"0","post_reading_time_wpm":"300","post_calculate_word_method":"str_word_count","show_zoom_button":"0","zoom_button_out_step":"2","zoom_button_in_step":"3","show_post_tag":"1","number_popup_post":"1","show_post_related":"1","show_inline_post_related":"0"}],"image_override":[{"single_post_thumbnail_size":"crop-500","single_post_gallery_size":"crop-500"}],"trending_post_position":"meta","trending_post_label":"Trending","sponsored_post_label":"Sponsored by","disable_ad":"0"},"jnews_primary_category":[],"jnews_social_meta":[],"jnews_review":[],"enable_review":"","type":"percentage","name":"","summary":"","brand":"","sku":"","good":[],"bad":[],"score_override":"","override_value":"","rating":[],"price":[],"jnews_override_counter":{"view_counter_number":"0","share_counter_number":"0","like_counter_number":"0","dislike_counter_number":"0"},"jnews_post_split":{"post_split":[{"template":"1","tag":"h2","numbering":"asc","mode":"normal","first":"0","enable_toc":"0","toc_type":"normal"}]},"footnotes":""},"categories":[20],"tags":[],"class_list":["post-47258","post","type-post","status-publish","format-standard","has-post-thumbnail","hentry","category-municipales"],"jetpack_featured_media_url":"https:\/\/atecordoba.org\/wp-content\/uploads\/2025\/01\/images-4.jpeg","_links":{"self":[{"href":"https:\/\/atecordoba.org\/index.php?rest_route=\/wp\/v2\/posts\/47258","targetHints":{"allow":["GET"]}}],"collection":[{"href":"https:\/\/atecordoba.org\/index.php?rest_route=\/wp\/v2\/posts"}],"about":[{"href":"https:\/\/atecordoba.org\/index.php?rest_route=\/wp\/v2\/types\/post"}],"author":[{"embeddable":true,"href":"https:\/\/atecordoba.org\/index.php?rest_route=\/wp\/v2\/users\/3"}],"replies":[{"embeddable":true,"href":"https:\/\/atecordoba.org\/index.php?rest_route=%2Fwp%2Fv2%2Fcomments&post=47258"}],"version-history":[{"count":2,"href":"https:\/\/atecordoba.org\/index.php?rest_route=\/wp\/v2\/posts\/47258\/revisions"}],"predecessor-version":[{"id":47260,"href":"https:\/\/atecordoba.org\/index.php?rest_route=\/wp\/v2\/posts\/47258\/revisions\/47260"}],"wp:featuredmedia":[{"embeddable":true,"href":"https:\/\/atecordoba.org\/index.php?rest_route=\/wp\/v2\/media\/47253"}],"wp:attachment":[{"href":"https:\/\/atecordoba.org\/index.php?rest_route=%2Fwp%2Fv2%2Fmedia&parent=47258"}],"wp:term":[{"taxonomy":"category","embeddable":true,"href":"https:\/\/atecordoba.org\/index.php?rest_route=%2Fwp%2Fv2%2Fcategories&post=47258"},{"taxonomy":"post_tag","embeddable":true,"href":"https:\/\/atecordoba.org\/index.php?rest_route=%2Fwp%2Fv2%2Ftags&post=47258"}],"curies":[{"name":"wp","href":"https:\/\/api.w.org\/{rel}","templated":true}]}}