{"id":47244,"date":"2025-01-02T10:43:55","date_gmt":"2025-01-02T13:43:55","guid":{"rendered":"https:\/\/atecordoba.org\/?p=47244"},"modified":"2025-01-06T09:56:22","modified_gmt":"2025-01-06T12:56:22","slug":"ate-cordoba-en-alerta-por-despidos-en-iosfa-bajo-la-reciente-gestion-de-marcelo-cossar","status":"publish","type":"post","link":"https:\/\/atecordoba.org\/?p=47244","title":{"rendered":"ATE C\u00f3rdoba en alerta por despidos en IOSFA bajo la reciente gesti\u00f3n de Marcelo Cossar"},"content":{"rendered":"<p><a href=\"https:\/\/atecordoba.org\/wp-content\/uploads\/2025\/01\/b113d0c455f3f5abea9e3edf78ab4306_m.webp\"><img loading=\"lazy\" decoding=\"async\" class=\"alignnone wp-image-47246 size-full\" src=\"https:\/\/atecordoba.org\/wp-content\/uploads\/2025\/01\/b113d0c455f3f5abea9e3edf78ab4306_m.webp\" alt=\"\" width=\"900\" height=\"600\" srcset=\"https:\/\/atecordoba.org\/wp-content\/uploads\/2025\/01\/b113d0c455f3f5abea9e3edf78ab4306_m.webp 900w, https:\/\/atecordoba.org\/wp-content\/uploads\/2025\/01\/b113d0c455f3f5abea9e3edf78ab4306_m-300x200.webp 300w, https:\/\/atecordoba.org\/wp-content\/uploads\/2025\/01\/b113d0c455f3f5abea9e3edf78ab4306_m-768x512.webp 768w, https:\/\/atecordoba.org\/wp-content\/uploads\/2025\/01\/b113d0c455f3f5abea9e3edf78ab4306_m-750x500.webp 750w\" sizes=\"auto, (max-width: 900px) 100vw, 900px\" \/><\/a><\/p>\n<p>Desde <strong>ATE C\u00f3rdoba<\/strong>, manifestamos nuestra profunda preocupaci\u00f3n y rechazo ante los despidos realizados en las dependencias del <strong>IOSFA<\/strong> en nuestra provincia, que se dan apenas d\u00edas despu\u00e9s de la designaci\u00f3n de <strong>Marcelo Cossar<\/strong> como funcionario de la Subsecretar\u00eda de Planeamiento y Coordinaci\u00f3n Ejecutiva en Emergencias del Ministerio de Defensa de la Naci\u00f3n.<\/p>\n<p>Las primeras informaciones confirmadas se\u00f1alan que se han producido <strong>6 despidos<\/strong> en el Hotel y Residencia &#8220;Costanera&#8221; de Cosqu\u00edn, <strong>3 despidos<\/strong> en el Hotel &#8220;IOSFA&#8221; de Ascochinga y <strong>3 despidos<\/strong> de enfermeras del Hospital Aeron\u00e1utico C\u00f3rdoba, afectando gravemente al personal de salud.<\/p>\n<h3><strong>Listado actualizado de despedidas y despedidos:\u00a0<\/strong><\/h3>\n<ul>\n<li><strong>Hoteles IOSFA<\/strong>:\n<ul>\n<li>Ascochinga: 4 despidos (1 afiliado a ATE).<\/li>\n<li>Cosqu\u00edn: 6 despidos (3 afiliados a ATE).<\/li>\n<li>Miraflores: 3 despidos (ning\u00fan afiliado).<\/li>\n<li>Villa General Belgrano: 3 despidos (ning\u00fan afiliado).<\/li>\n<li>Almirante Brown: 8 despidos (ning\u00fan afiliado).<\/li>\n<\/ul>\n<\/li>\n<li><strong>Personal Civil C\u00f3rdoba<\/strong>:\n<ul>\n<li>Hospital Aeron\u00e1utico: 3 despidos (1 afiliado a ATE).<\/li>\n<\/ul>\n<\/li>\n<li><strong>Ministerio de Justicia y Derechos Humanos<\/strong>:\n<ul>\n<li>Total: 4 despidos (1 afiliado a ATE).<\/li>\n<\/ul>\n<\/li>\n<li><strong>CONADI C\u00f3rdoba (Comisi\u00f3n Nacional por el Derecho a la Identidad)<\/strong>:\n<ul>\n<li>Total: 4 despidos (1 afiliado a ATE).<\/li>\n<\/ul>\n<\/li>\n<\/ul>\n<p>Asimismo, denunciamos la situaci\u00f3n en la CONADI C\u00f3rdoba, donde trabajadoras y trabajadores recibieron correos que les impiden el acceso al edificio y sistemas, avanzando en un esquema de vaciamiento.<\/p>\n<p>Desde <strong>ATE C\u00f3rdoba<\/strong>, seguimos esperando informaci\u00f3n oficial para verificar si habr\u00e1 nuevos despidos en nuestra provincia. Adem\u00e1s, se advierte sobre posibles olas de despidos en el sector a nivel nacional.<\/p>\n<h3>Cuestionamientos a la figura de Marcelo Cossar<\/h3>\n<p><a href=\"https:\/\/atecordoba.org\/wp-content\/uploads\/2025\/01\/Gracias-a-los-Argentinos-de-bien-que-nos-pusieron-el-hombro-@javiermilei.Quiero-que-te-vaya-bien-Presidente.jpg\"><img loading=\"lazy\" decoding=\"async\" class=\"alignleft wp-image-47245 size-medium\" src=\"https:\/\/atecordoba.org\/wp-content\/uploads\/2025\/01\/Gracias-a-los-Argentinos-de-bien-que-nos-pusieron-el-hombro-@javiermilei.Quiero-que-te-vaya-bien-Presidente-240x300.jpg\" alt=\"\" width=\"240\" height=\"300\" srcset=\"https:\/\/atecordoba.org\/wp-content\/uploads\/2025\/01\/Gracias-a-los-Argentinos-de-bien-que-nos-pusieron-el-hombro-@javiermilei.Quiero-que-te-vaya-bien-Presidente-240x300.jpg 240w, https:\/\/atecordoba.org\/wp-content\/uploads\/2025\/01\/Gracias-a-los-Argentinos-de-bien-que-nos-pusieron-el-hombro-@javiermilei.Quiero-que-te-vaya-bien-Presidente-819x1024.jpg 819w, https:\/\/atecordoba.org\/wp-content\/uploads\/2025\/01\/Gracias-a-los-Argentinos-de-bien-que-nos-pusieron-el-hombro-@javiermilei.Quiero-que-te-vaya-bien-Presidente-768x960.jpg 768w, https:\/\/atecordoba.org\/wp-content\/uploads\/2025\/01\/Gracias-a-los-Argentinos-de-bien-que-nos-pusieron-el-hombro-@javiermilei.Quiero-que-te-vaya-bien-Presidente-750x938.jpg 750w, https:\/\/atecordoba.org\/wp-content\/uploads\/2025\/01\/Gracias-a-los-Argentinos-de-bien-que-nos-pusieron-el-hombro-@javiermilei.Quiero-que-te-vaya-bien-Presidente.jpg 1080w\" sizes=\"auto, (max-width: 240px) 100vw, 240px\" \/><\/a><\/p>\n<p>El actual funcionario de Defensa, <strong>Marcelo Cossar<\/strong>, no solo ha implementado medidas que afectan directamente a trabajadoras y trabajadores, sino que su historial est\u00e1 marcado por denuncias y esc\u00e1ndalos vinculados a corrupci\u00f3n:<\/p>\n<ul>\n<li><strong>Causa CBI Cordubensis<\/strong>: Cossar est\u00e1 implicado en esta causa con acusaciones de lavado de dinero. En este marco, el fiscal federal Enrique Senestrari pidi\u00f3 informes sobre su participaci\u00f3n en la empresa <strong>Juanmar S.A.<\/strong>, donde tuvo una participaci\u00f3n accionaria del 5%.<\/li>\n<li><strong>Denuncias por coimas<\/strong>: Seg\u00fan declaraciones del empresario Marcelo Fleurquin, condenado por estafas en loteos irregulares, Cossar habr\u00eda sido parte de un circuito de corrupci\u00f3n que involucraba al exintendente Ram\u00f3n Mestre y otros funcionarios. Fleurquin denunci\u00f3 un pedido de coima equivalente a &#8220;un mill\u00f3n de d\u00f3lares actuales&#8221; para aprobar un cambio de uso de suelo.<\/li>\n<li><strong>Acusaciones por corrupci\u00f3n sistem\u00e1tica<\/strong>: Investigaciones period\u00edsticas y declaraciones de concejales mencionan a Cossar como parte de un esquema de sobornos y desv\u00edo de fondos durante su gesti\u00f3n en la Municipalidad de C\u00f3rdoba.<\/li>\n<\/ul>\n<h3>Nuestra posici\u00f3n<\/h3>\n<p>Desde <strong>ATE C\u00f3rdoba<\/strong>, no solo repudiamos los despidos en <strong>IOSFA<\/strong>, que golpean a familias trabajadoras y desmantelan espacios claves de recreaci\u00f3n y bienestar social, sino que tambi\u00e9n alertamos sobre el peligro que implica para el sistema p\u00fablico la presencia de figuras como Cossar, vinculadas a pr\u00e1cticas corruptas y ajenas a los valores de transparencia y justicia que deber\u00eda garantizar el Estado.<\/p>\n<h3>Convocatoria<\/h3>\n<p><a href=\"https:\/\/atecordoba.org\/wp-content\/uploads\/2025\/01\/12-05-Jornada-IOSFA_4.jpg\"><img loading=\"lazy\" decoding=\"async\" class=\"alignleft wp-image-47247 size-medium\" src=\"https:\/\/atecordoba.org\/wp-content\/uploads\/2025\/01\/12-05-Jornada-IOSFA_4-300x169.jpg\" alt=\"\" width=\"300\" height=\"169\" srcset=\"https:\/\/atecordoba.org\/wp-content\/uploads\/2025\/01\/12-05-Jornada-IOSFA_4-300x169.jpg 300w, https:\/\/atecordoba.org\/wp-content\/uploads\/2025\/01\/12-05-Jornada-IOSFA_4-1024x576.jpg 1024w, https:\/\/atecordoba.org\/wp-content\/uploads\/2025\/01\/12-05-Jornada-IOSFA_4-768x432.jpg 768w, https:\/\/atecordoba.org\/wp-content\/uploads\/2025\/01\/12-05-Jornada-IOSFA_4-750x422.jpg 750w, https:\/\/atecordoba.org\/wp-content\/uploads\/2025\/01\/12-05-Jornada-IOSFA_4-1140x641.jpg 1140w, https:\/\/atecordoba.org\/wp-content\/uploads\/2025\/01\/12-05-Jornada-IOSFA_4.jpg 1280w\" sizes=\"auto, (max-width: 300px) 100vw, 300px\" \/><\/a><\/p>\n<p>Nos mantendremos en estado de alerta y movilizaci\u00f3n. Invitamos a las y los trabajadores, as\u00ed como a la comunidad en general, a permanecer atentos a futuras acciones en defensa de los derechos laborales y en contra de las pol\u00edticas de ajuste que afectan a nuestro pueblo.<\/p>\n<p>#NoALosDespidos #IOSFA #MarceloCossar #ATEC\u00f3rdoba #TransparenciaYA<\/p>\n","protected":false},"excerpt":{"rendered":"<p>Desde ATE C\u00f3rdoba, manifestamos nuestra profunda preocupaci\u00f3n y rechazo ante los despidos realizados en las dependencias del IOSFA en nuestra provincia, que se dan apenas d\u00edas despu\u00e9s de la designaci\u00f3n de Marcelo Cossar como funcionario de la Subsecretar\u00eda de Planeamiento y Coordinaci\u00f3n Ejecutiva en Emergencias del Ministerio de Defensa de la Naci\u00f3n. Las primeras informaciones [&hellip;]<\/p>\n","protected":false},"author":3,"featured_media":47245,"comment_status":"open","ping_status":"open","sticky":false,"template":"","format":"standard","meta":{"_exactmetrics_skip_tracking":false,"_exactmetrics_sitenote_active":false,"_exactmetrics_sitenote_note":"","_exactmetrics_sitenote_category":0,"jnews-multi-image_gallery":[],"jnews_single_post":{"format":"standard","override":[{"template":"1","parallax":"1","fullscreen":"1","layout":"no-sidebar-narrow","sidebar":"default-sidebar","second_sidebar":"default-sidebar","sticky_sidebar":"1","share_position":"bottom","share_float_style":"share-monocrhome","show_share_counter":"1","show_view_counter":"1","show_post_meta":"1","show_post_author_image":"1","show_post_date":"1","post_date_format":"default","post_date_format_custom":"Y\/m\/d","show_post_category":"1","show_post_reading_time":"0","post_reading_time_wpm":"300","post_calculate_word_method":"str_word_count","show_zoom_button":"0","zoom_button_out_step":"2","zoom_button_in_step":"3","show_post_tag":"1","number_popup_post":"1","show_post_related":"1","show_inline_post_related":"0"}],"image_override":[{"single_post_thumbnail_size":"crop-500","single_post_gallery_size":"crop-500"}],"trending_post_position":"meta","trending_post_label":"Trending","sponsored_post_label":"Sponsored by","disable_ad":"0"},"jnews_primary_category":[],"jnews_social_meta":[],"jnews_review":[],"enable_review":"","type":"percentage","name":"","summary":"","brand":"","sku":"","good":[],"bad":[],"score_override":"","override_value":"","rating":[],"price":[],"jnews_override_counter":{"view_counter_number":"0","share_counter_number":"0","like_counter_number":"0","dislike_counter_number":"0"},"jnews_post_split":{"post_split":[{"template":"1","tag":"h2","numbering":"asc","mode":"normal","first":"0","enable_toc":"0","toc_type":"normal"}]},"footnotes":""},"categories":[18],"tags":[],"class_list":["post-47244","post","type-post","status-publish","format-standard","has-post-thumbnail","hentry","category-nacionales"],"jetpack_featured_media_url":"https:\/\/atecordoba.org\/wp-content\/uploads\/2025\/01\/Gracias-a-los-Argentinos-de-bien-que-nos-pusieron-el-hombro-@javiermilei.Quiero-que-te-vaya-bien-Presidente.jpg","_links":{"self":[{"href":"https:\/\/atecordoba.org\/index.php?rest_route=\/wp\/v2\/posts\/47244","targetHints":{"allow":["GET"]}}],"collection":[{"href":"https:\/\/atecordoba.org\/index.php?rest_route=\/wp\/v2\/posts"}],"about":[{"href":"https:\/\/atecordoba.org\/index.php?rest_route=\/wp\/v2\/types\/post"}],"author":[{"embeddable":true,"href":"https:\/\/atecordoba.org\/index.php?rest_route=\/wp\/v2\/users\/3"}],"replies":[{"embeddable":true,"href":"https:\/\/atecordoba.org\/index.php?rest_route=%2Fwp%2Fv2%2Fcomments&post=47244"}],"version-history":[{"count":5,"href":"https:\/\/atecordoba.org\/index.php?rest_route=\/wp\/v2\/posts\/47244\/revisions"}],"predecessor-version":[{"id":47261,"href":"https:\/\/atecordoba.org\/index.php?rest_route=\/wp\/v2\/posts\/47244\/revisions\/47261"}],"wp:featuredmedia":[{"embeddable":true,"href":"https:\/\/atecordoba.org\/index.php?rest_route=\/wp\/v2\/media\/47245"}],"wp:attachment":[{"href":"https:\/\/atecordoba.org\/index.php?rest_route=%2Fwp%2Fv2%2Fmedia&parent=47244"}],"wp:term":[{"taxonomy":"category","embeddable":true,"href":"https:\/\/atecordoba.org\/index.php?rest_route=%2Fwp%2Fv2%2Fcategories&post=47244"},{"taxonomy":"post_tag","embeddable":true,"href":"https:\/\/atecordoba.org\/index.php?rest_route=%2Fwp%2Fv2%2Ftags&post=47244"}],"curies":[{"name":"wp","href":"https:\/\/api.w.org\/{rel}","templated":true}]}}