{"id":4720,"date":"2014-11-12T16:48:07","date_gmt":"2014-11-12T19:48:07","guid":{"rendered":"http:\/\/www.atecordoba.org\/?p=4720"},"modified":"2020-06-09T16:54:42","modified_gmt":"2020-06-09T19:54:42","slug":"municipales-movilizacion-en-adelia-maria","status":"publish","type":"post","link":"https:\/\/atecordoba.org\/?p=4720","title":{"rendered":"Municipales: movilizaci\u00f3n en Adel\u00eda Mar\u00eda"},"content":{"rendered":"<p><em>El\u00a011 de noviembre se realiz\u00f3 una movilizaci\u00f3n en la localidad de Adelia Mar\u00eda, departamento Juarez Celman, que cont\u00f3 con la presencia de m\u00e1s de 60 compa\u00f1eros dependientes de la comuna. Reunidos en frente del edificio municipal, expresaron su descontento ante\u00a0el Ejecutivo por\u00a0no abrir la instancia de di\u00e1logo sobre puntos que se acordaron en la reuni\u00f3n del d\u00eda quince de septiembre y que deb\u00edan ser solucionados.<\/em><\/p>\n<p><a href=\"http:\/\/atecordoba.org\/wp-content\/uploads\/2020\/06\/adelia-maria-municipales-e1415820937890.jpg\"><img loading=\"lazy\" decoding=\"async\" class=\"aligncenter  wp-image-4721\" src=\"http:\/\/atecordoba.org\/wp-content\/uploads\/2020\/06\/adelia-maria-municipales-e1415820937890.jpg\" alt=\"adelia maria - municipales\" width=\"446\" height=\"334\" \/><\/a><\/p>\n<p>&nbsp;<\/p>\n<p>&nbsp;<\/p>\n<p>Debido a esto, en una asamblea los compa\u00f1eros acordaron presentarse en el municipio sin generar disturbios y en forma pac\u00edfica en busca de instancias de di\u00e1logo y soluciones inmediatas. Desde la seccional R\u00edo Cuarto estuvo presente Federico Giuliani Secretario General, Walter \u00c1valos Secretario Gremial, Rafaela Alcoba Secretaria Adjunta, Gabriela Alcoba Secretaria de Finanzas, y compa\u00f1eros que forman parte de ATE en diferentes sectores, los cuales fueron a apoyar el reclamo leg\u00edtimo de los compa\u00f1eros.<\/p>\n<p>A las 10:30 de la ma\u00f1ana y en pocos minutos los compa\u00f1eros se hicieron presentes y la calle, en donde se encuentra el edificio municipal ,se pint\u00f3 de verde. El intendente Javier Rezza no demor\u00f3 en salir, para dirigirse a los representantes y delegados gremiales, que ingresaron a la sala de reuniones de la municipalidad, encabezados por Giulian.<\/p>\n<p>En audiencia con el cuerpo Ejecutivo, Rezza, junto a Federico Bruschini, secretario de Obra y Jorge Raggi secretario de Gobierno, escucharon llos puntos en conflicto, d\u00e1ndose despu\u00e9s una ardua discusi\u00f3n. Mientras tanto los compa\u00f1eros continuaban afuera a la espera de una respuesta satisfactoria. El punto que m\u00e1s fue discutido fue el pago de tareas riesgosas e insalubridad a quienes pertenecen al sector de recolecci\u00f3n de residuos que no lo perciben y que tambi\u00e9n est\u00e1n jornalizados, por lo que se ped\u00eda un contrato.<\/p>\n<p>Finalmente se acord\u00f3:<\/p>\n<ul>\n<li>Elevar el pago en concepto de antig\u00fcedad a un 3% desde el mes de noviembre y a un 4% a partir de septiembre de 2015.<\/li>\n<li>\u00a0Realizar el contrato a los trabajadores que hacen la recolecci\u00f3n de residuos a partir de enero del pr\u00f3ximo a\u00f1o.<\/li>\n<li>Elevar el pago salarial a los compa\u00f1eros que se encuentran en la Cooperativa a un 15% a partir del mes de noviembre del 2014.<\/li>\n<li>Compromiso por parte del municipio a que la ART realice durante la semana que viene una capacitaci\u00f3n a los trabajadores y\u00a0 a no perseguir, ni realizar suspensiones a los compa\u00f1eros que participaron de la asamblea y la movilizaci\u00f3n.<\/li>\n<\/ul>\n<p>Por \u00faltimo y luego de discusiones, cuartos intermedios y asamblea con los trabajadores se lleg\u00f3 a un acuerdo entre las partes. Giuliani manifest\u00f3 que lo conseguido fue por la lucha de la dignidad y para recuperar derechos de los trabajadores.<\/p>\n<h4>Audiencia con el ejecutivo de Alpa\u00a0Corral<\/h4>\n<p>El 10 de noviembre la intendenta de Alpa Corral, Mar\u00eda Ortiz, se reuni\u00f3 en la seccional de ATE en R\u00edo Cuarto con los delegados Lalo Alfonso y Luciano Vilchez, junto a Giuliani, \u00c1valos \u00a0y Alcoba Secretaria, para responder la solicitud salarial y el pedido de un bono navide\u00f1o.<\/p>\n<p><a href=\"http:\/\/atecordoba.org\/wp-content\/uploads\/2020\/06\/alpa-corral-municipales-e1415821465130.jpg\"><img loading=\"lazy\" decoding=\"async\" class=\"aligncenter  wp-image-4722\" src=\"http:\/\/atecordoba.org\/wp-content\/uploads\/2020\/06\/alpa-corral-municipales-e1415821465130.jpg\" alt=\"alpa corral -municipales\" width=\"445\" height=\"334\" \/><\/a><\/p>\n<p>En la reuni\u00f3n que fue a las 15:30 horas el Ejecutivo plante\u00f3 que el aumento salarial de un 40% que el gremio hab\u00eda pedido no podr\u00e1 ser dado en este a\u00f1o, porque econ\u00f3micamente el municipio no puede responder, aunque se\u00f1al\u00f3 que, de todas formas, en reuniones anteriores ATE logr\u00f3 \u00a0un 35% de aumento al sueldo b\u00e1sico. Con respecto al bono navide\u00f1o, que tambi\u00e9n era uno de los puntos a discutir, Ortiz explic\u00f3 que durante el d\u00eda present\u00f3 una nota al gobierno de la provincia para conseguir fondos y as\u00ed entregar el bono. Ortiz agreg\u00f3 que esperan la respuesta de la provincia y en cuanto la sepan se reunir\u00e1n con los delegados y el gremio para dar soluci\u00f3n a ese punto.<\/p>\n<p>La intendenta indic\u00f3 que esperan que a fines de febrero luego de la temporada tur\u00edstica puedan realizar el aumento salarial. Pasadas las 16:00 hs, y al escuchar la propuesta del Ejecutivo de Alpa Corral, los delegados gremiales acordaron establecer un d\u00eda y horario para realizar una asamblea con los compa\u00f1eros afiliados y comentarles la situaci\u00f3n y all\u00ed decidir como continuar gremialmente.<\/p>\n","protected":false},"excerpt":{"rendered":"<p>El\u00a011 de noviembre se realiz\u00f3 una movilizaci\u00f3n en la localidad de Adelia Mar\u00eda, departamento Juarez Celman, que cont\u00f3 con la presencia de m\u00e1s de 60 compa\u00f1eros dependientes de la comuna. Reunidos en frente del edificio municipal, expresaron su descontento ante\u00a0el Ejecutivo por\u00a0no abrir la instancia de di\u00e1logo sobre puntos que se acordaron en la reuni\u00f3n [&hellip;]<\/p>\n","protected":false},"author":1,"featured_media":19220,"comment_status":"open","ping_status":"open","sticky":false,"template":"","format":"standard","meta":{"_exactmetrics_skip_tracking":false,"_exactmetrics_sitenote_active":false,"_exactmetrics_sitenote_note":"","_exactmetrics_sitenote_category":0,"jnews-multi-image_gallery":[],"jnews_single_post":[],"jnews_primary_category":[],"jnews_social_meta":[],"jnews_review":[],"enable_review":"","type":"","name":"","summary":"","brand":"","sku":"","good":[],"bad":[],"score_override":"","override_value":"","rating":[],"price":[],"jnews_override_counter":[],"jnews_post_split":[],"footnotes":""},"categories":[20,12,34],"tags":[],"class_list":["post-4720","post","type-post","status-publish","format-standard","has-post-thumbnail","hentry","category-municipales","category-rio-cuarto","category-seccionales"],"jetpack_featured_media_url":"https:\/\/atecordoba.org\/wp-content\/uploads\/2020\/05\/logo-nuevochico-e1561581322808.png","_links":{"self":[{"href":"https:\/\/atecordoba.org\/index.php?rest_route=\/wp\/v2\/posts\/4720","targetHints":{"allow":["GET"]}}],"collection":[{"href":"https:\/\/atecordoba.org\/index.php?rest_route=\/wp\/v2\/posts"}],"about":[{"href":"https:\/\/atecordoba.org\/index.php?rest_route=\/wp\/v2\/types\/post"}],"author":[{"embeddable":true,"href":"https:\/\/atecordoba.org\/index.php?rest_route=\/wp\/v2\/users\/1"}],"replies":[{"embeddable":true,"href":"https:\/\/atecordoba.org\/index.php?rest_route=%2Fwp%2Fv2%2Fcomments&post=4720"}],"version-history":[{"count":1,"href":"https:\/\/atecordoba.org\/index.php?rest_route=\/wp\/v2\/posts\/4720\/revisions"}],"predecessor-version":[{"id":20127,"href":"https:\/\/atecordoba.org\/index.php?rest_route=\/wp\/v2\/posts\/4720\/revisions\/20127"}],"wp:featuredmedia":[{"embeddable":true,"href":"https:\/\/atecordoba.org\/index.php?rest_route=\/wp\/v2\/media\/19220"}],"wp:attachment":[{"href":"https:\/\/atecordoba.org\/index.php?rest_route=%2Fwp%2Fv2%2Fmedia&parent=4720"}],"wp:term":[{"taxonomy":"category","embeddable":true,"href":"https:\/\/atecordoba.org\/index.php?rest_route=%2Fwp%2Fv2%2Fcategories&post=4720"},{"taxonomy":"post_tag","embeddable":true,"href":"https:\/\/atecordoba.org\/index.php?rest_route=%2Fwp%2Fv2%2Ftags&post=4720"}],"curies":[{"name":"wp","href":"https:\/\/api.w.org\/{rel}","templated":true}]}}