{"id":47151,"date":"2024-12-30T10:34:30","date_gmt":"2024-12-30T13:34:30","guid":{"rendered":"https:\/\/atecordoba.org\/?p=47151"},"modified":"2024-12-30T10:38:25","modified_gmt":"2024-12-30T13:38:25","slug":"la-justicia-hizo-lugar-medida-cautelar-para-evitar-el-vaciamiento-del-gobierno-de-milei-contra-la-subsecretaria-de-proteccion-contra-la-violencia-de-genero","status":"publish","type":"post","link":"https:\/\/atecordoba.org\/?p=47151","title":{"rendered":"La Justicia hizo lugar a una medida cautelar para evitar el vaciamiento del gobierno de Milei de la Subsecretar\u00eda de Protecci\u00f3n contra la Violencia de G\u00e9nero"},"content":{"rendered":"<p><img loading=\"lazy\" decoding=\"async\" class=\"aligncenter wp-image-47152 \" src=\"https:\/\/atecordoba.org\/wp-content\/uploads\/2024\/12\/IMG-20210308-WA0392-1024x576.jpg\" alt=\"\" width=\"624\" height=\"351\" \/>El Juez Dr. Enrique Alonso Regueira, a cargo del Juzgado Contencioso Administrativo Federal 1, hizo lugar a una medida cautelar presentada por organizaciones de la sociedad civil que solicitaba al Ministerio de Justicia a que se abstenga de reducir recursos humanos e infraestructura institucional de la Subsecretar\u00eda de Protecci\u00f3n contra la Violencia de G\u00e9nero y de los Centros de Acceso a la Justicia (CAJ). Adem\u00e1s, la demanda requiri\u00f3 que se renueven los contratos vencidos al 30 de junio de 2024.<\/p>\n<p>En C\u00f3rdoba, <a href=\"https:\/\/atecordoba.org\/?p=44037\">las dependencias fueron totalmente desguazadas y su personal despedido.<\/a><\/p>\n<p>La orden judicial estar\u00e1 en vigencia hasta tanto el Ejecutivo asegure y d\u00e9 certezas sobre c\u00f3mo cumplir\u00e1 las leyes vigentes y compromisos internacionales en materia de violencias. Alonso Regueira resolvi\u00f3 hacer lugar parcialmente a la medida cautelar ordenando al Estado Nacional que se abstenga de reducir recursos humanos e infraestructura institucional de la ex Subsecretar\u00eda de Protecci\u00f3n contra la Violencia de G\u00e9nero y los Centros de Acceso a la Justicia.<\/p>\n<p>En su resoluci\u00f3n el magistrado destac\u00f3 que el Ministerio de Justicia, a pesar de haber alegado que los<br \/>\nprogramas y recursos se encuentran reorganizados conforme el criterio de eficacia y eficiencia de la actual gesti\u00f3n de gobierno, no ha presentado en el expediente judicial constancia alguna que permita demostrar que se est\u00e9 garantizando la prestaci\u00f3n m\u00ednima obligatoria en los t\u00e9rminos establecidos en la Ley de Protecci\u00f3n Integral de las Mujeres, ni ha mencionado o detallado la forma en la que se est\u00e1 cumpliendo con las prestaciones referidas.<img loading=\"lazy\" decoding=\"async\" class=\"aligncenter wp-image-47153 \" src=\"https:\/\/atecordoba.org\/wp-content\/uploads\/2024\/12\/mujeres-ate-carteles.jpg\" alt=\"\" width=\"614\" height=\"344\" srcset=\"https:\/\/atecordoba.org\/wp-content\/uploads\/2024\/12\/mujeres-ate-carteles.jpg 880w, https:\/\/atecordoba.org\/wp-content\/uploads\/2024\/12\/mujeres-ate-carteles-300x168.jpg 300w, https:\/\/atecordoba.org\/wp-content\/uploads\/2024\/12\/mujeres-ate-carteles-768x430.jpg 768w, https:\/\/atecordoba.org\/wp-content\/uploads\/2024\/12\/mujeres-ate-carteles-750x420.jpg 750w\" sizes=\"auto, (max-width: 614px) 100vw, 614px\" \/><\/p>\n<p>En ese marco, el Estado tampoco ha explicado en qu\u00e9 consiste la reorganizaci\u00f3n a la que alude ni de qu\u00e9 manera esa nueva estructuraci\u00f3n permitir\u00eda cumplir el deber de garantizar los derechos de las mujeres en situaci\u00f3n de vulnerabilidad. El juez destaca que el Estado no ha respaldado con documentaci\u00f3n sus afirmaciones para\u00a0 demostrar de qu\u00e9 forma se estar\u00edan garantizando los derechos de las mujeres, ni\u00f1as y adolescentes v\u00edctimas y potenciales v\u00edctimas de violencia de g\u00e9nero, destacando que esta indefinici\u00f3n es incompatible con el principio de progresividad en la satisfacci\u00f3n plena de los derechos y el umbral m\u00ednimo de cumplimiento de la ley, que se\u00a0 aplica en todo el pa\u00eds.<\/p>\n<p><strong>Protecci\u00f3n de derechos<\/strong><\/p>\n<p>Con esta medida, el Poder Judicial da un paso clave en la protecci\u00f3n de los derechos de las mujeres, ni\u00f1as y adolescentes. A partir de ahora, el Poder Ejecutivo deber\u00e1 abstenerse de reducir la cantidad de recursos humanos y la infraestructura institucional afectada al trabajo que deb\u00eda llevar adelante la Subsecretar\u00eda de Protecci\u00f3n Contra la Violencia de G\u00e9nero y los Centros de Acceso a la Justicia. Adem\u00e1s deber\u00e1 sostener la producci\u00f3n y publicaci\u00f3n de evidencia y estad\u00edsticas a cargo de esos organismos.<\/p>\n<p>El viernes 28 de junio, el Equipo Latinoamericano de Justicia y G\u00e9nero (ELA), Ni Una Menos (NUM), la Fundaci\u00f3n para el Desarrollo de Pol\u00edticas Sustentables (FUNDEPS), Mujeres por Mujeres (MxM) y la Fundaci\u00f3n para Estudio e Investigaci\u00f3n de la Mujer (FEIM) hab\u00edan presentado una acci\u00f3n judicial contra el Ministerio de Justicia y el Poder Ejecutivo de la Naci\u00f3n. Las organizaciones demandaron certezas sobre cu\u00e1l ser\u00e1 el organismo encargado de dar cumplimiento a las obligaciones legales del Estado Nacional en materia de violencias; cu\u00e1les son los programas de prevenci\u00f3n, asistencia y acceso a la justicia que seguir\u00e1n vigentes y, sobre todo, c\u00f3mo dar\u00e1 cumplimiento a las obligaciones asumidas mediante normativas y tratados internacionales a los que Argentina ha adherido.<img loading=\"lazy\" decoding=\"async\" class=\"aligncenter wp-image-47154 \" src=\"https:\/\/atecordoba.org\/wp-content\/uploads\/2024\/12\/mujeres-8mespalda.jpg\" alt=\"\" width=\"625\" height=\"453\" srcset=\"https:\/\/atecordoba.org\/wp-content\/uploads\/2024\/12\/mujeres-8mespalda.jpg 666w, https:\/\/atecordoba.org\/wp-content\/uploads\/2024\/12\/mujeres-8mespalda-300x218.jpg 300w, https:\/\/atecordoba.org\/wp-content\/uploads\/2024\/12\/mujeres-8mespalda-120x86.jpg 120w\" sizes=\"auto, (max-width: 625px) 100vw, 625px\" \/><\/p>\n<p>La Justicia ya hab\u00eda reconocido formalmente la legitimaci\u00f3n de las organizaciones para representar al colectivo de mujeres, ni\u00f1as y adolescentes, v\u00edctimas y potenciales v\u00edctimas de violencia de g\u00e9nero en estado de vulnerabilidad m\u00faltiple, y hab\u00eda ordenado que se inscribiera la acci\u00f3n en el Registro de Procesos Colectivos. Es la primera vez que se presenta una acci\u00f3n de esta naturaleza en la era Milei.<\/p>\n<p><strong>Ministerio, sin respuestas<\/strong><\/p>\n<p>Declarado el car\u00e1cter colectivo de la acci\u00f3n, la Justicia resolvi\u00f3 darle traslado al Ministerio de Justicia. En su respuesta, el Estado neg\u00f3 aquello que ellos mismos hab\u00edan anunciado airadamente por las redes sociales: el cierre de la Subsecretar\u00eda de Protecci\u00f3n contra la Violencia de G\u00e9nero y los 81 Centros de Acceso a la Justicia (CAJ) en todo el pa\u00eds. Ante esto, argumentaron que \u201csimplemente, y en uso de sus atribuciones, la actual gesti\u00f3n de gobierno ha procedido a reorganizar la estructura estatal y sus programas y organismos, tal como se ha detallado y surge de las disposiciones y decretos publicados y en vigencia\u201d.<\/p>\n<p>Las organizaciones respondieron con abundante evidencia dejando claro que la situaci\u00f3n actual es muy diferente a lo que plantea el Ministerio de Justicia en su informe. Tanto los CAJ como varios de los programas que funcionaban en el ex Ministerio de Mujeres, G\u00e9neros y Diversidad de la Naci\u00f3n se encuentran desnanciados, con baja ejecuci\u00f3n presupuestaria y con el menor alcance a usuarias desde su creaci\u00f3n.<img loading=\"lazy\" decoding=\"async\" class=\"aligncenter wp-image-47155 \" src=\"https:\/\/atecordoba.org\/wp-content\/uploads\/2024\/12\/fachada-carteles.jpeg\" alt=\"\" width=\"623\" height=\"352\" srcset=\"https:\/\/atecordoba.org\/wp-content\/uploads\/2024\/12\/fachada-carteles.jpeg 768w, https:\/\/atecordoba.org\/wp-content\/uploads\/2024\/12\/fachada-carteles-300x170.jpeg 300w, https:\/\/atecordoba.org\/wp-content\/uploads\/2024\/12\/fachada-carteles-750x424.jpeg 750w\" sizes=\"auto, (max-width: 623px) 100vw, 623px\" \/><\/p>\n<p>Por encontrarse en juego derechos de ni\u00f1as, ni\u00f1os y adolescentes, particip\u00f3 tambi\u00e9n el Ministerio P\u00fablico de la Defensa, que dictamin\u00f3 que \u201cno se advierte de la lectura del informe presentado por el Estado Nacional de qu\u00e9 manera la Administraci\u00f3n P\u00fablica garantizar\u00e1 los derechos de las ni\u00f1as y adolescentes involucradas. Es as\u00ed que persiste un marco de incertidumbre sobre los alcances de la relaci\u00f3n jur\u00eddica que el Estado Nacional mantiene<br \/>\nactualmente con las ni\u00f1as y adolescentes afectando sus derechos constitucionales y convencionales a vivir una vida sin violencia\u201d.<\/p>\n<p>Adem\u00e1s, remarc\u00f3 que recientemente el Comit\u00e9 de los Derechos del Ni\u00f1o manifest\u00f3 su preocupaci\u00f3n por los cambios institucionales y pol\u00edticos que se est\u00e1n proponiendo en nuestro pa\u00eds desde fines de 2023 y el impacto que pueden tener en la protecci\u00f3n de los ni\u00f1os, recomendando al Estado que aumente urgentemente las asignaciones presupuestarias para la infancia, incluyendo presupuesto para personal formado, infraestructuras adecuadas, programas de prevenci\u00f3n y atenci\u00f3n integral. Por todo ello, solicit\u00f3 que se haga lugar a la medida de no innovar requerida por las organizaciones.<\/p>\n<p>La decisi\u00f3n del juez enfatiza que el Estado \u201cno ha arrimado constancia alguna que permita inferir que se est\u00e9 garantizando la prestaci\u00f3n m\u00ednima obligatoria en los t\u00e9rminos establecidos en la Ley 26.485, as\u00ed como tampoco ha detallado, ni siquiera mencionado, la forma en la que se est\u00e1 cumpliendo con las prestaciones referidas[\u2026] Lo\u00a0 que me lleva a concluir que la verosimilitud en el derecho se encuentra suficientemente acreditada\u201d.<\/p>\n","protected":false},"excerpt":{"rendered":"<p>El Juez Dr. Enrique Alonso Regueira, a cargo del Juzgado Contencioso Administrativo Federal 1, hizo lugar a una medida cautelar presentada por organizaciones de la sociedad civil que solicitaba al Ministerio de Justicia a que se abstenga de reducir recursos humanos e infraestructura institucional de la Subsecretar\u00eda de Protecci\u00f3n contra la Violencia de G\u00e9nero y [&hellip;]<\/p>\n","protected":false},"author":7,"featured_media":47152,"comment_status":"open","ping_status":"open","sticky":false,"template":"","format":"standard","meta":{"_exactmetrics_skip_tracking":false,"_exactmetrics_sitenote_active":false,"_exactmetrics_sitenote_note":"","_exactmetrics_sitenote_category":0,"jnews-multi-image_gallery":[],"jnews_single_post":{"format":"standard","override":[{"template":"1","parallax":"1","fullscreen":"1","layout":"no-sidebar-narrow","sidebar":"default-sidebar","second_sidebar":"default-sidebar","sticky_sidebar":"1","share_position":"bottom","share_float_style":"share-monocrhome","show_share_counter":"1","show_view_counter":"1","show_post_meta":"1","show_post_author_image":"1","show_post_date":"1","post_date_format":"default","post_date_format_custom":"Y\/m\/d","show_post_category":"1","show_post_reading_time":"0","post_reading_time_wpm":"300","post_calculate_word_method":"str_word_count","show_zoom_button":"0","zoom_button_out_step":"2","zoom_button_in_step":"3","show_post_tag":"1","number_popup_post":"1","show_post_related":"1","show_inline_post_related":"0"}],"image_override":[{"single_post_thumbnail_size":"crop-500","single_post_gallery_size":"crop-500"}],"trending_post_position":"meta","trending_post_label":"Trending","sponsored_post_label":"Sponsored by","disable_ad":"0"},"jnews_primary_category":[],"jnews_social_meta":[],"jnews_review":[],"enable_review":"","type":"percentage","name":"","summary":"","brand":"","sku":"","good":[],"bad":[],"score_override":"","override_value":"","rating":[],"price":[],"jnews_override_counter":{"view_counter_number":"0","share_counter_number":"0","like_counter_number":"0","dislike_counter_number":"0"},"jnews_post_split":{"post_split":[{"template":"1","tag":"h2","numbering":"asc","mode":"normal","first":"0","enable_toc":"0","toc_type":"normal"}]},"footnotes":""},"categories":[325,18],"tags":[521,1230],"class_list":["post-47151","post","type-post","status-publish","format-standard","has-post-thumbnail","hentry","category-generos-y-diversidades","category-nacionales","tag-justicia","tag-ministerio-de-justicia-y-ddhh"],"jetpack_featured_media_url":"https:\/\/atecordoba.org\/wp-content\/uploads\/2024\/12\/IMG-20210308-WA0392-e1735564835322.jpg","_links":{"self":[{"href":"https:\/\/atecordoba.org\/index.php?rest_route=\/wp\/v2\/posts\/47151","targetHints":{"allow":["GET"]}}],"collection":[{"href":"https:\/\/atecordoba.org\/index.php?rest_route=\/wp\/v2\/posts"}],"about":[{"href":"https:\/\/atecordoba.org\/index.php?rest_route=\/wp\/v2\/types\/post"}],"author":[{"embeddable":true,"href":"https:\/\/atecordoba.org\/index.php?rest_route=\/wp\/v2\/users\/7"}],"replies":[{"embeddable":true,"href":"https:\/\/atecordoba.org\/index.php?rest_route=%2Fwp%2Fv2%2Fcomments&post=47151"}],"version-history":[{"count":3,"href":"https:\/\/atecordoba.org\/index.php?rest_route=\/wp\/v2\/posts\/47151\/revisions"}],"predecessor-version":[{"id":47160,"href":"https:\/\/atecordoba.org\/index.php?rest_route=\/wp\/v2\/posts\/47151\/revisions\/47160"}],"wp:featuredmedia":[{"embeddable":true,"href":"https:\/\/atecordoba.org\/index.php?rest_route=\/wp\/v2\/media\/47152"}],"wp:attachment":[{"href":"https:\/\/atecordoba.org\/index.php?rest_route=%2Fwp%2Fv2%2Fmedia&parent=47151"}],"wp:term":[{"taxonomy":"category","embeddable":true,"href":"https:\/\/atecordoba.org\/index.php?rest_route=%2Fwp%2Fv2%2Fcategories&post=47151"},{"taxonomy":"post_tag","embeddable":true,"href":"https:\/\/atecordoba.org\/index.php?rest_route=%2Fwp%2Fv2%2Ftags&post=47151"}],"curies":[{"name":"wp","href":"https:\/\/api.w.org\/{rel}","templated":true}]}}