{"id":47143,"date":"2024-12-27T14:59:28","date_gmt":"2024-12-27T17:59:28","guid":{"rendered":"https:\/\/atecordoba.org\/?p=47143"},"modified":"2024-12-27T15:10:05","modified_gmt":"2024-12-27T18:10:05","slug":"negacionismo-y-vaciamiento-en-ddhh-de-la-nacion-de-la-mano-de-milei","status":"publish","type":"post","link":"https:\/\/atecordoba.org\/?p=47143","title":{"rendered":"Negacionismo y vaciamiento en DDHH de la Naci\u00f3n de la mano de Milei"},"content":{"rendered":"<p><img loading=\"lazy\" decoding=\"async\" class=\"aligncenter wp-image-47145 \" src=\"https:\/\/atecordoba.org\/wp-content\/uploads\/2024\/12\/esma.jpg\" alt=\"\" width=\"635\" height=\"397\" srcset=\"https:\/\/atecordoba.org\/wp-content\/uploads\/2024\/12\/esma.jpg 800w, https:\/\/atecordoba.org\/wp-content\/uploads\/2024\/12\/esma-300x188.jpg 300w, https:\/\/atecordoba.org\/wp-content\/uploads\/2024\/12\/esma-768x480.jpg 768w, https:\/\/atecordoba.org\/wp-content\/uploads\/2024\/12\/esma-750x469.jpg 750w\" sizes=\"auto, (max-width: 635px) 100vw, 635px\" \/>El brutal ataque contra la pol\u00edticas de memoria, verdad y justicia sobre los cr\u00edmenes de lesa humanidad perpetrados por la dictadura genocida 1976-1983 por parte del Gobierno de Milei configura la destrucci\u00f3n de uno de los acuerdos de convivencia democr\u00e1tica que m\u00e1s tiempo llev\u00f3 alcanzar desde el &#8217;83 a la fecha.<\/p>\n<p>Durante todo el a\u00f1o 2024, bajo la firma del ministro de Justicia Santiago C\u00faneo Libarona el Gobierno procedi\u00f3 al vaciamiento sistem\u00e1tico de todos los \u00f3rganos del Estado dedicados a atender las tem\u00e1ticas de Derechos Humanos: desde el acompa\u00f1amiento psicol\u00f3gico de v\u00edctimas de terrorismo de Estado y restituci\u00f3n de identidades a la tramitaci\u00f3n de las leyes reparatorias, y su asesoramiento legal.<\/p>\n<p>C\u00f3rdoba, una de las provincias m\u00e1s duramente afectadas por el terrorismo de Estado, es un claro ejemplo de ello, ya que el 90% del personal fue pasado a retiro voluntario o despedido, en una expresi\u00f3n pr\u00e1ctica del negacionismo sobre hechos la Argentina se comprometi\u00f3 internacionalmente a dar justicia y reparar.<\/p>\n<p>As\u00ed, la provincia cuenta hoy con solo dos trabajadores y quedaron como \u00e1reas afectadas el Consejo Federal de DDHH, el Centro Ulloa (de acompa\u00f1amiento psicol\u00f3gico de v\u00edctimas), la CoNaDI (encargada de restituci\u00f3n de identidad), los CAJ, entre otros.<\/p>\n<p>Desde ATE repudiamos la pol\u00edtica negacionista y vaciadora de Milei e instamos al Ministerio de Justicia a rever todas las medidas apuntadas a desandar las pol\u00edticas estatales de DDHH que llevaron a nuestro pa\u00eds a un reconocimiento internacional sin precedentes. Nuestra lucha, tal como fij\u00f3 la conducci\u00f3n nacional de ATE, siempre tendr\u00e1 como fin restituir las estructuras estatales atacadas y retomar la atenci\u00f3n de la poblaci\u00f3n demandante del servicio estatal de DDHH.<\/p>\n<p>En ese marco, ATE participar\u00e1 hoy del abrazo a la ESMA para repudiar las pol\u00edticas de Milei y acompa\u00f1ar a las y los trabajadores de la Secretar\u00eda de DDHH de la Naci\u00f3n.<\/p>\n<p><strong>Nieto 138\u00a0<\/strong><\/p>\n<p>Mientras se suceden estos amargos acontecimientos, saludamos la restituci\u00f3n del Nieto 138, concretada a trav\u00e9s del trabajo infatigable de Abuelas de Plaza de Mayo, organismo de DDHH que llena de orgullo a nuestro pa\u00eds y el mundo. <img loading=\"lazy\" decoding=\"async\" class=\"size-medium wp-image-47144 alignleft\" src=\"https:\/\/atecordoba.org\/wp-content\/uploads\/2024\/12\/WhatsApp-Image-2024-12-27-at-13.39.41-300x300.jpeg\" alt=\"\" width=\"300\" height=\"300\" srcset=\"https:\/\/atecordoba.org\/wp-content\/uploads\/2024\/12\/WhatsApp-Image-2024-12-27-at-13.39.41-300x300.jpeg 300w, https:\/\/atecordoba.org\/wp-content\/uploads\/2024\/12\/WhatsApp-Image-2024-12-27-at-13.39.41-1024x1024.jpeg 1024w, https:\/\/atecordoba.org\/wp-content\/uploads\/2024\/12\/WhatsApp-Image-2024-12-27-at-13.39.41-150x150.jpeg 150w, https:\/\/atecordoba.org\/wp-content\/uploads\/2024\/12\/WhatsApp-Image-2024-12-27-at-13.39.41-768x768.jpeg 768w, https:\/\/atecordoba.org\/wp-content\/uploads\/2024\/12\/WhatsApp-Image-2024-12-27-at-13.39.41-560x560.jpeg 560w, https:\/\/atecordoba.org\/wp-content\/uploads\/2024\/12\/WhatsApp-Image-2024-12-27-at-13.39.41-75x75.jpeg 75w, https:\/\/atecordoba.org\/wp-content\/uploads\/2024\/12\/WhatsApp-Image-2024-12-27-at-13.39.41-350x350.jpeg 350w, https:\/\/atecordoba.org\/wp-content\/uploads\/2024\/12\/WhatsApp-Image-2024-12-27-at-13.39.41-750x750.jpeg 750w, https:\/\/atecordoba.org\/wp-content\/uploads\/2024\/12\/WhatsApp-Image-2024-12-27-at-13.39.41.jpeg 1080w\" sizes=\"auto, (max-width: 300px) 100vw, 300px\" \/><\/p>\n<p>&#8220;Aunque el Gobierno pro genocidio y terrorismo de Estado lo niegue, somos semilla, aunque quieran borrar la memoria colectiva, seguimos de pie. No al desguace en DDHH de la Naci\u00f3n, si a la reparaci\u00f3n hist\u00f3rica, ni olvido ni perd\u00f3n&#8221;, sentenci\u00f3 el Consejo Directivo Provincial de ATE C\u00f3rdoba, en un reconocimiento a la labor que cumple Abuelas en Argentina.<\/p>\n<p>El hallazgo de este nuevo Nieto da cuenta que la sociedad argentina contin\u00faa caminando en la senda de la memoria, la verdad y la justicia, por m\u00e1s que el negacionismo de Milei y su claque fascista pretendan lo contrario.<\/p>\n<p><strong>Organismos reclaman continuidad de las\/los trabajadores<\/strong><\/p>\n<p>En ese marco, la Asamblea Permanente por los Derechos Humanos (APDH), junto a otros organismos de Derechos Humanos, exigieron al Ministro de Justicia C\u00faneo Libarona la continuidad del conjunto de trabajadores y trabajadoras a su cargo en los entes encargados de aplicar y garantizar las pol\u00edticas de DDHH.<\/p>\n<p>&#8220;Los Organismos de Derechos Humanos abajo firmantes exigimos al Ministro de Justicia, C\u00faneo Libarona, la continuidad del conjunto de trabajadores y trabajadoras a su cargo. La decisi\u00f3n anunciada en el d\u00eda de ayer de cesar las contrataciones de cientos de agentes p\u00fablicos impacta de manera brutal en los distintos programas y<img loading=\"lazy\" decoding=\"async\" class=\"alignright wp-image-47146 \" src=\"https:\/\/atecordoba.org\/wp-content\/uploads\/2024\/12\/esma-abrazo.png\" alt=\"\" width=\"399\" height=\"496\" \/> servicios vinculados con la defensa de los derechos humanos y las pol\u00edticas de Memoria Verdad y Justicia. Hemos denunciado en su momento la supresi\u00f3n de los equipos de patrocinio jur\u00eddico en materia de violencia de g\u00e9nero actuantes en las provincias, as\u00ed como la reducci\u00f3n de los Centros de Acceso a la Justicia (CAJ), de particular relevancia en los barrios populares&#8221;, se\u00f1alaron.<\/p>\n<p>Y agregaron: &#8220;El despido de cientos de trabajadores, trabajadoras, profesionales, operadores y administrativos terminar\u00e1 por destruir la Secretaria de Derechos Humanos de la Naci\u00f3n; en particular la totalidad de los Sitios para la Memoria, y el Registro unificado de v\u00edctimas del terrorismo de estado, entre otras \u00e1reas de particular importancia y prestigio jur\u00eddico y social. A ello se suma el ins\u00f3lito anuncio de quites de incentivo y reducci\u00f3n a m\u00e1s de la mitad del sueldo para otros cientos de trabajadores, lo cual implica su total pauperizaci\u00f3n&#8221;.<\/p>\n<p>&#8220;Desde los Organismos de Derechos Humanos afirmamos que continuar violentando los derechos laborales y las Pol\u00edticas de Memoria constituyen delitos grav\u00edsimos, pasibles de ser considerados incumplimiento de deberes de funcionario p\u00fablico y por los cuales, ministros y secretarios deber\u00e1n responder, tanto en el nivel local como internacional&#8221;, denunciaron,\u00a0&#8220;de no escucharse nuestro reclamo instaremos a los dem\u00e1s Poderes del Estado a hacer cumplir la Constituci\u00f3n y el Estado de derecho hoy amenazados por personajes pol\u00edticos que desprecian los valores acu\u00f1ados en la vida democr\u00e1tica y que est\u00e1n afirmados en la Constituci\u00f3n Nacional y Tratados internacionales de Derechos Humanos&#8221;.<\/p>\n","protected":false},"excerpt":{"rendered":"<p>El brutal ataque contra la pol\u00edticas de memoria, verdad y justicia sobre los cr\u00edmenes de lesa humanidad perpetrados por la dictadura genocida 1976-1983 por parte del Gobierno de Milei configura la destrucci\u00f3n de uno de los acuerdos de convivencia democr\u00e1tica que m\u00e1s tiempo llev\u00f3 alcanzar desde el &#8217;83 a la fecha. Durante todo el a\u00f1o [&hellip;]<\/p>\n","protected":false},"author":7,"featured_media":47146,"comment_status":"open","ping_status":"open","sticky":false,"template":"","format":"standard","meta":{"_exactmetrics_skip_tracking":false,"_exactmetrics_sitenote_active":false,"_exactmetrics_sitenote_note":"","_exactmetrics_sitenote_category":0,"jnews-multi-image_gallery":[],"jnews_single_post":{"format":"standard","override":[{"template":"1","parallax":"1","fullscreen":"1","layout":"no-sidebar-narrow","sidebar":"default-sidebar","second_sidebar":"default-sidebar","sticky_sidebar":"1","share_position":"bottom","share_float_style":"share-monocrhome","show_share_counter":"1","show_view_counter":"1","show_post_meta":"1","show_post_author_image":"1","show_post_date":"1","post_date_format":"default","post_date_format_custom":"Y\/m\/d","show_post_category":"1","show_post_reading_time":"0","post_reading_time_wpm":"300","post_calculate_word_method":"str_word_count","show_zoom_button":"0","zoom_button_out_step":"2","zoom_button_in_step":"3","show_post_tag":"1","number_popup_post":"1","show_post_related":"1","show_inline_post_related":"0"}],"image_override":[{"single_post_thumbnail_size":"crop-500","single_post_gallery_size":"crop-500"}],"trending_post_position":"meta","trending_post_label":"Trending","sponsored_post_label":"Sponsored by","disable_ad":"0"},"jnews_primary_category":[],"jnews_social_meta":[],"jnews_review":[],"enable_review":"","type":"percentage","name":"","summary":"","brand":"","sku":"","good":[],"bad":[],"score_override":"","override_value":"","rating":[],"price":[],"jnews_override_counter":{"view_counter_number":"0","share_counter_number":"0","like_counter_number":"0","dislike_counter_number":"0"},"jnews_post_split":{"post_split":[{"template":"1","tag":"h2","numbering":"asc","mode":"normal","first":"0","enable_toc":"0","toc_type":"normal"}]},"footnotes":""},"categories":[122,18],"tags":[51],"class_list":["post-47143","post","type-post","status-publish","format-standard","has-post-thumbnail","hentry","category-ddhh","category-nacionales","tag-ddhh"],"jetpack_featured_media_url":"https:\/\/atecordoba.org\/wp-content\/uploads\/2024\/12\/esma-abrazo-e1735322341105.png","_links":{"self":[{"href":"https:\/\/atecordoba.org\/index.php?rest_route=\/wp\/v2\/posts\/47143","targetHints":{"allow":["GET"]}}],"collection":[{"href":"https:\/\/atecordoba.org\/index.php?rest_route=\/wp\/v2\/posts"}],"about":[{"href":"https:\/\/atecordoba.org\/index.php?rest_route=\/wp\/v2\/types\/post"}],"author":[{"embeddable":true,"href":"https:\/\/atecordoba.org\/index.php?rest_route=\/wp\/v2\/users\/7"}],"replies":[{"embeddable":true,"href":"https:\/\/atecordoba.org\/index.php?rest_route=%2Fwp%2Fv2%2Fcomments&post=47143"}],"version-history":[{"count":3,"href":"https:\/\/atecordoba.org\/index.php?rest_route=\/wp\/v2\/posts\/47143\/revisions"}],"predecessor-version":[{"id":47150,"href":"https:\/\/atecordoba.org\/index.php?rest_route=\/wp\/v2\/posts\/47143\/revisions\/47150"}],"wp:featuredmedia":[{"embeddable":true,"href":"https:\/\/atecordoba.org\/index.php?rest_route=\/wp\/v2\/media\/47146"}],"wp:attachment":[{"href":"https:\/\/atecordoba.org\/index.php?rest_route=%2Fwp%2Fv2%2Fmedia&parent=47143"}],"wp:term":[{"taxonomy":"category","embeddable":true,"href":"https:\/\/atecordoba.org\/index.php?rest_route=%2Fwp%2Fv2%2Fcategories&post=47143"},{"taxonomy":"post_tag","embeddable":true,"href":"https:\/\/atecordoba.org\/index.php?rest_route=%2Fwp%2Fv2%2Ftags&post=47143"}],"curies":[{"name":"wp","href":"https:\/\/api.w.org\/{rel}","templated":true}]}}