{"id":47137,"date":"2024-12-27T11:58:00","date_gmt":"2024-12-27T14:58:00","guid":{"rendered":"https:\/\/atecordoba.org\/?p=47137"},"modified":"2024-12-27T13:55:07","modified_gmt":"2024-12-27T16:55:07","slug":"ate-indec-la-canasta-familiar-alcanzo-1-446-519-en-noviembre","status":"publish","type":"post","link":"https:\/\/atecordoba.org\/?p=47137","title":{"rendered":"ATE INDEC: la canasta familiar alcanz\u00f3 $ 1.446.519 en noviembre"},"content":{"rendered":"<p><img loading=\"lazy\" decoding=\"async\" class=\"aligncenter wp-image-47138 \" src=\"https:\/\/atecordoba.org\/wp-content\/uploads\/2024\/12\/CANASTA-FAMILIAR.png\" alt=\"\" width=\"628\" height=\"435\" \/>Frente a una inflaci\u00f3n interanual que se proyecta para este a\u00f1o del 119%, la p\u00e9rdida del poder adquisitivo sigue siendo un problema para la clase trabajadora y para lxs jubiladxs. Los datos oficiales del mes de noviembre nos arrojan que los acumulados interanuales del \u00cdndice de precios al consumidor (IPC), la Canasta b\u00e1sica alimentaria (CBA) y la Canasta b\u00e1sica total (CBT), fueron de 166%, 137,4% y 156,5% respectivamente. Desde que asumi\u00f3<br \/>\nel gobierno de LLA (diciembre de 2023) la inflaci\u00f3n acumulada es de casi 166%, y la p\u00e9rdida del poder de compra de un 25% para el caso testigo.<\/p>\n<p>En un nuevo an\u00e1lisis de la Junta Interna de ATE Indec, las y los profesionales del organismo estad\u00edstico calcularon que la Canasta B\u00e1sica Familiar para C\u00f3rdoba y la Regi\u00f3n Pampeana escal\u00f3 en noviembre pasado $ 1.446.519, compuesta por $ 509.079 de la Canasta Alimentaria M\u00ednima y $ 937.439 de otros consumos m\u00ednimos. El c\u00e1lculo se conforma para para satisfacer las necesidades m\u00ednimas de un hogar constituido por una pareja mayor de 30 a\u00f1os con dos hijxs en edad escolar.<\/p>\n<p>Se trata de la Canasta de Consumos M\u00ednimos elaborada por INDEC y aun no aplicada por el ente, que enfrenta fuertes cuestionamientos por las estad\u00edsticas que difunde, cercanas a las necesidades propagand\u00edsticas del Gobierno de Milei.<\/p>\n<p>&#8220;La actualizaci\u00f3n del presente informe, al mes de noviembre de 2024, vuelve a confirmar que para este gobierno<br \/>\nsomos una de las variables del terrible ajuste que le impone a la sociedad. Ajustan y con eso logran que la variaci\u00f3n de precios sea menor mes a mes. Lo planteo el gobierno cuando asumi\u00f3 que iban hacer el mayor ajuste de la historia, inclusive, mas all\u00e1 de lo que iba a plantear el propio FMI. Podr\u00e1 bajar la inflaci\u00f3n y tal vez la pobreza pero este gobierno lo hace, o har\u00e1, a costa del sufrimiento de los que menos tienen. La menor variaci\u00f3n del IPC tambien se debe a la ca\u00edda estrepitosa del consumo, especialmente por la perdida de poder de compra de lxs trabajadorxs y los jubiladxs&#8221;, afirma el informe publicado el 19 de diciembre pasado.<\/p>\n<p><img loading=\"lazy\" decoding=\"async\" class=\"aligncenter wp-image-47140 \" src=\"https:\/\/atecordoba.org\/wp-content\/uploads\/2024\/12\/WhatsApp-Image-2024-12-27-at-10.05.42-1024x1024.jpeg\" alt=\"\" width=\"631\" height=\"631\" srcset=\"https:\/\/atecordoba.org\/wp-content\/uploads\/2024\/12\/WhatsApp-Image-2024-12-27-at-10.05.42-1024x1024.jpeg 1024w, https:\/\/atecordoba.org\/wp-content\/uploads\/2024\/12\/WhatsApp-Image-2024-12-27-at-10.05.42-300x300.jpeg 300w, https:\/\/atecordoba.org\/wp-content\/uploads\/2024\/12\/WhatsApp-Image-2024-12-27-at-10.05.42-150x150.jpeg 150w, https:\/\/atecordoba.org\/wp-content\/uploads\/2024\/12\/WhatsApp-Image-2024-12-27-at-10.05.42-768x768.jpeg 768w, https:\/\/atecordoba.org\/wp-content\/uploads\/2024\/12\/WhatsApp-Image-2024-12-27-at-10.05.42-560x560.jpeg 560w, https:\/\/atecordoba.org\/wp-content\/uploads\/2024\/12\/WhatsApp-Image-2024-12-27-at-10.05.42-75x75.jpeg 75w, https:\/\/atecordoba.org\/wp-content\/uploads\/2024\/12\/WhatsApp-Image-2024-12-27-at-10.05.42-350x350.jpeg 350w, https:\/\/atecordoba.org\/wp-content\/uploads\/2024\/12\/WhatsApp-Image-2024-12-27-at-10.05.42-750x750.jpeg 750w, https:\/\/atecordoba.org\/wp-content\/uploads\/2024\/12\/WhatsApp-Image-2024-12-27-at-10.05.42.jpeg 1080w\" sizes=\"auto, (max-width: 631px) 100vw, 631px\" \/><\/p>\n<p><strong>Estatales<\/strong><\/p>\n<p>La Junta Interna de ATE Indec informa que &#8220;el panorama para lxs trabajadorxs estatales es complicado si tenemos en cuenta que el salario de referencia de DICIEMBRE del 2015 ($10.191), actualizado a noviembre2024 debi\u00f3 ser de $ 1.105.574.- y no los insuficientes $ 554.750.- (sin incluir las sumas fijas de $ 4.000.-), seg\u00fan la grilla salarial del SINEP de noviembre del 2024&#8221;.<\/p>\n<p>&#8220;En el periodo de referencia de este c\u00e1lculo -diciembre 2015 a noviembre2024- la p\u00e9rdida del poder adquisitivo de nuestros ingresos, para el nivel D0 es de un 49,5%&#8221;.<\/p>\n<p>En tanto, la grav\u00edsima situaci\u00f3n que afrontan los monotributistas con la gesti\u00f3n de Milei suma a la p\u00e9rdida de poder adquisitivo\u00a0la no percepci\u00f3n de medios aguinaldos, presentismo y las exiguas sumas fijas que el gobierno otorga como paliativo. &#8220;Tomando un salario neto mensual actual de $584230.- han acumulado una p\u00e9rdida que alcanza la suma de $ 3.555.851, esto es el equivalente a 6,08 meses de honorarios en los \u00faltimos 85 meses&#8221;, concluyen las y los compa\u00f1eros de ATE INDEC.<\/p>\n<p>El informe completo ingresando <a href=\"https:\/\/drive.google.com\/file\/d\/16iHosi0EKjIXzqNMzq0AGDpcaRNtM84K\/view?pli=1\">aqu\u00ed<\/a>.<\/p>\n<p>&nbsp;<\/p>\n<p>&nbsp;<\/p>\n","protected":false},"excerpt":{"rendered":"<p>Frente a una inflaci\u00f3n interanual que se proyecta para este a\u00f1o del 119%, la p\u00e9rdida del poder adquisitivo sigue siendo un problema para la clase trabajadora y para lxs jubiladxs. Los datos oficiales del mes de noviembre nos arrojan que los acumulados interanuales del \u00cdndice de precios al consumidor (IPC), la Canasta b\u00e1sica alimentaria (CBA) [&hellip;]<\/p>\n","protected":false},"author":7,"featured_media":47138,"comment_status":"open","ping_status":"open","sticky":false,"template":"","format":"standard","meta":{"_exactmetrics_skip_tracking":false,"_exactmetrics_sitenote_active":false,"_exactmetrics_sitenote_note":"","_exactmetrics_sitenote_category":0,"jnews-multi-image_gallery":[],"jnews_single_post":{"format":"standard","override":[{"template":"1","parallax":"1","fullscreen":"1","layout":"no-sidebar-narrow","sidebar":"default-sidebar","second_sidebar":"default-sidebar","sticky_sidebar":"1","share_position":"bottom","share_float_style":"share-monocrhome","show_share_counter":"1","show_view_counter":"1","show_post_meta":"1","show_post_author_image":"1","show_post_date":"1","post_date_format":"default","post_date_format_custom":"Y\/m\/d","show_post_category":"1","show_post_reading_time":"0","post_reading_time_wpm":"300","post_calculate_word_method":"str_word_count","show_zoom_button":"0","zoom_button_out_step":"2","zoom_button_in_step":"3","show_post_tag":"1","number_popup_post":"1","show_post_related":"1","show_inline_post_related":"0"}],"image_override":[{"single_post_thumbnail_size":"crop-500","single_post_gallery_size":"crop-500"}],"trending_post_position":"meta","trending_post_label":"Trending","sponsored_post_label":"Sponsored by","disable_ad":"0"},"jnews_primary_category":[],"jnews_social_meta":[],"jnews_review":[],"enable_review":"","type":"percentage","name":"","summary":"","brand":"","sku":"","good":[],"bad":[],"score_override":"","override_value":"","rating":[],"price":[],"jnews_override_counter":{"view_counter_number":"0","share_counter_number":"0","like_counter_number":"0","dislike_counter_number":"0"},"jnews_post_split":{"post_split":[{"template":"1","tag":"h2","numbering":"asc","mode":"normal","first":"0","enable_toc":"0","toc_type":"normal"}]},"footnotes":""},"categories":[341],"tags":[],"class_list":["post-47137","post","type-post","status-publish","format-standard","has-post-thumbnail","hentry","category-cdp"],"jetpack_featured_media_url":"https:\/\/atecordoba.org\/wp-content\/uploads\/2024\/12\/CANASTA-FAMILIAR-e1735311472531.png","_links":{"self":[{"href":"https:\/\/atecordoba.org\/index.php?rest_route=\/wp\/v2\/posts\/47137","targetHints":{"allow":["GET"]}}],"collection":[{"href":"https:\/\/atecordoba.org\/index.php?rest_route=\/wp\/v2\/posts"}],"about":[{"href":"https:\/\/atecordoba.org\/index.php?rest_route=\/wp\/v2\/types\/post"}],"author":[{"embeddable":true,"href":"https:\/\/atecordoba.org\/index.php?rest_route=\/wp\/v2\/users\/7"}],"replies":[{"embeddable":true,"href":"https:\/\/atecordoba.org\/index.php?rest_route=%2Fwp%2Fv2%2Fcomments&post=47137"}],"version-history":[{"count":2,"href":"https:\/\/atecordoba.org\/index.php?rest_route=\/wp\/v2\/posts\/47137\/revisions"}],"predecessor-version":[{"id":47141,"href":"https:\/\/atecordoba.org\/index.php?rest_route=\/wp\/v2\/posts\/47137\/revisions\/47141"}],"wp:featuredmedia":[{"embeddable":true,"href":"https:\/\/atecordoba.org\/index.php?rest_route=\/wp\/v2\/media\/47138"}],"wp:attachment":[{"href":"https:\/\/atecordoba.org\/index.php?rest_route=%2Fwp%2Fv2%2Fmedia&parent=47137"}],"wp:term":[{"taxonomy":"category","embeddable":true,"href":"https:\/\/atecordoba.org\/index.php?rest_route=%2Fwp%2Fv2%2Fcategories&post=47137"},{"taxonomy":"post_tag","embeddable":true,"href":"https:\/\/atecordoba.org\/index.php?rest_route=%2Fwp%2Fv2%2Ftags&post=47137"}],"curies":[{"name":"wp","href":"https:\/\/api.w.org\/{rel}","templated":true}]}}