{"id":47133,"date":"2024-12-27T11:00:14","date_gmt":"2024-12-27T14:00:14","guid":{"rendered":"https:\/\/atecordoba.org\/?p=47133"},"modified":"2024-12-27T11:00:14","modified_gmt":"2024-12-27T14:00:14","slug":"chalup-convocamos-a-la-unidad-de-los-que-luchan","status":"publish","type":"post","link":"https:\/\/atecordoba.org\/?p=47133","title":{"rendered":"Chalup: \u201cConvocamos a la unidad de los que luchan\u201d"},"content":{"rendered":"<p><img loading=\"lazy\" decoding=\"async\" class=\"aligncenter wp-image-47134 \" src=\"https:\/\/atecordoba.org\/wp-content\/uploads\/2024\/12\/20230726_121538-1024x461.jpg\" alt=\"\" width=\"617\" height=\"278\" \/>En declaraciones formuladas a esta Agencia CTAA C\u00f3rdoba, el Secretario General de la CTA Aut\u00f3noma Regional C\u00f3rdoba Capital, el estatal Jorge Chalup, afirm\u00f3 que \u201cel primer a\u00f1o de gesti\u00f3n del Presidente Javier Milei dej\u00f3 como saldo m\u00e1s de cinco millones de argentinos en la pobreza; 195.570 trabajadores perdieron su puesto de trabajo; una p\u00e9rdida del poder adquisitivo salarial que alcanz\u00f3 el 24,8% en relaci\u00f3n a noviembre del a\u00f1o anterior y de un 54 % menos que en el a\u00f1o 2015, llegando el Salario M\u00ednimo Vital y M\u00f3vil a ser inferior al de los a\u00f1os 90; ajustes en obra p\u00fablica, salud y educaci\u00f3n; y la peor recesi\u00f3n de Am\u00e9rica Latina\u201d.<\/p>\n<p>Y a\u00f1adi\u00f3: \u201cEl ajuste brutal no es patrimonio exclusivo del Presidente libertario, tambi\u00e9n lo implementaron el Gobernador de C\u00f3rdoba y los intendentes municipales con despidos de trabajadores, paritarias por debajo de la inflaci\u00f3n y reducci\u00f3n de pol\u00edticas p\u00fablicas que impactan en los m\u00e1s necesitados\u201d.<\/p>\n<p>Para Chalup, \u201cel Gobernador Llaryora, c\u00f3mplice en el Congreso de las pol\u00edticas del Gobierno Nacional, comenz\u00f3 su gesti\u00f3n despidiendo cientos de trabajadores estatales en \u00e1reas sensibles como Salud y SENAF, aprovechando la precarizaci\u00f3n que sufren miles de trabajadores estatales cumpliendo dos objetivos: Disminuir el mal llamado gasto p\u00fablico y aleccionar a los trabajadores que ante cualquier reclamo puede costar su puesto de trabajo\u201d.<\/p>\n<p>\u201cLos intendentes municipales de todo el arco pol\u00edtico, ya sea por la falta de recursos que redujo exponencialmente la provincia o por ser partidarios de las pol\u00edticas de ajustes, no se quedaron atr\u00e1s en cuanto a los despidos y salarios a la baja. En gran parte de los municipios cordobeses los trabajadores estatales no llegan a cubrir la Canasta B\u00e1sica Alimentaria de $439.240 (seg\u00fan datos del INDEC en noviembre) con lo cual tenemos trabajadores que cobras salarios por debajo de la l\u00ednea de indigencia\u201d, enfatiz\u00f3.<\/p>\n<p>Seg\u00fan Chalup, \u201cen los barrios populares de C\u00f3rdoba, en los que tenemos presencia con la Federaci\u00f3n Nacional Territorial (FeNaT-CTAA), los vecinos, con mucha verg\u00fcenza, nos admit\u00edan que tienen una sola comida diaria, o almuerzan y no cenan o cenan y no almuerzan, y a veces los padres se saltean esa comida diaria para que puedan comer sus hijos\u201d.<\/p>\n<p>Y sigui\u00f3: \u201cEsta es la cara del ajuste brutal que los medios masivos de comunicaci\u00f3n ocultan, donde los \u00fanicos perdedores de las pol\u00edticas implementadas por el Presidente Milei, es el pueblo argentino y no la casta como anuncian con bombos y platillos, los ganadores son los mismos de siempre que aumentan sus ganancias con el sufrimiento de millones de argentinos\u201d.<\/p>\n<p>\u201cEl panorama para el a\u00f1o que viene no resulta nada alentador en su \u00faltimo discurso el Presidente libertario manifest\u00f3: \u2018Ya conocieron la motosierra, ahora se viene la motosierra profunda\u2019. As\u00ed, el proyecto de Ley de Presupuesto 2025 presentado al Congreso Nacional indica que el plan econ\u00f3mico no va a cambiar de rumbo, muy por el contrario, va a continuar el ajuste en reducci\u00f3n y eliminaci\u00f3n de subsidios; en la reducci\u00f3n de las prestaciones de seguridad social; paralizaci\u00f3n de la obra p\u00fabica; eliminar el 6% del gasto en educaci\u00f3n; reducir la planta de trabajadores estatales y por ende pol\u00edticas p\u00fablicas\u201d.<\/p>\n<p>Y agreg\u00f3: \u201cA eso se suma que sin desparpajos expresan p\u00fablicamente sus deseos de privatizar empresas del Estado como Aerol\u00edneas Argentinas, Intercargo, Administraci\u00f3n General de Puertos, Concesiones Viales, media docena de empresas de ferrocarriles, ARSAT, ENARSA, IMPSA, Casa de la Moneda, los bancos Naci\u00f3n, Hipotecario y BICE, Fabricaciones Militares, Tandanor, Aguas y Saneamiento (AySA) y la televisi\u00f3n p\u00fablica. Con una frase similar al extinto Ministro de Obras P\u00fablicas del menemismo, Roberto Dromi, el Presidente libertario manifestaba que \u2018todo lo que pueda estar en manos del sector privado va a estar en manos del sector privado\u2019. Se prepara el saqueo de las empresas del Estado\u201d, dijo con indignaci\u00f3n.<\/p>\n<p>Asegur\u00f3 tambi\u00e9n que \u201cla CTA Aut\u00f3noma C\u00f3rdoba este a\u00f1o estuvo luchando activamente en las calles en contra de las pol\u00edticas de ajuste, hambre y entrega de nuestra Soberan\u00eda. Cuando se pudo, lo hicimos en unidad con otras organizaciones sindicales, sociales y pol\u00edticas, y otras veces en soledad\u201d.<\/p>\n<p>\u201cEn gran parte de la dirigencia pol\u00edtica, sindical y social hay una visi\u00f3n derrotista y falta de voluntad de lucha, que utiliza argumentos de los m\u00e1s diversos, desde: \u2018No est\u00e1n dadas las condiciones para salir a las calles\u2019, \u2018el Gobierno tiene consenso\u2019, \u2018no tenemos que exponer a los trabajadores\u2019, hasta que \u2018la pelea no hay que darla en las calles, sino exclusivamente en las redes sociales\u2019. Todas pavadas discursivas de una dirigencia timorata que se niega a dar pelea y poner el cuerpo en las calles\u201d, denunci\u00f3.<\/p>\n<p>\u201cDesde la CTA Aut\u00f3noma convocamos para el 2025 a la unidad de la clase trabajadora, pero la unidad de los que luchan, porque citando a nuestro patriota Jos\u00e9 de San Mart\u00edn \u2018Cuando la Patria est\u00e1 en peligro todo est\u00e1 permitido, excepto no defenderla\u2019. Ese es nuestro lema, esa es nuestra gu\u00eda en la lucha integral contra los que le han declarado la guerra a nuestro pueblo\u201d, remat\u00f3 Chalup.<\/p>\n","protected":false},"excerpt":{"rendered":"<p>En declaraciones formuladas a esta Agencia CTAA C\u00f3rdoba, el Secretario General de la CTA Aut\u00f3noma Regional C\u00f3rdoba Capital, el estatal Jorge Chalup, afirm\u00f3 que \u201cel primer a\u00f1o de gesti\u00f3n del Presidente Javier Milei dej\u00f3 como saldo m\u00e1s de cinco millones de argentinos en la pobreza; 195.570 trabajadores perdieron su puesto de trabajo; una p\u00e9rdida del [&hellip;]<\/p>\n","protected":false},"author":7,"featured_media":47134,"comment_status":"open","ping_status":"open","sticky":false,"template":"","format":"standard","meta":{"_exactmetrics_skip_tracking":false,"_exactmetrics_sitenote_active":false,"_exactmetrics_sitenote_note":"","_exactmetrics_sitenote_category":0,"jnews-multi-image_gallery":[],"jnews_single_post":{"format":"standard","override":[{"template":"1","parallax":"1","fullscreen":"1","layout":"no-sidebar-narrow","sidebar":"default-sidebar","second_sidebar":"default-sidebar","sticky_sidebar":"1","share_position":"bottom","share_float_style":"share-monocrhome","show_share_counter":"1","show_view_counter":"1","show_post_meta":"1","show_post_author_image":"1","show_post_date":"1","post_date_format":"default","post_date_format_custom":"Y\/m\/d","show_post_category":"1","show_post_reading_time":"0","post_reading_time_wpm":"300","post_calculate_word_method":"str_word_count","show_zoom_button":"0","zoom_button_out_step":"2","zoom_button_in_step":"3","show_post_tag":"1","number_popup_post":"1","show_post_related":"1","show_inline_post_related":"0"}],"image_override":[{"single_post_thumbnail_size":"crop-500","single_post_gallery_size":"crop-500"}],"trending_post_position":"meta","trending_post_label":"Trending","sponsored_post_label":"Sponsored by","disable_ad":"0"},"jnews_primary_category":[],"jnews_social_meta":[],"jnews_review":[],"enable_review":"","type":"percentage","name":"","summary":"","brand":"","sku":"","good":[],"bad":[],"score_override":"","override_value":"","rating":[],"price":[],"jnews_override_counter":{"view_counter_number":"0","share_counter_number":"0","like_counter_number":"0","dislike_counter_number":"0"},"jnews_post_split":{"post_split":[{"template":"1","tag":"h2","numbering":"asc","mode":"normal","first":"0","enable_toc":"0","toc_type":"normal"}]},"footnotes":""},"categories":[92],"tags":[1461],"class_list":["post-47133","post","type-post","status-publish","format-standard","has-post-thumbnail","hentry","category-cta","tag-cta-a-cordoba"],"jetpack_featured_media_url":"https:\/\/atecordoba.org\/wp-content\/uploads\/2024\/12\/20230726_121538-scaled-e1735308007140.jpg","_links":{"self":[{"href":"https:\/\/atecordoba.org\/index.php?rest_route=\/wp\/v2\/posts\/47133","targetHints":{"allow":["GET"]}}],"collection":[{"href":"https:\/\/atecordoba.org\/index.php?rest_route=\/wp\/v2\/posts"}],"about":[{"href":"https:\/\/atecordoba.org\/index.php?rest_route=\/wp\/v2\/types\/post"}],"author":[{"embeddable":true,"href":"https:\/\/atecordoba.org\/index.php?rest_route=\/wp\/v2\/users\/7"}],"replies":[{"embeddable":true,"href":"https:\/\/atecordoba.org\/index.php?rest_route=%2Fwp%2Fv2%2Fcomments&post=47133"}],"version-history":[{"count":1,"href":"https:\/\/atecordoba.org\/index.php?rest_route=\/wp\/v2\/posts\/47133\/revisions"}],"predecessor-version":[{"id":47135,"href":"https:\/\/atecordoba.org\/index.php?rest_route=\/wp\/v2\/posts\/47133\/revisions\/47135"}],"wp:featuredmedia":[{"embeddable":true,"href":"https:\/\/atecordoba.org\/index.php?rest_route=\/wp\/v2\/media\/47134"}],"wp:attachment":[{"href":"https:\/\/atecordoba.org\/index.php?rest_route=%2Fwp%2Fv2%2Fmedia&parent=47133"}],"wp:term":[{"taxonomy":"category","embeddable":true,"href":"https:\/\/atecordoba.org\/index.php?rest_route=%2Fwp%2Fv2%2Fcategories&post=47133"},{"taxonomy":"post_tag","embeddable":true,"href":"https:\/\/atecordoba.org\/index.php?rest_route=%2Fwp%2Fv2%2Ftags&post=47133"}],"curies":[{"name":"wp","href":"https:\/\/api.w.org\/{rel}","templated":true}]}}