{"id":4713,"date":"2014-11-11T18:28:33","date_gmt":"2014-11-11T21:28:33","guid":{"rendered":"http:\/\/www.atecordoba.org\/?p=4713"},"modified":"2014-11-11T18:28:33","modified_gmt":"2014-11-11T21:28:33","slug":"accion-social-tarifas-de-hoteles-2015","status":"publish","type":"post","link":"https:\/\/atecordoba.org\/?p=4713","title":{"rendered":"Acci\u00f3n Social: tarifas de hoteles 2015"},"content":{"rendered":"<p><em>Brindamos a los afiliados las tarifas de hoteles seg\u00fan los convenios acordados por ATE C\u00f3rdoba.<\/em><\/p>\n<p><a href=\"http:\/\/www.atecordoba.org\/wp-content\/uploads\/2014\/11\/tarifas_2015_2.png\"><img loading=\"lazy\" decoding=\"async\" class=\"aligncenter size-full wp-image-4718\" src=\"http:\/\/www.atecordoba.org\/wp-content\/uploads\/2014\/11\/tarifas_2015_2.png\" alt=\"tarifas_2015_2\" width=\"601\" height=\"235\" \/><\/a><\/p>\n<p>Los interesados deben comunicarse con nuestra sede, Entre Rios 450, 0351-4257926\/4232748, ateturismocba@hotmail.com<\/p>\n","protected":false},"excerpt":{"rendered":"<p>Brindamos a los afiliados las tarifas de hoteles seg\u00fan los convenios acordados por ATE C\u00f3rdoba. Los interesados deben comunicarse con nuestra sede, Entre Rios 450, 0351-4257926\/4232748, ateturismocba@hotmail.com<\/p>\n","protected":false},"author":1,"featured_media":19220,"comment_status":"open","ping_status":"open","sticky":false,"template":"","format":"standard","meta":{"_exactmetrics_skip_tracking":false,"_exactmetrics_sitenote_active":false,"_exactmetrics_sitenote_note":"","_exactmetrics_sitenote_category":0,"jnews-multi-image_gallery":[],"jnews_single_post":[],"jnews_primary_category":[],"jnews_social_meta":[],"jnews_review":[],"enable_review":"","type":"","name":"","summary":"","brand":"","sku":"","good":[],"bad":[],"score_override":"","override_value":"","rating":[],"price":[],"jnews_override_counter":[],"jnews_post_split":[],"footnotes":""},"categories":[75],"tags":[],"class_list":["post-4713","post","type-post","status-publish","format-standard","has-post-thumbnail","hentry","category-accion-social"],"jetpack_featured_media_url":"https:\/\/atecordoba.org\/wp-content\/uploads\/2020\/05\/logo-nuevochico-e1561581322808.png","_links":{"self":[{"href":"https:\/\/atecordoba.org\/index.php?rest_route=\/wp\/v2\/posts\/4713","targetHints":{"allow":["GET"]}}],"collection":[{"href":"https:\/\/atecordoba.org\/index.php?rest_route=\/wp\/v2\/posts"}],"about":[{"href":"https:\/\/atecordoba.org\/index.php?rest_route=\/wp\/v2\/types\/post"}],"author":[{"embeddable":true,"href":"https:\/\/atecordoba.org\/index.php?rest_route=\/wp\/v2\/users\/1"}],"replies":[{"embeddable":true,"href":"https:\/\/atecordoba.org\/index.php?rest_route=%2Fwp%2Fv2%2Fcomments&post=4713"}],"version-history":[{"count":0,"href":"https:\/\/atecordoba.org\/index.php?rest_route=\/wp\/v2\/posts\/4713\/revisions"}],"wp:featuredmedia":[{"embeddable":true,"href":"https:\/\/atecordoba.org\/index.php?rest_route=\/wp\/v2\/media\/19220"}],"wp:attachment":[{"href":"https:\/\/atecordoba.org\/index.php?rest_route=%2Fwp%2Fv2%2Fmedia&parent=4713"}],"wp:term":[{"taxonomy":"category","embeddable":true,"href":"https:\/\/atecordoba.org\/index.php?rest_route=%2Fwp%2Fv2%2Fcategories&post=4713"},{"taxonomy":"post_tag","embeddable":true,"href":"https:\/\/atecordoba.org\/index.php?rest_route=%2Fwp%2Fv2%2Ftags&post=4713"}],"curies":[{"name":"wp","href":"https:\/\/api.w.org\/{rel}","templated":true}]}}