{"id":47127,"date":"2024-12-27T10:48:36","date_gmt":"2024-12-27T13:48:36","guid":{"rendered":"https:\/\/atecordoba.org\/?p=47127"},"modified":"2024-12-27T10:48:36","modified_gmt":"2024-12-27T13:48:36","slug":"provinciales-el-cambio-esta-en-nuestras-manos","status":"publish","type":"post","link":"https:\/\/atecordoba.org\/?p=47127","title":{"rendered":"Provinciales, el cambio est\u00e1 en nuestras manos"},"content":{"rendered":"<p><img loading=\"lazy\" decoding=\"async\" class=\"aligncenter wp-image-47130 \" src=\"https:\/\/atecordoba.org\/wp-content\/uploads\/2024\/12\/Foto-de-Prensa-ATE-CDP-Cba-1024x576.jpg\" alt=\"\" width=\"634\" height=\"357\" srcset=\"https:\/\/atecordoba.org\/wp-content\/uploads\/2024\/12\/Foto-de-Prensa-ATE-CDP-Cba-1024x576.jpg 1024w, https:\/\/atecordoba.org\/wp-content\/uploads\/2024\/12\/Foto-de-Prensa-ATE-CDP-Cba-300x169.jpg 300w, https:\/\/atecordoba.org\/wp-content\/uploads\/2024\/12\/Foto-de-Prensa-ATE-CDP-Cba-768x432.jpg 768w, https:\/\/atecordoba.org\/wp-content\/uploads\/2024\/12\/Foto-de-Prensa-ATE-CDP-Cba-750x422.jpg 750w, https:\/\/atecordoba.org\/wp-content\/uploads\/2024\/12\/Foto-de-Prensa-ATE-CDP-Cba-1140x641.jpg 1140w, https:\/\/atecordoba.org\/wp-content\/uploads\/2024\/12\/Foto-de-Prensa-ATE-CDP-Cba.jpg 1280w\" sizes=\"auto, (max-width: 634px) 100vw, 634px\" \/>Frente a una p\u00e9rdida salarial que de las y los trabajadores del Estado provincial que ronda el 50% de ingresos reales en 2024, ATE reclama una urgente recomposici\u00f3n salarial que compense el aumentos de precios de los elementos b\u00e1sicos de la canasta familiar.<\/p>\n<p>En un mensaje de fin de a\u00f1o, el Consejo Directivo Provincial (CDP) plante\u00f3 la necesidad urgente de poner en marcha el pase a planta permanente de todo el personal precarizado y la efectivizaci\u00f3n de los pases a planta del personal que no pudo gozar con ese derecho por errores del sistema y del propio Gobierno de Mart\u00edn Llaryora.<\/p>\n<p>\u201cCon organizaci\u00f3n y un sindicato fuerte como ATE, podemos revertir la situaci\u00f3n actual y lograr las mejoras salariales que merecemos. Sumate a nuestra lucha. Afiliate y s\u00e9 parte de un gremio que defiende tus derechos, impulsa tu crecimiento y trabaja por condiciones dignas para todas y todos&#8221;, concluye el mensaje de fin de a\u00f1o para el sector.<\/p>\n<div id='gallery_1' class='gallery galleryid-47127 gallery-columns-2 gallery-size-large'><figure class='gallery-item'>\n                <div class='gallery-icon landscape'>\n                    <a href='https:\/\/atecordoba.org\/wp-content\/uploads\/2024\/12\/469522670_978220164327898_2077144959369167705_n.jpg'><img loading=\"lazy\" decoding=\"async\" width=\"600\" height=\"600\" src=\"\" class=\"attachment-large size-large lazyload\" alt=\"\" data-src=\"https:\/\/atecordoba.org\/wp-content\/uploads\/2024\/12\/469522670_978220164327898_2077144959369167705_n.jpg\" data-sizes=\"auto\" data-srcset=\"https:\/\/atecordoba.org\/wp-content\/uploads\/2024\/12\/469522670_978220164327898_2077144959369167705_n.jpg 600w, https:\/\/atecordoba.org\/wp-content\/uploads\/2024\/12\/469522670_978220164327898_2077144959369167705_n-300x300.jpg 300w, https:\/\/atecordoba.org\/wp-content\/uploads\/2024\/12\/469522670_978220164327898_2077144959369167705_n-150x150.jpg 150w, https:\/\/atecordoba.org\/wp-content\/uploads\/2024\/12\/469522670_978220164327898_2077144959369167705_n-560x560.jpg 560w, https:\/\/atecordoba.org\/wp-content\/uploads\/2024\/12\/469522670_978220164327898_2077144959369167705_n-75x75.jpg 75w, https:\/\/atecordoba.org\/wp-content\/uploads\/2024\/12\/469522670_978220164327898_2077144959369167705_n-350x350.jpg 350w\" data-expand=\"700\" \/><\/a>\n                <\/div><\/figure><figure class='gallery-item'>\n                <div class='gallery-icon landscape'>\n                    <a href='https:\/\/atecordoba.org\/wp-content\/uploads\/2024\/12\/469118321_978220147661233_6991987764369163990_n-300x300-1.jpg'><img loading=\"lazy\" decoding=\"async\" width=\"300\" height=\"300\" src=\"\" class=\"attachment-large size-large lazyload\" alt=\"\" data-src=\"https:\/\/atecordoba.org\/wp-content\/uploads\/2024\/12\/469118321_978220147661233_6991987764369163990_n-300x300-1.jpg\" data-sizes=\"auto\" data-srcset=\"https:\/\/atecordoba.org\/wp-content\/uploads\/2024\/12\/469118321_978220147661233_6991987764369163990_n-300x300-1.jpg 300w, https:\/\/atecordoba.org\/wp-content\/uploads\/2024\/12\/469118321_978220147661233_6991987764369163990_n-300x300-1-150x150.jpg 150w, https:\/\/atecordoba.org\/wp-content\/uploads\/2024\/12\/469118321_978220147661233_6991987764369163990_n-300x300-1-75x75.jpg 75w\" data-expand=\"700\" \/><\/a>\n                <\/div><\/figure><br style=\"clear: both\" \/>\n            <\/div>\n\n","protected":false},"excerpt":{"rendered":"<p>Frente a una p\u00e9rdida salarial que de las y los trabajadores del Estado provincial que ronda el 50% de ingresos reales en 2024, ATE reclama una urgente recomposici\u00f3n salarial que compense el aumentos de precios de los elementos b\u00e1sicos de la canasta familiar. En un mensaje de fin de a\u00f1o, el Consejo Directivo Provincial (CDP) [&hellip;]<\/p>\n","protected":false},"author":7,"featured_media":47130,"comment_status":"open","ping_status":"open","sticky":false,"template":"","format":"standard","meta":{"_exactmetrics_skip_tracking":false,"_exactmetrics_sitenote_active":false,"_exactmetrics_sitenote_note":"","_exactmetrics_sitenote_category":0,"jnews-multi-image_gallery":[],"jnews_single_post":{"format":"standard","override":[{"template":"1","parallax":"1","fullscreen":"1","layout":"no-sidebar-narrow","sidebar":"default-sidebar","second_sidebar":"default-sidebar","sticky_sidebar":"1","share_position":"bottom","share_float_style":"share-monocrhome","show_share_counter":"1","show_view_counter":"1","show_post_meta":"1","show_post_author_image":"1","show_post_date":"1","post_date_format":"default","post_date_format_custom":"Y\/m\/d","show_post_category":"1","show_post_reading_time":"0","post_reading_time_wpm":"300","post_calculate_word_method":"str_word_count","show_zoom_button":"0","zoom_button_out_step":"2","zoom_button_in_step":"3","show_post_tag":"1","number_popup_post":"1","show_post_related":"1","show_inline_post_related":"0"}],"image_override":[{"single_post_thumbnail_size":"crop-500","single_post_gallery_size":"crop-500"}],"trending_post_position":"meta","trending_post_label":"Trending","sponsored_post_label":"Sponsored by","disable_ad":"0"},"jnews_primary_category":[],"jnews_social_meta":[],"jnews_review":[],"enable_review":"","type":"percentage","name":"","summary":"","brand":"","sku":"","good":[],"bad":[],"score_override":"","override_value":"","rating":[],"price":[],"jnews_override_counter":{"view_counter_number":"0","share_counter_number":"0","like_counter_number":"0","dislike_counter_number":"0"},"jnews_post_split":{"post_split":[{"template":"1","tag":"h2","numbering":"asc","mode":"normal","first":"0","enable_toc":"0","toc_type":"normal"}]},"footnotes":""},"categories":[8],"tags":[395,1359,420,1343,409],"class_list":["post-47127","post","type-post","status-publish","format-standard","has-post-thumbnail","hentry","category-provinciales","tag-ate-cordoba","tag-empleados-provinciales","tag-gobierno-de-cordoba","tag-llaryora","tag-recomposicion-salarial"],"jetpack_featured_media_url":"https:\/\/atecordoba.org\/wp-content\/uploads\/2024\/12\/Foto-de-Prensa-ATE-CDP-Cba.jpg","_links":{"self":[{"href":"https:\/\/atecordoba.org\/index.php?rest_route=\/wp\/v2\/posts\/47127","targetHints":{"allow":["GET"]}}],"collection":[{"href":"https:\/\/atecordoba.org\/index.php?rest_route=\/wp\/v2\/posts"}],"about":[{"href":"https:\/\/atecordoba.org\/index.php?rest_route=\/wp\/v2\/types\/post"}],"author":[{"embeddable":true,"href":"https:\/\/atecordoba.org\/index.php?rest_route=\/wp\/v2\/users\/7"}],"replies":[{"embeddable":true,"href":"https:\/\/atecordoba.org\/index.php?rest_route=%2Fwp%2Fv2%2Fcomments&post=47127"}],"version-history":[{"count":1,"href":"https:\/\/atecordoba.org\/index.php?rest_route=\/wp\/v2\/posts\/47127\/revisions"}],"predecessor-version":[{"id":47131,"href":"https:\/\/atecordoba.org\/index.php?rest_route=\/wp\/v2\/posts\/47127\/revisions\/47131"}],"wp:featuredmedia":[{"embeddable":true,"href":"https:\/\/atecordoba.org\/index.php?rest_route=\/wp\/v2\/media\/47130"}],"wp:attachment":[{"href":"https:\/\/atecordoba.org\/index.php?rest_route=%2Fwp%2Fv2%2Fmedia&parent=47127"}],"wp:term":[{"taxonomy":"category","embeddable":true,"href":"https:\/\/atecordoba.org\/index.php?rest_route=%2Fwp%2Fv2%2Fcategories&post=47127"},{"taxonomy":"post_tag","embeddable":true,"href":"https:\/\/atecordoba.org\/index.php?rest_route=%2Fwp%2Fv2%2Ftags&post=47127"}],"curies":[{"name":"wp","href":"https:\/\/api.w.org\/{rel}","templated":true}]}}