{"id":47119,"date":"2024-12-27T10:30:16","date_gmt":"2024-12-27T13:30:16","guid":{"rendered":"https:\/\/atecordoba.org\/?p=47119"},"modified":"2024-12-27T10:30:16","modified_gmt":"2024-12-27T13:30:16","slug":"conduccion-provincial-en-adelia-maria-organizacion-lucha-y-unidad-para-lograr-dar-vuelta-la-tortilla","status":"publish","type":"post","link":"https:\/\/atecordoba.org\/?p=47119","title":{"rendered":"Conducci\u00f3n provincial en Adelia Mar\u00eda: &#8220;organizaci\u00f3n, lucha y unidad para lograr dar vuelta la tortilla&#8221;"},"content":{"rendered":"<p><img loading=\"lazy\" decoding=\"async\" class=\"aligncenter wp-image-47120 \" src=\"https:\/\/atecordoba.org\/wp-content\/uploads\/2024\/12\/WhatsApp-Image-2024-12-26-at-19.10.30-1024x768.jpeg\" alt=\"\" width=\"630\" height=\"473\" \/>En el marco de las reuniones itinerantes que fij\u00f3 el Consejo Directivo Provincial (CDP) de ATE C\u00f3rdoba para territorializar la presencia del sindicato en los distintas regiones donde tiene presencia efectiva, este jueves se registr\u00f3 un encuentro en el Sur cordob\u00e9s, m\u00e1s precisamente en la Seccional Adelia Mar\u00eda que hizo de anfitriona con su Secretario General, Diego Villegas, a la cabeza. Ya se han realizado reuniones de este tipo en la Seccional R\u00edo Cuarto y en Cruz del Eje.<img loading=\"lazy\" decoding=\"async\" class=\"aligncenter wp-image-47121 \" src=\"https:\/\/atecordoba.org\/wp-content\/uploads\/2024\/12\/WhatsApp-Image-2024-12-26-at-19.10.30-1-1024x769.jpeg\" alt=\"\" width=\"635\" height=\"477\" srcset=\"https:\/\/atecordoba.org\/wp-content\/uploads\/2024\/12\/WhatsApp-Image-2024-12-26-at-19.10.30-1-1024x769.jpeg 1024w, https:\/\/atecordoba.org\/wp-content\/uploads\/2024\/12\/WhatsApp-Image-2024-12-26-at-19.10.30-1-300x225.jpeg 300w, https:\/\/atecordoba.org\/wp-content\/uploads\/2024\/12\/WhatsApp-Image-2024-12-26-at-19.10.30-1-768x577.jpeg 768w, https:\/\/atecordoba.org\/wp-content\/uploads\/2024\/12\/WhatsApp-Image-2024-12-26-at-19.10.30-1-750x563.jpeg 750w, https:\/\/atecordoba.org\/wp-content\/uploads\/2024\/12\/WhatsApp-Image-2024-12-26-at-19.10.30-1.jpeg 1080w\" sizes=\"auto, (max-width: 635px) 100vw, 635px\" \/><\/p>\n<p>Con la presencia del Secretario General, Federico Giuliani, junto a la Secretaria Adjunta, Gabriela Alcoba, ayer por la tarde tuvo lugar la \u00faltima reuni\u00f3n del 2024 del Secretariado del Consejo Directivo Provincial de ATE C\u00f3rdoba.<\/p>\n<p>\u201cContinuamos con el recorrido itinerante de la Conducci\u00f3n Provincial, en este caso visitando la Seccional de ATE Adelia Mar\u00eda junto a su Secretario General local, Diego Villegas\u201d, avis\u00f3 Giuliani.<\/p>\n<p>Por el CDP estuvieron Jorge Chalup, Secretario Gremial; Javier Bracamonte, Secretario de Organizaci\u00f3n; Julia Giuliani, Secretaria de Prensa; Ricardo Reyna, Secretario de Finanzas; Cintia Conesta, Secretaria Administrativa; Mar\u00eda Spaventa, Secretaria de G\u00e9nero; e Irina Silberman.<\/p>\n<p>Tambi\u00e9n participaron del encuentro los secretarios generales de ATE R\u00edo Cuarto, Rafaela Alcoba; y de Cruz del Eje, Juan Pablo \u201cBeto\u201d Pozzi.<img loading=\"lazy\" decoding=\"async\" class=\"aligncenter wp-image-47122 \" src=\"https:\/\/atecordoba.org\/wp-content\/uploads\/2024\/12\/WhatsApp-Image-2024-12-26-at-19.10.31-1024x769.jpeg\" alt=\"\" width=\"623\" height=\"468\" srcset=\"https:\/\/atecordoba.org\/wp-content\/uploads\/2024\/12\/WhatsApp-Image-2024-12-26-at-19.10.31-1024x769.jpeg 1024w, https:\/\/atecordoba.org\/wp-content\/uploads\/2024\/12\/WhatsApp-Image-2024-12-26-at-19.10.31-300x225.jpeg 300w, https:\/\/atecordoba.org\/wp-content\/uploads\/2024\/12\/WhatsApp-Image-2024-12-26-at-19.10.31-768x577.jpeg 768w, https:\/\/atecordoba.org\/wp-content\/uploads\/2024\/12\/WhatsApp-Image-2024-12-26-at-19.10.31-750x563.jpeg 750w, https:\/\/atecordoba.org\/wp-content\/uploads\/2024\/12\/WhatsApp-Image-2024-12-26-at-19.10.31.jpeg 1080w\" sizes=\"auto, (max-width: 623px) 100vw, 623px\" \/><\/p>\n<p>Federico Giuliani, sostuvo que \u201cestamos reafirmando nuestro compromiso de escuchar, recorrer, acompa\u00f1ar, proponer y estar presentes en cada rinc\u00f3n de la geograf\u00eda cordobesa para hacernos carne de las realidades en cada lugar.\u00a0 Seguimos construyendo un sindicato m\u00e1s cercano, atendiendo las necesidades de los trabajadores en todos los puntos de la provincia para tener el ATE que so\u00f1amos, que es de car\u00e1cter provincial y federal\u201d.<\/p>\n<p>Adem\u00e1s, el dirigente remarc\u00f3 que &#8220;integramos a las seccionales a la conducci\u00f3n provincial. 2024 fue un a\u00f1o complejo, duro, plagado de luchas y de organizaci\u00f3n sindical. Es por eso que en esta reuni\u00f3n nos juntamos con las y los compa\u00f1eros para hacer un balance del a\u00f1o y el brindis. Ante aquellos que nos plantean que esto est\u00e1 terminado y con \u00e1nimos derrotistas, contraponemos la organizaci\u00f3n, lucha y unidad para lograr dar vuelta la tortilla&#8221;.<\/p>\n<div id='gallery_1' class='gallery galleryid-47119 gallery-columns-2 gallery-size-large'><figure class='gallery-item'>\n                <div class='gallery-icon landscape'>\n                    <a href='https:\/\/atecordoba.org\/wp-content\/uploads\/2024\/12\/WhatsApp-Image-2024-12-26-at-19.10.30-2.jpeg'><img loading=\"lazy\" decoding=\"async\" width=\"1024\" height=\"768\" src=\"\" class=\"attachment-large size-large lazyload\" alt=\"\" data-src=\"https:\/\/atecordoba.org\/wp-content\/uploads\/2024\/12\/WhatsApp-Image-2024-12-26-at-19.10.30-2-1024x768.jpeg\" data-sizes=\"auto\" data-srcset=\"https:\/\/atecordoba.org\/wp-content\/uploads\/2024\/12\/WhatsApp-Image-2024-12-26-at-19.10.30-2-1024x768.jpeg 1024w, https:\/\/atecordoba.org\/wp-content\/uploads\/2024\/12\/WhatsApp-Image-2024-12-26-at-19.10.30-2-300x225.jpeg 300w, https:\/\/atecordoba.org\/wp-content\/uploads\/2024\/12\/WhatsApp-Image-2024-12-26-at-19.10.30-2-768x576.jpeg 768w, https:\/\/atecordoba.org\/wp-content\/uploads\/2024\/12\/WhatsApp-Image-2024-12-26-at-19.10.30-2-750x563.jpeg 750w, https:\/\/atecordoba.org\/wp-content\/uploads\/2024\/12\/WhatsApp-Image-2024-12-26-at-19.10.30-2.jpeg 1080w\" data-expand=\"700\" \/><\/a>\n                <\/div><\/figure><figure class='gallery-item'>\n                <div class='gallery-icon landscape'>\n                    <a href='https:\/\/atecordoba.org\/wp-content\/uploads\/2024\/12\/WhatsApp-Image-2024-12-26-at-19.10.32.jpeg'><img loading=\"lazy\" decoding=\"async\" width=\"1024\" height=\"768\" src=\"\" class=\"attachment-large size-large lazyload\" alt=\"\" data-src=\"https:\/\/atecordoba.org\/wp-content\/uploads\/2024\/12\/WhatsApp-Image-2024-12-26-at-19.10.32-1024x768.jpeg\" data-sizes=\"auto\" data-srcset=\"https:\/\/atecordoba.org\/wp-content\/uploads\/2024\/12\/WhatsApp-Image-2024-12-26-at-19.10.32-1024x768.jpeg 1024w, https:\/\/atecordoba.org\/wp-content\/uploads\/2024\/12\/WhatsApp-Image-2024-12-26-at-19.10.32-300x225.jpeg 300w, https:\/\/atecordoba.org\/wp-content\/uploads\/2024\/12\/WhatsApp-Image-2024-12-26-at-19.10.32-768x576.jpeg 768w, https:\/\/atecordoba.org\/wp-content\/uploads\/2024\/12\/WhatsApp-Image-2024-12-26-at-19.10.32-750x563.jpeg 750w, https:\/\/atecordoba.org\/wp-content\/uploads\/2024\/12\/WhatsApp-Image-2024-12-26-at-19.10.32.jpeg 1080w\" data-expand=\"700\" \/><\/a>\n                <\/div><\/figure><br style=\"clear: both\" \/>\n            <\/div>\n\n","protected":false},"excerpt":{"rendered":"<p>En el marco de las reuniones itinerantes que fij\u00f3 el Consejo Directivo Provincial (CDP) de ATE C\u00f3rdoba para territorializar la presencia del sindicato en los distintas regiones donde tiene presencia efectiva, este jueves se registr\u00f3 un encuentro en el Sur cordob\u00e9s, m\u00e1s precisamente en la Seccional Adelia Mar\u00eda que hizo de anfitriona con su Secretario [&hellip;]<\/p>\n","protected":false},"author":7,"featured_media":47120,"comment_status":"open","ping_status":"open","sticky":false,"template":"","format":"standard","meta":{"_exactmetrics_skip_tracking":false,"_exactmetrics_sitenote_active":false,"_exactmetrics_sitenote_note":"","_exactmetrics_sitenote_category":0,"jnews-multi-image_gallery":[],"jnews_single_post":{"format":"standard","override":[{"template":"1","parallax":"1","fullscreen":"1","layout":"no-sidebar-narrow","sidebar":"default-sidebar","second_sidebar":"default-sidebar","sticky_sidebar":"1","share_position":"bottom","share_float_style":"share-monocrhome","show_share_counter":"1","show_view_counter":"1","show_post_meta":"1","show_post_author_image":"1","show_post_date":"1","post_date_format":"default","post_date_format_custom":"Y\/m\/d","show_post_category":"1","show_post_reading_time":"0","post_reading_time_wpm":"300","post_calculate_word_method":"str_word_count","show_zoom_button":"0","zoom_button_out_step":"2","zoom_button_in_step":"3","show_post_tag":"1","number_popup_post":"1","show_post_related":"1","show_inline_post_related":"0"}],"image_override":[{"single_post_thumbnail_size":"crop-500","single_post_gallery_size":"crop-500"}],"trending_post_position":"meta","trending_post_label":"Trending","sponsored_post_label":"Sponsored by","disable_ad":"0"},"jnews_primary_category":[],"jnews_social_meta":[],"jnews_review":[],"enable_review":"","type":"percentage","name":"","summary":"","brand":"","sku":"","good":[],"bad":[],"score_override":"","override_value":"","rating":[],"price":[],"jnews_override_counter":{"view_counter_number":"0","share_counter_number":"0","like_counter_number":"0","dislike_counter_number":"0"},"jnews_post_split":{"post_split":[{"template":"1","tag":"h2","numbering":"asc","mode":"normal","first":"0","enable_toc":"0","toc_type":"normal"}]},"footnotes":""},"categories":[341],"tags":[395],"class_list":["post-47119","post","type-post","status-publish","format-standard","has-post-thumbnail","hentry","category-cdp","tag-ate-cordoba"],"jetpack_featured_media_url":"https:\/\/atecordoba.org\/wp-content\/uploads\/2024\/12\/WhatsApp-Image-2024-12-26-at-19.10.30-e1735306187505.jpeg","_links":{"self":[{"href":"https:\/\/atecordoba.org\/index.php?rest_route=\/wp\/v2\/posts\/47119","targetHints":{"allow":["GET"]}}],"collection":[{"href":"https:\/\/atecordoba.org\/index.php?rest_route=\/wp\/v2\/posts"}],"about":[{"href":"https:\/\/atecordoba.org\/index.php?rest_route=\/wp\/v2\/types\/post"}],"author":[{"embeddable":true,"href":"https:\/\/atecordoba.org\/index.php?rest_route=\/wp\/v2\/users\/7"}],"replies":[{"embeddable":true,"href":"https:\/\/atecordoba.org\/index.php?rest_route=%2Fwp%2Fv2%2Fcomments&post=47119"}],"version-history":[{"count":1,"href":"https:\/\/atecordoba.org\/index.php?rest_route=\/wp\/v2\/posts\/47119\/revisions"}],"predecessor-version":[{"id":47125,"href":"https:\/\/atecordoba.org\/index.php?rest_route=\/wp\/v2\/posts\/47119\/revisions\/47125"}],"wp:featuredmedia":[{"embeddable":true,"href":"https:\/\/atecordoba.org\/index.php?rest_route=\/wp\/v2\/media\/47120"}],"wp:attachment":[{"href":"https:\/\/atecordoba.org\/index.php?rest_route=%2Fwp%2Fv2%2Fmedia&parent=47119"}],"wp:term":[{"taxonomy":"category","embeddable":true,"href":"https:\/\/atecordoba.org\/index.php?rest_route=%2Fwp%2Fv2%2Fcategories&post=47119"},{"taxonomy":"post_tag","embeddable":true,"href":"https:\/\/atecordoba.org\/index.php?rest_route=%2Fwp%2Fv2%2Ftags&post=47119"}],"curies":[{"name":"wp","href":"https:\/\/api.w.org\/{rel}","templated":true}]}}