{"id":47114,"date":"2024-12-23T13:52:39","date_gmt":"2024-12-23T16:52:39","guid":{"rendered":"https:\/\/atecordoba.org\/?p=47114"},"modified":"2024-12-23T13:52:39","modified_gmt":"2024-12-23T16:52:39","slug":"ate-exige-a-milei-la-reapertura-de-las-paritarias-ante-de-fin-de-ano-y-una-recomposicion-salarial-de-emergencia","status":"publish","type":"post","link":"https:\/\/atecordoba.org\/?p=47114","title":{"rendered":"ATE exige a Milei la reapertura de las paritarias ante de fin de a\u00f1o y una recomposici\u00f3n salarial de emergencia"},"content":{"rendered":"<p><img loading=\"lazy\" decoding=\"async\" class=\"aligncenter wp-image-47116 \" src=\"https:\/\/atecordoba.org\/wp-content\/uploads\/2024\/12\/aguiardedo-1024x682.webp\" alt=\"\" width=\"621\" height=\"414\" \/>La conducci\u00f3n nacional de ATE le exigi\u00f3 al Gobierno nacional la inmediata reapertura de las paritarias antes del 31 de diciembre y reclam\u00f3 un aumento de emergencia para recomponer el poder adquisitivo gravemente deteriorado en el \u00faltimo a\u00f1o. Nuestro sindicato anticip\u00f3 que en el caso de que no haya convocatoria a las negociaciones salariales, podr\u00eda determinar medidas de acci\u00f3n directa para el inicio del 2025.<\/p>\n<p>\u201cEs imperiosa la necesidad de que se reabran las negociaciones antes de fin de a\u00f1o. El ajuste aplicado en el sector p\u00fablico durante el 2024 destruy\u00f3 todos los salarios. La pol\u00edtica salarial impulsada desde la Casa Rosada empuj\u00f3 a m\u00e1s del 80% de los estatales a la pobreza. Los sueldos ya no alcanzan ni para cubrir las m\u00ednimas prestaciones garantizadas por la ley\u201d, se\u00f1al\u00f3 Rodolfo Aguiar, Secretario General del sindicato.<\/p>\n<p>Ante esta situaci\u00f3n el dirigente apunt\u00f3: \u201cNecesitamos que sea compensando el grave deterioro que han tenido durante este a\u00f1o nuestros ingresos. El bono de $30.000 otorgado y avalado por otro sindicato es una ofensa, no alcanza para nada\u201d.<\/p>\n<p>\u201cHoy todos los empleados p\u00fablicos que tienen que pagar un alquiler no llegan ni siquiera a mitad de mes. El recorte salarial en la Administraci\u00f3n P\u00fablica es dram\u00e1tico.\u00a0 Si no existe una respuesta a este pedido concreto, en el inicio del pr\u00f3ximo a\u00f1o habr\u00e1 un aumento de la conflictividad\u201d, concluy\u00f3 el Secretario General de ATE Nacional.<\/p>\n<p>En una nota dirigida al Ministerio de Desregulaci\u00f3n y Transformaci\u00f3n del Estado, que conduce Federico Sturzenegger, y a la Secretar\u00eda de Trabajo de Julio Cordero, el sindicato exigi\u00f3:<\/p>\n<p>* Salarios dignos que, de acuerdo con el art. 14 bis de la Constituci\u00f3n Nacional, aseguren como m\u00ednimo alimentaci\u00f3n adecuada, vivienda digna, educaci\u00f3n, vestuario, asistencia sanitaria, transporte y esparcimiento, vacaciones y previsi\u00f3n;<\/p>\n<p>* Aumentos salariales por encima de la inflaci\u00f3n;<\/p>\n<p>* Apertura de todos los convenios colectivos de trabajo sectoriales, especialmente los m\u00e1s postergados, como el del Personal Civil y Docente Civil de las FF.AA.-Seguridad-IOSFA,Sistema Nacional del Empleo P\u00fablico (SINEP) y Profesionales de la Salud Dto. 1133\/09;<\/p>\n<p>* Asegurar la continuidad de todos los procesos de regularizaci\u00f3n del empleo p\u00fablico \u2013 pases a planta permanente;<\/p>\n<p>* Cese del ajuste; los despidos y reincorporaci\u00f3n inmediata de todos\/as los\/as trabajadores despedidos\/as a partir del 10 de diciembre de 2023<\/p>\n<p>Hasta el momento, la p\u00e9rdida del poder adquisitivo en la Administraci\u00f3n P\u00fablica Nacional (Convenio Colectivo de Trabajo 214\/06) super\u00f3 el 40% en el 2024.<\/p>\n<p>Cabe recordar que la Junta Interna de ATE en el INDEC, utilizando los datos recabados por el organismo, determin\u00f3 que el ingreso m\u00ednimo (no el \u00f3ptimo ni el deseable) deber\u00eda ser de $1.547.169.<\/p>\n<p><img loading=\"lazy\" decoding=\"async\" class=\"aligncenter wp-image-47115 size-full\" src=\"https:\/\/atecordoba.org\/wp-content\/uploads\/2024\/12\/pedido-apertura-de-paritaria-dic-24.webp\" alt=\"\" width=\"567\" height=\"1024\" srcset=\"https:\/\/atecordoba.org\/wp-content\/uploads\/2024\/12\/pedido-apertura-de-paritaria-dic-24.webp 567w, https:\/\/atecordoba.org\/wp-content\/uploads\/2024\/12\/pedido-apertura-de-paritaria-dic-24-166x300.webp 166w\" sizes=\"auto, (max-width: 567px) 100vw, 567px\" \/><\/p>\n","protected":false},"excerpt":{"rendered":"<p>La conducci\u00f3n nacional de ATE le exigi\u00f3 al Gobierno nacional la inmediata reapertura de las paritarias antes del 31 de diciembre y reclam\u00f3 un aumento de emergencia para recomponer el poder adquisitivo gravemente deteriorado en el \u00faltimo a\u00f1o. Nuestro sindicato anticip\u00f3 que en el caso de que no haya convocatoria a las negociaciones salariales, podr\u00eda [&hellip;]<\/p>\n","protected":false},"author":7,"featured_media":47116,"comment_status":"open","ping_status":"open","sticky":false,"template":"","format":"standard","meta":{"_exactmetrics_skip_tracking":false,"_exactmetrics_sitenote_active":false,"_exactmetrics_sitenote_note":"","_exactmetrics_sitenote_category":0,"jnews-multi-image_gallery":[],"jnews_single_post":{"format":"standard","override":[{"template":"1","parallax":"1","fullscreen":"1","layout":"no-sidebar-narrow","sidebar":"default-sidebar","second_sidebar":"default-sidebar","sticky_sidebar":"1","share_position":"bottom","share_float_style":"share-monocrhome","show_share_counter":"1","show_view_counter":"1","show_post_meta":"1","show_post_author_image":"1","show_post_date":"1","post_date_format":"default","post_date_format_custom":"Y\/m\/d","show_post_category":"1","show_post_reading_time":"0","post_reading_time_wpm":"300","post_calculate_word_method":"str_word_count","show_zoom_button":"0","zoom_button_out_step":"2","zoom_button_in_step":"3","show_post_tag":"1","number_popup_post":"1","show_post_related":"1","show_inline_post_related":"0"}],"image_override":[{"single_post_thumbnail_size":"crop-500","single_post_gallery_size":"crop-500"}],"trending_post_position":"meta","trending_post_label":"Trending","sponsored_post_label":"Sponsored by","disable_ad":"0"},"jnews_primary_category":[],"jnews_social_meta":[],"jnews_review":[],"enable_review":"","type":"percentage","name":"","summary":"","brand":"","sku":"","good":[],"bad":[],"score_override":"","override_value":"","rating":[],"price":[],"jnews_override_counter":{"view_counter_number":"0","share_counter_number":"0","like_counter_number":"0","dislike_counter_number":"0"},"jnews_post_split":{"post_split":[{"template":"1","tag":"h2","numbering":"asc","mode":"normal","first":"0","enable_toc":"0","toc_type":"normal"}]},"footnotes":""},"categories":[18],"tags":[408,26,1460],"class_list":["post-47114","post","type-post","status-publish","format-standard","has-post-thumbnail","hentry","category-nacionales","tag-apertura-de-paritarias","tag-ate","tag-aumento-emergencia"],"jetpack_featured_media_url":"https:\/\/atecordoba.org\/wp-content\/uploads\/2024\/12\/aguiardedo-e1734972746867.webp","_links":{"self":[{"href":"https:\/\/atecordoba.org\/index.php?rest_route=\/wp\/v2\/posts\/47114","targetHints":{"allow":["GET"]}}],"collection":[{"href":"https:\/\/atecordoba.org\/index.php?rest_route=\/wp\/v2\/posts"}],"about":[{"href":"https:\/\/atecordoba.org\/index.php?rest_route=\/wp\/v2\/types\/post"}],"author":[{"embeddable":true,"href":"https:\/\/atecordoba.org\/index.php?rest_route=\/wp\/v2\/users\/7"}],"replies":[{"embeddable":true,"href":"https:\/\/atecordoba.org\/index.php?rest_route=%2Fwp%2Fv2%2Fcomments&post=47114"}],"version-history":[{"count":1,"href":"https:\/\/atecordoba.org\/index.php?rest_route=\/wp\/v2\/posts\/47114\/revisions"}],"predecessor-version":[{"id":47117,"href":"https:\/\/atecordoba.org\/index.php?rest_route=\/wp\/v2\/posts\/47114\/revisions\/47117"}],"wp:featuredmedia":[{"embeddable":true,"href":"https:\/\/atecordoba.org\/index.php?rest_route=\/wp\/v2\/media\/47116"}],"wp:attachment":[{"href":"https:\/\/atecordoba.org\/index.php?rest_route=%2Fwp%2Fv2%2Fmedia&parent=47114"}],"wp:term":[{"taxonomy":"category","embeddable":true,"href":"https:\/\/atecordoba.org\/index.php?rest_route=%2Fwp%2Fv2%2Fcategories&post=47114"},{"taxonomy":"post_tag","embeddable":true,"href":"https:\/\/atecordoba.org\/index.php?rest_route=%2Fwp%2Fv2%2Ftags&post=47114"}],"curies":[{"name":"wp","href":"https:\/\/api.w.org\/{rel}","templated":true}]}}