{"id":47103,"date":"2024-12-23T12:30:24","date_gmt":"2024-12-23T15:30:24","guid":{"rendered":"https:\/\/atecordoba.org\/?p=47103"},"modified":"2025-03-07T11:41:18","modified_gmt":"2025-03-07T14:41:18","slug":"eligieron-la-junta-interna-en-conicet-cordoba-la-participacion-fue-record","status":"publish","type":"post","link":"https:\/\/atecordoba.org\/?p=47103","title":{"rendered":"Eligieron la Junta Interna en Conicet C\u00f3rdoba: &#8220;la participaci\u00f3n fue r\u00e9cord&#8221;"},"content":{"rendered":"<p><img loading=\"lazy\" decoding=\"async\" class=\"aligncenter wp-image-47104 \" src=\"https:\/\/atecordoba.org\/wp-content\/uploads\/2024\/12\/WhatsApp-Image-2024-12-23-at-11.49.27-1024x669.jpeg\" alt=\"\" width=\"606\" height=\"396\" \/>La semana pasada se llev\u00f3 a cabo en la provincia <a href=\"https:\/\/atecordoba.org\/?p=46996\">la elecci\u00f3n de la de conducci\u00f3n de la nueva Junta Interna ATE Conicet C\u00f3rdoba<\/a>, una experiencia que da pie a la tercera junta interna del sector, tras las experiencias de La Plata y Rosario.<\/p>\n<figure id=\"attachment_47105\" aria-describedby=\"caption-attachment-47105\" style=\"width: 169px\" class=\"wp-caption alignleft\"><img loading=\"lazy\" decoding=\"async\" class=\"wp-image-47105 size-medium\" src=\"https:\/\/atecordoba.org\/wp-content\/uploads\/2024\/12\/WhatsApp-Image-2024-12-23-at-11.49.05-169x300.jpeg\" alt=\"\" width=\"169\" height=\"300\" srcset=\"https:\/\/atecordoba.org\/wp-content\/uploads\/2024\/12\/WhatsApp-Image-2024-12-23-at-11.49.05-169x300.jpeg 169w, https:\/\/atecordoba.org\/wp-content\/uploads\/2024\/12\/WhatsApp-Image-2024-12-23-at-11.49.05-576x1024.jpeg 576w, https:\/\/atecordoba.org\/wp-content\/uploads\/2024\/12\/WhatsApp-Image-2024-12-23-at-11.49.05.jpeg 720w\" sizes=\"auto, (max-width: 169px) 100vw, 169px\" \/><figcaption id=\"caption-attachment-47105\" class=\"wp-caption-text\">Santiago Ben\u00edtez-Veyra.<\/figcaption><\/figure>\n<p>Conjuntamente se eligi\u00f3 a los integrantes del cuerpo de delegadas y delegados, conformando un n\u00facleo organizativo de gran importancia dado que se trata de uno de los sectores con una amplia cantidad de compa\u00f1eras y compa\u00f1eros estatales nacionales en la provincia.<\/p>\n<p>La lista electa est\u00e1 encabezada por Santiago Ben\u00edtez-Vieyra, Secretario General, Ayel\u00e9n Branca, secretaria Adjunta.<\/p>\n<p>En el balance, y ante los desaf\u00edos que se avecinan, Ben\u00edtez evalu\u00f3 que &#8220;este fue un a\u00f1o tremendo de ataque a la clase trabajadora, especialmente a las y los estatales. En el caso de Conicet, esto se manifest\u00f3 en el recorte del acceso a becas, en la desaparici\u00f3n de los ingresos directamente en las carreras de Investigador y de Personal de Apoyo de nuestra planta permanente; en la ultraprecarizaci\u00f3n de los trabajadores administrativos; y el desfinanciamiento casi absoluto del organismo&#8221;.<\/p>\n<p>Y celebr\u00f3 que &#8220;en ese contexto, la respuesta en C\u00f3rdoba y en muchos lugares del pa\u00eds, dejos del des\u00e1nimo, fue la organizaci\u00f3n, desde la bases y en asambleas abiertas donde decidir democr\u00e1ticamente las acciones a tomar y en coordinaci\u00f3n con otros sectores en lucha, que son muchos y van a seguir si\u00e9ndolo&#8221;.<img loading=\"lazy\" decoding=\"async\" class=\"alignright wp-image-47106 size-medium\" src=\"https:\/\/atecordoba.org\/wp-content\/uploads\/2024\/12\/WhatsApp-Image-2024-12-23-at-11.48.24-1-225x300.jpeg\" alt=\"\" width=\"225\" height=\"300\" srcset=\"https:\/\/atecordoba.org\/wp-content\/uploads\/2024\/12\/WhatsApp-Image-2024-12-23-at-11.48.24-1-225x300.jpeg 225w, https:\/\/atecordoba.org\/wp-content\/uploads\/2024\/12\/WhatsApp-Image-2024-12-23-at-11.48.24-1-768x1024.jpeg 768w, https:\/\/atecordoba.org\/wp-content\/uploads\/2024\/12\/WhatsApp-Image-2024-12-23-at-11.48.24-1-1152x1536.jpeg 1152w, https:\/\/atecordoba.org\/wp-content\/uploads\/2024\/12\/WhatsApp-Image-2024-12-23-at-11.48.24-1-750x1000.jpeg 750w, https:\/\/atecordoba.org\/wp-content\/uploads\/2024\/12\/WhatsApp-Image-2024-12-23-at-11.48.24-1-1140x1520.jpeg 1140w, https:\/\/atecordoba.org\/wp-content\/uploads\/2024\/12\/WhatsApp-Image-2024-12-23-at-11.48.24-1.jpeg 1200w\" sizes=\"auto, (max-width: 225px) 100vw, 225px\" \/><\/p>\n<p>La fuerte participaci\u00f3n del padr\u00f3n en esta elecci\u00f3n es una clara expresi\u00f3n de ese crecimiento organizativo de ATE en el sector.<\/p>\n<p>&#8220;Esta elecciones\u00a0son hist\u00f3ricas y un logro de la organizaci\u00f3n, porque es la primera vez que se elige Junta Interna en C\u00f3rdoba. Hubo una participaci\u00f3n r\u00e9cord para la experiencia que ven\u00edamos teniendo. Y m\u00e1s teniendo en cuenta que el d\u00eda no acompa\u00f1\u00f3 por la lluvia&#8221;, destac\u00f3 el dirigente.<\/p>\n<p>Para Ben\u00edtez ese apoyo se traduce en la fuerza que da para seguir trabajando a la Junta Interna para reclamar por nuestros derechos, para enfrentar el ajuste que el Gobierno descarga sobre nosotros y en todos los sectores vulnerables de nuestro pa\u00eds, en beneficio de un pu\u00f1ado de amigos.<\/p>\n<p>&#8220;Tambi\u00e9n nos da fuerza para salir a conquistar nuevos derechos, no hay que dejar de lado esa perspectiva. Conicet tiene la mitad del personal en negro, porque esa es la forma de describir lo que sufren becarios y personal contratado. Desde esa perspectiva nos sentimos fortalecidos para seguir trabajando el a\u00f1o que viene&#8221;, concluye el nuevo secretario General de la Junta Interna Conicet C\u00f3rdoba.<\/p>\n<div id='gallery_1' class='gallery galleryid-47103 gallery-columns-3 gallery-size-thumbnail'><figure class='gallery-item'>\n                <div class='gallery-icon portrait'>\n                    <a href='https:\/\/atecordoba.org\/wp-content\/uploads\/2024\/12\/WhatsApp-Image-2024-12-23-at-11.49.04.jpeg'><img loading=\"lazy\" decoding=\"async\" width=\"150\" height=\"150\" src=\"\" class=\"attachment-thumbnail size-thumbnail lazyload\" alt=\"\" data-src=\"https:\/\/atecordoba.org\/wp-content\/uploads\/2024\/12\/WhatsApp-Image-2024-12-23-at-11.49.04-150x150.jpeg\" data-sizes=\"auto\" data-srcset=\"https:\/\/atecordoba.org\/wp-content\/uploads\/2024\/12\/WhatsApp-Image-2024-12-23-at-11.49.04-150x150.jpeg 150w, https:\/\/atecordoba.org\/wp-content\/uploads\/2024\/12\/WhatsApp-Image-2024-12-23-at-11.49.04-560x560.jpeg 560w, https:\/\/atecordoba.org\/wp-content\/uploads\/2024\/12\/WhatsApp-Image-2024-12-23-at-11.49.04-75x75.jpeg 75w, https:\/\/atecordoba.org\/wp-content\/uploads\/2024\/12\/WhatsApp-Image-2024-12-23-at-11.49.04-350x350.jpeg 350w\" data-expand=\"700\" \/><\/a>\n                <\/div><\/figure><figure class='gallery-item'>\n                <div class='gallery-icon portrait'>\n                    <a href='https:\/\/atecordoba.org\/wp-content\/uploads\/2024\/12\/WhatsApp-Image-2024-12-23-at-11.48.24.jpeg'><img loading=\"lazy\" decoding=\"async\" width=\"150\" height=\"150\" src=\"\" class=\"attachment-thumbnail size-thumbnail lazyload\" alt=\"\" data-src=\"https:\/\/atecordoba.org\/wp-content\/uploads\/2024\/12\/WhatsApp-Image-2024-12-23-at-11.48.24-150x150.jpeg\" data-sizes=\"auto\" data-srcset=\"https:\/\/atecordoba.org\/wp-content\/uploads\/2024\/12\/WhatsApp-Image-2024-12-23-at-11.48.24-150x150.jpeg 150w, https:\/\/atecordoba.org\/wp-content\/uploads\/2024\/12\/WhatsApp-Image-2024-12-23-at-11.48.24-560x560.jpeg 560w, https:\/\/atecordoba.org\/wp-content\/uploads\/2024\/12\/WhatsApp-Image-2024-12-23-at-11.48.24-75x75.jpeg 75w, https:\/\/atecordoba.org\/wp-content\/uploads\/2024\/12\/WhatsApp-Image-2024-12-23-at-11.48.24-350x350.jpeg 350w\" data-expand=\"700\" \/><\/a>\n                <\/div><\/figure><figure class='gallery-item'>\n                <div class='gallery-icon portrait'>\n                    <a href='https:\/\/atecordoba.org\/wp-content\/uploads\/2024\/12\/WhatsApp-Image-2024-12-23-at-11.49.04-1.jpeg'><img loading=\"lazy\" decoding=\"async\" width=\"150\" height=\"150\" src=\"\" class=\"attachment-thumbnail size-thumbnail lazyload\" alt=\"\" data-src=\"https:\/\/atecordoba.org\/wp-content\/uploads\/2024\/12\/WhatsApp-Image-2024-12-23-at-11.49.04-1-150x150.jpeg\" data-sizes=\"auto\" data-srcset=\"https:\/\/atecordoba.org\/wp-content\/uploads\/2024\/12\/WhatsApp-Image-2024-12-23-at-11.49.04-1-150x150.jpeg 150w, https:\/\/atecordoba.org\/wp-content\/uploads\/2024\/12\/WhatsApp-Image-2024-12-23-at-11.49.04-1-560x560.jpeg 560w, https:\/\/atecordoba.org\/wp-content\/uploads\/2024\/12\/WhatsApp-Image-2024-12-23-at-11.49.04-1-75x75.jpeg 75w, https:\/\/atecordoba.org\/wp-content\/uploads\/2024\/12\/WhatsApp-Image-2024-12-23-at-11.49.04-1-350x350.jpeg 350w\" data-expand=\"700\" \/><\/a>\n                <\/div><\/figure><br style=\"clear: both\" \/>\n            <\/div>\n\n<p>&nbsp;<\/p>\n","protected":false},"excerpt":{"rendered":"<p>La semana pasada se llev\u00f3 a cabo en la provincia la elecci\u00f3n de la de conducci\u00f3n de la nueva Junta Interna ATE Conicet C\u00f3rdoba, una experiencia que da pie a la tercera junta interna del sector, tras las experiencias de La Plata y Rosario. Conjuntamente se eligi\u00f3 a los integrantes del cuerpo de delegadas y [&hellip;]<\/p>\n","protected":false},"author":7,"featured_media":47104,"comment_status":"open","ping_status":"open","sticky":false,"template":"","format":"standard","meta":{"_exactmetrics_skip_tracking":false,"_exactmetrics_sitenote_active":false,"_exactmetrics_sitenote_note":"","_exactmetrics_sitenote_category":0,"jnews-multi-image_gallery":[],"jnews_single_post":{"format":"standard","override":[{"template":"1","parallax":"1","fullscreen":"1","layout":"no-sidebar-narrow","sidebar":"default-sidebar","second_sidebar":"default-sidebar","sticky_sidebar":"1","share_position":"bottom","share_float_style":"share-monocrhome","show_share_counter":"1","show_view_counter":"1","show_post_meta":"1","show_post_author_image":"1","show_post_date":"1","post_date_format":"default","post_date_format_custom":"Y\/m\/d","show_post_category":"1","show_post_reading_time":"0","post_reading_time_wpm":"300","post_calculate_word_method":"str_word_count","show_zoom_button":"0","zoom_button_out_step":"2","zoom_button_in_step":"3","show_post_tag":"1","number_popup_post":"1","show_post_related":"1","show_inline_post_related":"0"}],"image_override":[{"single_post_thumbnail_size":"crop-500","single_post_gallery_size":"crop-500"}],"trending_post_position":"meta","trending_post_label":"Trending","sponsored_post_label":"Sponsored by","disable_ad":"0"},"jnews_primary_category":[],"jnews_social_meta":[],"jnews_review":[],"enable_review":"","type":"percentage","name":"","summary":"","brand":"","sku":"","good":[],"bad":[],"score_override":"","override_value":"","rating":[],"price":[],"jnews_override_counter":{"view_counter_number":"0","share_counter_number":"0","like_counter_number":"0","dislike_counter_number":"0"},"jnews_post_split":{"post_split":[{"template":"1","tag":"h2","numbering":"asc","mode":"normal","first":"0","enable_toc":"0","toc_type":"normal"}]},"footnotes":""},"categories":[18],"tags":[1452,61],"class_list":["post-47103","post","type-post","status-publish","format-standard","has-post-thumbnail","hentry","category-nacionales","tag-ate-conicet-cordoba","tag-conicet"],"jetpack_featured_media_url":"https:\/\/atecordoba.org\/wp-content\/uploads\/2024\/12\/WhatsApp-Image-2024-12-23-at-11.49.27-e1734967776910.jpeg","_links":{"self":[{"href":"https:\/\/atecordoba.org\/index.php?rest_route=\/wp\/v2\/posts\/47103","targetHints":{"allow":["GET"]}}],"collection":[{"href":"https:\/\/atecordoba.org\/index.php?rest_route=\/wp\/v2\/posts"}],"about":[{"href":"https:\/\/atecordoba.org\/index.php?rest_route=\/wp\/v2\/types\/post"}],"author":[{"embeddable":true,"href":"https:\/\/atecordoba.org\/index.php?rest_route=\/wp\/v2\/users\/7"}],"replies":[{"embeddable":true,"href":"https:\/\/atecordoba.org\/index.php?rest_route=%2Fwp%2Fv2%2Fcomments&post=47103"}],"version-history":[{"count":3,"href":"https:\/\/atecordoba.org\/index.php?rest_route=\/wp\/v2\/posts\/47103\/revisions"}],"predecessor-version":[{"id":47891,"href":"https:\/\/atecordoba.org\/index.php?rest_route=\/wp\/v2\/posts\/47103\/revisions\/47891"}],"wp:featuredmedia":[{"embeddable":true,"href":"https:\/\/atecordoba.org\/index.php?rest_route=\/wp\/v2\/media\/47104"}],"wp:attachment":[{"href":"https:\/\/atecordoba.org\/index.php?rest_route=%2Fwp%2Fv2%2Fmedia&parent=47103"}],"wp:term":[{"taxonomy":"category","embeddable":true,"href":"https:\/\/atecordoba.org\/index.php?rest_route=%2Fwp%2Fv2%2Fcategories&post=47103"},{"taxonomy":"post_tag","embeddable":true,"href":"https:\/\/atecordoba.org\/index.php?rest_route=%2Fwp%2Fv2%2Ftags&post=47103"}],"curies":[{"name":"wp","href":"https:\/\/api.w.org\/{rel}","templated":true}]}}