{"id":47092,"date":"2024-12-23T10:22:39","date_gmt":"2024-12-23T13:22:39","guid":{"rendered":"https:\/\/atecordoba.org\/?p=47092"},"modified":"2024-12-23T11:51:38","modified_gmt":"2024-12-23T14:51:38","slug":"plenario-de-fin-de-ano-de-la-fenat-ctaa-cordoba-capital","status":"publish","type":"post","link":"https:\/\/atecordoba.org\/?p=47092","title":{"rendered":"Plenario de Fin de A\u00f1o de la FeNaT-CTAA C\u00f3rdoba Capital"},"content":{"rendered":"<p><img loading=\"lazy\" decoding=\"async\" class=\"aligncenter wp-image-47093 \" src=\"https:\/\/atecordoba.org\/wp-content\/uploads\/2024\/12\/tapa-1-1024x1024.jpg\" alt=\"\" width=\"607\" height=\"607\" \/>Con la presencia del Secretario General de la CTA Aut\u00f3noma de la provincia de C\u00f3rdoba, Federico Giuliani; de la Secretaria Adjunta, Silvia Alcoba; y del Secretario General de la Regional Capital de la CTA-A, Jorge Chalup; las coordinadoras de la Federaci\u00f3n Nacional Teritorial (FeNaT-CTAA), Cintia Silva; Cintia Soriano e Ivana Mart\u00ednez, entre muchos otros y otras, se realiz\u00f3 ayer el Plenario de Cierre de A\u00f1o con las referencias barriales de la Central capitalina.<img loading=\"lazy\" decoding=\"async\" class=\"alignleft wp-image-47094 size-full\" src=\"https:\/\/atecordoba.org\/wp-content\/uploads\/2024\/12\/2-3-300x300-1.jpg\" alt=\"\" width=\"300\" height=\"300\" srcset=\"https:\/\/atecordoba.org\/wp-content\/uploads\/2024\/12\/2-3-300x300-1.jpg 300w, https:\/\/atecordoba.org\/wp-content\/uploads\/2024\/12\/2-3-300x300-1-150x150.jpg 150w, https:\/\/atecordoba.org\/wp-content\/uploads\/2024\/12\/2-3-300x300-1-75x75.jpg 75w\" sizes=\"auto, (max-width: 300px) 100vw, 300px\" \/><\/p>\n<p>\u201cEstamos en un momento en el que el poder y los medios de comunicaci\u00f3n te dicen que la salida es individual. Cortate solo, enrejate, pisale la cabeza al que est\u00e1 al lado y nosotros creemos en valores totalmente distintos. Creemos que hay que tejer redes, que hay que ser solidarios y, definitivamente, que la salida es colectiva\u201d, apunt\u00f3 Giuliani.<\/p>\n<p>Y agreg\u00f3: \u201cEn las barriadas est\u00e1n los olvidados del sistema. C\u00f3rdoba muestra claramente las dos caras de la desigualdad social. Por un lado el centro y sus zonas residenciales, con hermosas plazas, edificios cada vez m\u00e1s altos y opulentos, pero a 20, 30 o 40 cuadras est\u00e1n los barrios sin agua potable, sin cloacas, la salita de salud no funciona, muchos de los pibes no van a la escuela porque lamentablemente caen en el flagelo de la droga, son v\u00edctimas del gatillo f\u00e1cil de la Polic\u00eda que primero dispara y despu\u00e9s pregunta quien sos y todas esas necesidades surgen por la falta de trabajo genuino\u201d.<\/p>\n<p>Para Giuliani, \u201cEs una alegr\u00eda que estas compa\u00f1eras y compa\u00f1eros formen parte de una Central que hoy organiza a los trabajadores que tienen laburo y a los que no lo tienen, los que est\u00e1n en blanco y los que no est\u00e1n registrados, a los activos y jubilados, porque vos no eleg\u00eds no tener trabajo, es el sistema el que lo hace para que seas un excluido m\u00e1s. Para nosotros que somos parte de esta Central que tiene varios a\u00f1os de recorrido, entender que la clase trabajadora es una sola es fundamental. Si nosotros no apuntamos a crear solidaridad, pelear para que los que est\u00e1n mal est\u00e9n mejor vamos a estar estamos complicados como sociedad, como comunidad. De eso se trata\u201d.<img loading=\"lazy\" decoding=\"async\" class=\"alignright wp-image-47095 size-full\" src=\"https:\/\/atecordoba.org\/wp-content\/uploads\/2024\/12\/90-1-300x300-1.jpg\" alt=\"\" width=\"300\" height=\"300\" srcset=\"https:\/\/atecordoba.org\/wp-content\/uploads\/2024\/12\/90-1-300x300-1.jpg 300w, https:\/\/atecordoba.org\/wp-content\/uploads\/2024\/12\/90-1-300x300-1-150x150.jpg 150w, https:\/\/atecordoba.org\/wp-content\/uploads\/2024\/12\/90-1-300x300-1-75x75.jpg 75w\" sizes=\"auto, (max-width: 300px) 100vw, 300px\" \/><\/p>\n<p>\u201cLa fuerza para cambiar la realidad est\u00e1 en las barriadas, en las mujeres que le ponen el cuerpo todos los d\u00edas a distintas situaciones. Les voy a dar un dato. En general, cuando uno recorre los barrios el 90%, por no decir el 100%, son mujeres. Compa\u00f1eras que salen al frente cuando los \u2018chabones\u2019 se meten abajo de la cama o prefieren ir a chupar a la esquina o a jugar a la pelota, a ver y compartir f\u00fatbol. Las que se hacen cargo de la realidad son las compa\u00f1eras, las que habilitan los merenderos, los comedores, las que preparan las ollas, las que atienden a la familia y las que est\u00e1n en la calle cuando tenemos que luchar. A la mayor\u00eda de ustedes las conozco de la calle\u201d, enfatiz\u00f3.<\/p>\n<p><strong>Recuperar la palabra<\/strong><\/p>\n<p>Giuliani explic\u00f3 que en un momento \u201cdijimos vamos a salir un poco del quilombo y vayamos a charlar a los barrios, porque est\u00e1 bueno el t\u00e9rmino futbol\u00edstico de parar un poco la pelota y digamos che, para d\u00f3nde vamos. Hoy nadie la tiene clara, est\u00e1 todo en discusi\u00f3n. A nivel nacional tenemos un Gobierno que ajusta todos los d\u00edas de manera brutal, pero a nivel provincial tenemos un Gobierno que se tiene que hacer cargo que en C\u00f3rdoba hay hambre. \u00bfC\u00f3mo puede haber hambre si en C\u00f3rdoba producimos alimentos para millones de personas de todo el mundo? Hay unos cuantos vivos que tienen toda la torta y al resto nos tiran migajas. Nosotros queremos los que nos corresponde, entonces tenemos que exigir al Gobierno Nacional que entregue los alimentos que no llegan a los merenderos y comedores, y que el Gobierno de la provincia tambi\u00e9n se haga cargo\u201d.<img loading=\"lazy\" decoding=\"async\" class=\"alignleft wp-image-47096 size-full\" src=\"https:\/\/atecordoba.org\/wp-content\/uploads\/2024\/12\/30-7-300x300-1.jpg\" alt=\"\" width=\"300\" height=\"300\" srcset=\"https:\/\/atecordoba.org\/wp-content\/uploads\/2024\/12\/30-7-300x300-1.jpg 300w, https:\/\/atecordoba.org\/wp-content\/uploads\/2024\/12\/30-7-300x300-1-150x150.jpg 150w, https:\/\/atecordoba.org\/wp-content\/uploads\/2024\/12\/30-7-300x300-1-75x75.jpg 75w\" sizes=\"auto, (max-width: 300px) 100vw, 300px\" \/><\/p>\n<p>A su juicio, \u201chay algunas organizaciones que se apagaron hace tiempo. As\u00ed como hay una burocracia sindical que arregla salarios a espaldas de los trabajadores, tambi\u00e9n hay burocracia de parte de algunas organizaciones sociales que no discuten con las bases lo que hay que hacer, pero sobre todo se llevan todos los recursos o ya bajaron las persianas\u201d.<\/p>\n<p>Y resalt\u00f3: \u201cEntendemos que hay que recuperar la palabra pol\u00edtica como una acci\u00f3n colectiva para mejorar la calidad de vida de nuestro pueblo. No hay que esperar que alguien baje de un plato volador o a un iluminado que la tenga clara y te diga tom\u00e1 aqu\u00ed est\u00e1 la receta hac\u00e9 lo que te digo\u201d.<\/p>\n<p>Y remat\u00f3: \u201cNo, la salida es colectiva y va a salir de estas discusiones, estos debates y me parece que hay que exigirle al Gobierno de C\u00f3rdoba que entregue los recursos que reclamamos, porque si el Estado no da la mercader\u00eda, las compa\u00f1eras no se van a quedar de brazos cruzados, salen y piden en un negocio, a los vecinos, hacen una colecta, pero de alg\u00fan lado se las ingenian para poder preparar un poco de comida. Y garantizarlo en nuestros merenderos y comedores es revolucionario porque hoy en d\u00eda hay hambre y el hambre no espera\u201d.<\/p>\n<p>Al final del Plenario, hubo choripaneada, brindis y entrega de la Caja Navide\u00f1a para la compa\u00f1erada de las barriadas de la CTA C\u00f3rdoba en Capital.<\/p>\n<p>&nbsp;<\/p>\n<div id='gallery_1' class='gallery galleryid-47092 gallery-columns-3 gallery-size-thumbnail'><figure class='gallery-item'>\n                <div class='gallery-icon landscape'>\n                    <a href='https:\/\/atecordoba.org\/wp-content\/uploads\/2024\/12\/50-2-300x300-1.jpg'><img loading=\"lazy\" decoding=\"async\" width=\"150\" height=\"150\" src=\"\" class=\"attachment-thumbnail size-thumbnail lazyload\" alt=\"\" data-src=\"https:\/\/atecordoba.org\/wp-content\/uploads\/2024\/12\/50-2-300x300-1-150x150.jpg\" data-sizes=\"auto\" data-srcset=\"https:\/\/atecordoba.org\/wp-content\/uploads\/2024\/12\/50-2-300x300-1-150x150.jpg 150w, https:\/\/atecordoba.org\/wp-content\/uploads\/2024\/12\/50-2-300x300-1-75x75.jpg 75w, https:\/\/atecordoba.org\/wp-content\/uploads\/2024\/12\/50-2-300x300-1.jpg 300w\" data-expand=\"700\" \/><\/a>\n                <\/div><\/figure><figure class='gallery-item'>\n                <div class='gallery-icon landscape'>\n                    <a href='https:\/\/atecordoba.org\/wp-content\/uploads\/2024\/12\/80-1-300x300-1.jpg'><img loading=\"lazy\" decoding=\"async\" width=\"150\" height=\"150\" src=\"\" class=\"attachment-thumbnail size-thumbnail lazyload\" alt=\"\" data-src=\"https:\/\/atecordoba.org\/wp-content\/uploads\/2024\/12\/80-1-300x300-1-150x150.jpg\" data-sizes=\"auto\" data-srcset=\"https:\/\/atecordoba.org\/wp-content\/uploads\/2024\/12\/80-1-300x300-1-150x150.jpg 150w, https:\/\/atecordoba.org\/wp-content\/uploads\/2024\/12\/80-1-300x300-1-75x75.jpg 75w, https:\/\/atecordoba.org\/wp-content\/uploads\/2024\/12\/80-1-300x300-1.jpg 300w\" data-expand=\"700\" \/><\/a>\n                <\/div><\/figure><figure class='gallery-item'>\n                <div class='gallery-icon landscape'>\n                    <a href='https:\/\/atecordoba.org\/wp-content\/uploads\/2024\/12\/100-300x300-1.jpg'><img loading=\"lazy\" decoding=\"async\" width=\"150\" height=\"150\" src=\"\" class=\"attachment-thumbnail size-thumbnail lazyload\" alt=\"\" data-src=\"https:\/\/atecordoba.org\/wp-content\/uploads\/2024\/12\/100-300x300-1-150x150.jpg\" data-sizes=\"auto\" data-srcset=\"https:\/\/atecordoba.org\/wp-content\/uploads\/2024\/12\/100-300x300-1-150x150.jpg 150w, https:\/\/atecordoba.org\/wp-content\/uploads\/2024\/12\/100-300x300-1-75x75.jpg 75w, https:\/\/atecordoba.org\/wp-content\/uploads\/2024\/12\/100-300x300-1.jpg 300w\" data-expand=\"700\" \/><\/a>\n                <\/div><\/figure><br style=\"clear: both\" \/>\n            <\/div>\n\n","protected":false},"excerpt":{"rendered":"<p>Con la presencia del Secretario General de la CTA Aut\u00f3noma de la provincia de C\u00f3rdoba, Federico Giuliani; de la Secretaria Adjunta, Silvia Alcoba; y del Secretario General de la Regional Capital de la CTA-A, Jorge Chalup; las coordinadoras de la Federaci\u00f3n Nacional Teritorial (FeNaT-CTAA), Cintia Silva; Cintia Soriano e Ivana Mart\u00ednez, entre muchos otros y [&hellip;]<\/p>\n","protected":false},"author":7,"featured_media":47093,"comment_status":"open","ping_status":"open","sticky":false,"template":"","format":"standard","meta":{"_exactmetrics_skip_tracking":false,"_exactmetrics_sitenote_active":false,"_exactmetrics_sitenote_note":"","_exactmetrics_sitenote_category":0,"jnews-multi-image_gallery":[],"jnews_single_post":{"format":"standard","override":[{"template":"1","parallax":"1","fullscreen":"1","layout":"no-sidebar-narrow","sidebar":"default-sidebar","second_sidebar":"default-sidebar","sticky_sidebar":"1","share_position":"bottom","share_float_style":"share-monocrhome","show_share_counter":"1","show_view_counter":"1","show_post_meta":"1","show_post_author_image":"1","show_post_date":"1","post_date_format":"default","post_date_format_custom":"Y\/m\/d","show_post_category":"1","show_post_reading_time":"0","post_reading_time_wpm":"300","post_calculate_word_method":"str_word_count","show_zoom_button":"0","zoom_button_out_step":"2","zoom_button_in_step":"3","show_post_tag":"1","number_popup_post":"1","show_post_related":"1","show_inline_post_related":"0"}],"image_override":[{"single_post_thumbnail_size":"crop-500","single_post_gallery_size":"crop-500"}],"trending_post_position":"meta","trending_post_label":"Trending","sponsored_post_label":"Sponsored by","disable_ad":"0"},"jnews_primary_category":[],"jnews_social_meta":[],"jnews_review":[],"enable_review":"","type":"percentage","name":"","summary":"","brand":"","sku":"","good":[],"bad":[],"score_override":"","override_value":"","rating":[],"price":[],"jnews_override_counter":{"view_counter_number":"0","share_counter_number":"0","like_counter_number":"0","dislike_counter_number":"0"},"jnews_post_split":{"post_split":[{"template":"1","tag":"h2","numbering":"asc","mode":"normal","first":"0","enable_toc":"0","toc_type":"normal"}]},"footnotes":""},"categories":[92],"tags":[1459],"class_list":["post-47092","post","type-post","status-publish","format-standard","has-post-thumbnail","hentry","category-cta","tag-plenario-fnat_ctaa"],"jetpack_featured_media_url":"https:\/\/atecordoba.org\/wp-content\/uploads\/2024\/12\/tapa-1-e1734965493553.jpg","_links":{"self":[{"href":"https:\/\/atecordoba.org\/index.php?rest_route=\/wp\/v2\/posts\/47092","targetHints":{"allow":["GET"]}}],"collection":[{"href":"https:\/\/atecordoba.org\/index.php?rest_route=\/wp\/v2\/posts"}],"about":[{"href":"https:\/\/atecordoba.org\/index.php?rest_route=\/wp\/v2\/types\/post"}],"author":[{"embeddable":true,"href":"https:\/\/atecordoba.org\/index.php?rest_route=\/wp\/v2\/users\/7"}],"replies":[{"embeddable":true,"href":"https:\/\/atecordoba.org\/index.php?rest_route=%2Fwp%2Fv2%2Fcomments&post=47092"}],"version-history":[{"count":1,"href":"https:\/\/atecordoba.org\/index.php?rest_route=\/wp\/v2\/posts\/47092\/revisions"}],"predecessor-version":[{"id":47101,"href":"https:\/\/atecordoba.org\/index.php?rest_route=\/wp\/v2\/posts\/47092\/revisions\/47101"}],"wp:featuredmedia":[{"embeddable":true,"href":"https:\/\/atecordoba.org\/index.php?rest_route=\/wp\/v2\/media\/47093"}],"wp:attachment":[{"href":"https:\/\/atecordoba.org\/index.php?rest_route=%2Fwp%2Fv2%2Fmedia&parent=47092"}],"wp:term":[{"taxonomy":"category","embeddable":true,"href":"https:\/\/atecordoba.org\/index.php?rest_route=%2Fwp%2Fv2%2Fcategories&post=47092"},{"taxonomy":"post_tag","embeddable":true,"href":"https:\/\/atecordoba.org\/index.php?rest_route=%2Fwp%2Fv2%2Ftags&post=47092"}],"curies":[{"name":"wp","href":"https:\/\/api.w.org\/{rel}","templated":true}]}}