{"id":47086,"date":"2024-12-20T12:38:07","date_gmt":"2024-12-20T15:38:07","guid":{"rendered":"https:\/\/atecordoba.org\/?p=47086"},"modified":"2024-12-20T12:41:18","modified_gmt":"2024-12-20T15:41:18","slug":"aguiar-pidio-a-dirigentes-y-delegados-de-ate-estar-junto-a-los-estatales-que-presten-servicios-durante-las-fiestas","status":"publish","type":"post","link":"https:\/\/atecordoba.org\/?p=47086","title":{"rendered":"Aguiar pidi\u00f3 a dirigentes y delegados de ATE &#8220;estar junto a los estatales que presten servicios durante las fiestas&#8221;"},"content":{"rendered":"<p><em>\u201cLa cercan\u00eda con los representados, la cercan\u00eda con la gente es un atributo que debe estar presente en todo dirigente, y m\u00e1s luego de un a\u00f1o de tanto asedio y ataque que hemos recibido los estatales\u201d, indic\u00f3 Rodolfo Aguiar, quien estar\u00e1 en los hospitales de la regi\u00f3n del Alto Valle de R\u00edo Negro, su provincia natal, durante esas fechas.<\/em><\/p>\n<p><img loading=\"lazy\" decoding=\"async\" class=\"aligncenter wp-image-47087 \" src=\"https:\/\/atecordoba.org\/wp-content\/uploads\/2024\/12\/aguiarmarcha-1024x681.webp\" alt=\"\" width=\"627\" height=\"417\" \/><\/p>\n<p>El Secretario General de ATE Nacional, Rodolfo Aguiar, pidi\u00f3 a los dirigentes y delegados del sindicato en todo el pa\u00eds que acompa\u00f1en a los trabajadores municipales, provinciales y municipales que deban prestar servicios durante las fiestas de Navidad y A\u00f1o Nuevo.<\/p>\n<p>\u201cLa cercan\u00eda con los representados, la cercan\u00eda con la gente es un atributo que debe estar presente en todo dirigente, y m\u00e1s luego de un a\u00f1o de tanto asedio y ataque que hemos recibido los estatales\u201d, se\u00f1al\u00f3 el dirigente.<\/p>\n<p>\u201cLos trabajadores nos necesitan y nosotros los necesitamos a ellos para seguir d\u00e1ndole pelea a este Gobierno que nos estigmatiza y quiere despojarnos de todos nuestros derechos. El final est\u00e1 abierto, nada indica que vayan a vencernos\u201d, agreg\u00f3.<\/p>\n<p>En este marco, Aguiar apunt\u00f3: \u00abQuienes ejercen cargos de responsabilidad en el sindicato durante estas fiestas deben estar en los sectores laborales junto a todos aquellos trabajadores a los que les toque prestar servicio y por lo tanto se encuentren privados de poder festejar en sus hogares y con sus familias\u201d.<\/p>\n<p>Algunos de los servicios que mantienen guardias y funciones activas durante el 24, 25 y 31 de diciembre y 1 de enero son los hospitales y centros de salud, recolectores de residuos, guardia urbana, centros de atenci\u00f3n de ni\u00f1os, adolescentes y adultos mayores de las carteras de desarrollo social, radiooperadores de medios p\u00fablicos, personal de manejo de incendios forestales, agentes de tr\u00e1nsito, controladores a\u00e9reos, la Comisi\u00f3n Nacional de Regulaci\u00f3n de Transporte (CNRT), migraciones y mantenimiento de plantas nucleares, entre otros.<\/p>\n<p>\u201cDebemos estar presentes, acompa\u00f1ando, debemos estar al lado de cada trabajador que con esfuerzo y profunda vocaci\u00f3n de servicio, y a veces con p\u00e9simas condiciones de trabajo y bajo salarios, garantiza el pleno funcionamiento del Estado\u201d, concluy\u00f3.<\/p>\n<p>Aguiar estar\u00e1 presente en los hospitales de la regi\u00f3n del Alto Valle de R\u00edo Negro junto a quienes prestar\u00e1n los servicios de guardia, trat\u00e1ndose de su provincia a la que viajar\u00e1 para pasar las festividades.<\/p>\n","protected":false},"excerpt":{"rendered":"<p>\u201cLa cercan\u00eda con los representados, la cercan\u00eda con la gente es un atributo que debe estar presente en todo dirigente, y m\u00e1s luego de un a\u00f1o de tanto asedio y ataque que hemos recibido los estatales\u201d, indic\u00f3 Rodolfo Aguiar, quien estar\u00e1 en los hospitales de la regi\u00f3n del Alto Valle de R\u00edo Negro, su provincia [&hellip;]<\/p>\n","protected":false},"author":7,"featured_media":47087,"comment_status":"open","ping_status":"open","sticky":false,"template":"","format":"standard","meta":{"_exactmetrics_skip_tracking":false,"_exactmetrics_sitenote_active":false,"_exactmetrics_sitenote_note":"","_exactmetrics_sitenote_category":0,"jnews-multi-image_gallery":[],"jnews_single_post":{"format":"standard","override":[{"template":"1","parallax":"1","fullscreen":"1","layout":"no-sidebar-narrow","sidebar":"default-sidebar","second_sidebar":"default-sidebar","sticky_sidebar":"1","share_position":"bottom","share_float_style":"share-monocrhome","show_share_counter":"1","show_view_counter":"1","show_post_meta":"1","show_post_author_image":"1","show_post_date":"1","post_date_format":"default","post_date_format_custom":"Y\/m\/d","show_post_category":"1","show_post_reading_time":"0","post_reading_time_wpm":"300","post_calculate_word_method":"str_word_count","show_zoom_button":"0","zoom_button_out_step":"2","zoom_button_in_step":"3","show_post_tag":"1","number_popup_post":"1","show_post_related":"1","show_inline_post_related":"0"}],"image_override":[{"single_post_thumbnail_size":"crop-500","single_post_gallery_size":"crop-500"}],"trending_post_position":"meta","trending_post_label":"Trending","sponsored_post_label":"Sponsored by","disable_ad":"0"},"jnews_primary_category":[],"jnews_social_meta":[],"jnews_review":[],"enable_review":"","type":"percentage","name":"","summary":"","brand":"","sku":"","good":[],"bad":[],"score_override":"","override_value":"","rating":[],"price":[],"jnews_override_counter":{"view_counter_number":"0","share_counter_number":"0","like_counter_number":"0","dislike_counter_number":"0"},"jnews_post_split":{"post_split":[{"template":"1","tag":"h2","numbering":"asc","mode":"normal","first":"0","enable_toc":"0","toc_type":"normal"}]},"footnotes":""},"categories":[756],"tags":[1421,1457,1458],"class_list":["post-47086","post","type-post","status-publish","format-standard","has-post-thumbnail","hentry","category-consejo-directivo-nacional-cdn","tag-ate-argentina","tag-fiestas","tag-fin-de-ano"],"jetpack_featured_media_url":"https:\/\/atecordoba.org\/wp-content\/uploads\/2024\/12\/aguiarmarcha-e1734709080496.webp","_links":{"self":[{"href":"https:\/\/atecordoba.org\/index.php?rest_route=\/wp\/v2\/posts\/47086","targetHints":{"allow":["GET"]}}],"collection":[{"href":"https:\/\/atecordoba.org\/index.php?rest_route=\/wp\/v2\/posts"}],"about":[{"href":"https:\/\/atecordoba.org\/index.php?rest_route=\/wp\/v2\/types\/post"}],"author":[{"embeddable":true,"href":"https:\/\/atecordoba.org\/index.php?rest_route=\/wp\/v2\/users\/7"}],"replies":[{"embeddable":true,"href":"https:\/\/atecordoba.org\/index.php?rest_route=%2Fwp%2Fv2%2Fcomments&post=47086"}],"version-history":[{"count":2,"href":"https:\/\/atecordoba.org\/index.php?rest_route=\/wp\/v2\/posts\/47086\/revisions"}],"predecessor-version":[{"id":47089,"href":"https:\/\/atecordoba.org\/index.php?rest_route=\/wp\/v2\/posts\/47086\/revisions\/47089"}],"wp:featuredmedia":[{"embeddable":true,"href":"https:\/\/atecordoba.org\/index.php?rest_route=\/wp\/v2\/media\/47087"}],"wp:attachment":[{"href":"https:\/\/atecordoba.org\/index.php?rest_route=%2Fwp%2Fv2%2Fmedia&parent=47086"}],"wp:term":[{"taxonomy":"category","embeddable":true,"href":"https:\/\/atecordoba.org\/index.php?rest_route=%2Fwp%2Fv2%2Fcategories&post=47086"},{"taxonomy":"post_tag","embeddable":true,"href":"https:\/\/atecordoba.org\/index.php?rest_route=%2Fwp%2Fv2%2Ftags&post=47086"}],"curies":[{"name":"wp","href":"https:\/\/api.w.org\/{rel}","templated":true}]}}