{"id":47077,"date":"2024-12-19T14:38:13","date_gmt":"2024-12-19T17:38:13","guid":{"rendered":"https:\/\/atecordoba.org\/?p=47077"},"modified":"2024-12-19T14:53:57","modified_gmt":"2024-12-19T17:53:57","slug":"apross-se-volvio-una-caja-negra-a-donde-van-nuestros-aportes","status":"publish","type":"post","link":"https:\/\/atecordoba.org\/?p=47077","title":{"rendered":"&#8220;APROSS se volvi\u00f3 una Caja Negra, \u00bfa d\u00f3nde van nuestros aportes?&#8221;"},"content":{"rendered":"<figure id=\"attachment_47078\" aria-describedby=\"caption-attachment-47078\" style=\"width: 633px\" class=\"wp-caption aligncenter\"><img loading=\"lazy\" decoding=\"async\" class=\"wp-image-47078\" src=\"https:\/\/atecordoba.org\/wp-content\/uploads\/2024\/12\/julia.jpg\" alt=\"\" width=\"633\" height=\"356\" srcset=\"https:\/\/atecordoba.org\/wp-content\/uploads\/2024\/12\/julia.jpg 1024w, https:\/\/atecordoba.org\/wp-content\/uploads\/2024\/12\/julia-300x169.jpg 300w, https:\/\/atecordoba.org\/wp-content\/uploads\/2024\/12\/julia-768x432.jpg 768w, https:\/\/atecordoba.org\/wp-content\/uploads\/2024\/12\/julia-750x422.jpg 750w\" sizes=\"auto, (max-width: 633px) 100vw, 633px\" \/><figcaption id=\"caption-attachment-47078\" class=\"wp-caption-text\">Julia Giuliani (archivo).<\/figcaption><\/figure>\n<p>En una entrevista que realiz\u00f3 el multimedio CEMDO de Villa Dolores, la secretaria de Prensa de ATE C\u00f3rdoba, Julia Giuliani, fustig\u00f3 la administraci\u00f3n de la obra social provincial APROSS que tornan los costos de salud\u00a0 inalcanzables, las coberturas m\u00ednimas y los descuentos, abusivos.<\/p>\n<p>&#8220;Desde principios de a\u00f1o estamos denunciando los aumentos desmedidos que el Gobierno de C\u00f3rdoba le aplica a los trabajadores provinciales y municipales, as\u00ed como a los jubilados, que aportan a la APROSS que no se condicen con la realidad de los ingresos, y menos con la calidad de las prestaciones que ofrece&#8221;, se\u00f1al\u00f3 la dirigente.<\/p>\n<p>Giuliani dijo adem\u00e1s: &#8220;quienes vivimos en el interior de la provincia tenemos prestaciones que dejan mucho que desear, terminamos traslad\u00e1ndonos a C\u00f3rdoba Capital para poder atendernos. Por eso creemos sumamente necesario que el directorio de APROSS cuente con la voz de los trabajadores estatales, que ATE tenga su representaci\u00f3n y podamos hacer un mapeo real de c\u00f3mo est\u00e1 funcionando la obra social estatal en la provincia&#8221;.<\/p>\n<figure id=\"attachment_47079\" aria-describedby=\"caption-attachment-47079\" style=\"width: 622px\" class=\"wp-caption aligncenter\"><img loading=\"lazy\" decoding=\"async\" class=\"wp-image-47079\" src=\"https:\/\/atecordoba.org\/wp-content\/uploads\/2024\/12\/apross.jpg\" alt=\"\" width=\"622\" height=\"467\" \/><figcaption id=\"caption-attachment-47079\" class=\"wp-caption-text\">Protesta de ATE frente a APROSS.<\/figcaption><\/figure>\n<p>En esa l\u00ednea, denunci\u00f3 que &#8220;los porcentajes de descuentos actuales son desmedidos, que se suman a los co-seguros que los profesionales cobran por las prestaciones que realizan. Esto lleva a muchos afiliados a dejar de pedir la atenci\u00f3n necesaria. Qu\u00e9 pasa con nuestros aportes? \u00bfVan a alguna caja negra? Este reclamo es importante porque estamos hablando de la salud de la gente. En estos momentos de angustia, de crisis econ\u00f3mica, de retiro del Estado nacional con los medicamentos, donde hay coberturas que no se garantizan, queremos prestaciones de calidad y transparencia en el manejo financiero de APROSS!&#8221;.<\/p>\n<p>Seguidamente, Giuliani remarc\u00f3 que la obra social solo est\u00e1 cubriendo el 30% del costo de los medicamentos en C\u00f3rdoba y solo cuatro medicamentos por mes. &#8220;Si un afiliado o afiliada tiene alguna enfermedad cr\u00f3nica seguramente no se podr\u00e1 agarrar una angina porque no le va a cubrir el antibi\u00f3tico&#8221;, lament\u00f3 la secretaria de Prensa.<\/p>\n<p><strong>Luchas y complicidades<\/strong><\/p>\n<p>Julia Giuliani detall\u00f3 que ATE viene insistiendo por este tema con presentaciones en la Legislatura, en Casa de Gobierno, con la junta m\u00e1s de 5 mil firmas que se entreg\u00f3 al directorio de APROSS. &#8220;Esto afecta muchos a los trabajadores, en un contexto de crisis con techos salariales producto de los arreglos de gobierno con los sindicatos c\u00f3mplices que firman paritarias a la baja, como es el caso del SEP en la Provincia o algunos sindicatos municipales en el interior&#8221;, dijo.<\/p>\n<figure id=\"attachment_47082\" aria-describedby=\"caption-attachment-47082\" style=\"width: 424px\" class=\"wp-caption aligncenter\"><img loading=\"lazy\" decoding=\"async\" class=\"wp-image-47082\" src=\"https:\/\/atecordoba.org\/wp-content\/uploads\/2024\/12\/julioaponcho-576x1024.jpg\" alt=\"\" width=\"424\" height=\"754\" srcset=\"https:\/\/atecordoba.org\/wp-content\/uploads\/2024\/12\/julioaponcho-576x1024.jpg 576w, https:\/\/atecordoba.org\/wp-content\/uploads\/2024\/12\/julioaponcho-169x300.jpg 169w, https:\/\/atecordoba.org\/wp-content\/uploads\/2024\/12\/julioaponcho.jpg 720w\" sizes=\"auto, (max-width: 424px) 100vw, 424px\" \/><figcaption id=\"caption-attachment-47082\" class=\"wp-caption-text\">Giuliani en una movilizaci\u00f3n de ATE.<\/figcaption><\/figure>\n<p>&#8220;En ese contexto, APROSS se volvi\u00f3 una Caja Negra donde no sabemos a d\u00f3nde van nuestros aportes. Es un grave problema para jubilados o aquellos que tienen familiares a cargo. En algunos casos el descuento por grupo familiar alcanza el 50% de los salarios, sobre todo en aquellos municipios del interior donde los sueldos est\u00e1n por debajo de la indigencia&#8221;, concluy\u00f3.<\/p>\n","protected":false},"excerpt":{"rendered":"<p>En una entrevista que realiz\u00f3 el multimedio CEMDO de Villa Dolores, la secretaria de Prensa de ATE C\u00f3rdoba, Julia Giuliani, fustig\u00f3 la administraci\u00f3n de la obra social provincial APROSS que tornan los costos de salud\u00a0 inalcanzables, las coberturas m\u00ednimas y los descuentos, abusivos. &#8220;Desde principios de a\u00f1o estamos denunciando los aumentos desmedidos que el Gobierno [&hellip;]<\/p>\n","protected":false},"author":7,"featured_media":47079,"comment_status":"open","ping_status":"open","sticky":false,"template":"","format":"standard","meta":{"_exactmetrics_skip_tracking":false,"_exactmetrics_sitenote_active":false,"_exactmetrics_sitenote_note":"","_exactmetrics_sitenote_category":0,"jnews-multi-image_gallery":[],"jnews_single_post":{"format":"standard","override":[{"template":"1","parallax":"1","fullscreen":"1","layout":"no-sidebar-narrow","sidebar":"default-sidebar","second_sidebar":"default-sidebar","sticky_sidebar":"1","share_position":"bottom","share_float_style":"share-monocrhome","show_share_counter":"1","show_view_counter":"1","show_post_meta":"1","show_post_author_image":"1","show_post_date":"1","post_date_format":"default","post_date_format_custom":"Y\/m\/d","show_post_category":"1","show_post_reading_time":"0","post_reading_time_wpm":"300","post_calculate_word_method":"str_word_count","show_zoom_button":"0","zoom_button_out_step":"2","zoom_button_in_step":"3","show_post_tag":"1","number_popup_post":"1","show_post_related":"1","show_inline_post_related":"0"}],"image_override":[{"single_post_thumbnail_size":"crop-500","single_post_gallery_size":"crop-500"}],"trending_post_position":"meta","trending_post_label":"Trending","sponsored_post_label":"Sponsored by","disable_ad":"0"},"jnews_primary_category":[],"jnews_social_meta":[],"jnews_review":[],"enable_review":"","type":"percentage","name":"","summary":"","brand":"","sku":"","good":[],"bad":[],"score_override":"","override_value":"","rating":[],"price":[],"jnews_override_counter":{"view_counter_number":"0","share_counter_number":"0","like_counter_number":"0","dislike_counter_number":"0"},"jnews_post_split":{"post_split":[{"template":"1","tag":"h2","numbering":"asc","mode":"normal","first":"0","enable_toc":"0","toc_type":"normal"}]},"footnotes":""},"categories":[20,8],"tags":[1377],"class_list":["post-47077","post","type-post","status-publish","format-standard","has-post-thumbnail","hentry","category-municipales","category-provinciales","tag-apross"],"jetpack_featured_media_url":"https:\/\/atecordoba.org\/wp-content\/uploads\/2024\/12\/apross-e1734629950787.jpg","_links":{"self":[{"href":"https:\/\/atecordoba.org\/index.php?rest_route=\/wp\/v2\/posts\/47077","targetHints":{"allow":["GET"]}}],"collection":[{"href":"https:\/\/atecordoba.org\/index.php?rest_route=\/wp\/v2\/posts"}],"about":[{"href":"https:\/\/atecordoba.org\/index.php?rest_route=\/wp\/v2\/types\/post"}],"author":[{"embeddable":true,"href":"https:\/\/atecordoba.org\/index.php?rest_route=\/wp\/v2\/users\/7"}],"replies":[{"embeddable":true,"href":"https:\/\/atecordoba.org\/index.php?rest_route=%2Fwp%2Fv2%2Fcomments&post=47077"}],"version-history":[{"count":3,"href":"https:\/\/atecordoba.org\/index.php?rest_route=\/wp\/v2\/posts\/47077\/revisions"}],"predecessor-version":[{"id":47084,"href":"https:\/\/atecordoba.org\/index.php?rest_route=\/wp\/v2\/posts\/47077\/revisions\/47084"}],"wp:featuredmedia":[{"embeddable":true,"href":"https:\/\/atecordoba.org\/index.php?rest_route=\/wp\/v2\/media\/47079"}],"wp:attachment":[{"href":"https:\/\/atecordoba.org\/index.php?rest_route=%2Fwp%2Fv2%2Fmedia&parent=47077"}],"wp:term":[{"taxonomy":"category","embeddable":true,"href":"https:\/\/atecordoba.org\/index.php?rest_route=%2Fwp%2Fv2%2Fcategories&post=47077"},{"taxonomy":"post_tag","embeddable":true,"href":"https:\/\/atecordoba.org\/index.php?rest_route=%2Fwp%2Fv2%2Ftags&post=47077"}],"curies":[{"name":"wp","href":"https:\/\/api.w.org\/{rel}","templated":true}]}}