{"id":4707,"date":"2014-11-10T17:46:43","date_gmt":"2014-11-10T20:46:43","guid":{"rendered":"http:\/\/www.atecordoba.org\/?p=4707"},"modified":"2014-11-10T17:46:43","modified_gmt":"2014-11-10T20:46:43","slug":"paro-de-ate-senasa","status":"publish","type":"post","link":"https:\/\/atecordoba.org\/?p=4707","title":{"rendered":"Paro de ATE-SENASA por 96 horas"},"content":{"rendered":"<p><em>En el marco del paro nacional que ATE-SENASA llevar\u00e1 a cabo en todo el pa\u00eds, los trabajadores del organismo en C\u00f3rdoba iniciar\u00e1n\u00a0\u00a0ma\u00f1ana 11 de noviembre un paro de 96\u00a0horas, sin asistencia a los lugares de trabajo.<\/em><\/p>\n<p><a href=\"http:\/\/www.atecordoba.org\/wp-content\/uploads\/2014\/11\/senasa_ate.jpg\"><img loading=\"lazy\" decoding=\"async\" class=\"aligncenter size-full wp-image-4708\" src=\"http:\/\/www.atecordoba.org\/wp-content\/uploads\/2014\/11\/senasa_ate.jpg\" alt=\"OLYMPUS DIGITAL CAMERA\" width=\"320\" height=\"240\" \/><\/a><\/p>\n<p>La medida de fuerza realizar\u00e1 entonces entre ma\u00f1ana martes y el viernes 14 inclusive.<\/p>\n<p>Motiva\u00a0el paro, el reclamo por:<\/p>\n<ul>\n<li>Reapertura de paritarias y negociaci\u00f3n sectorial de SENASA.<\/li>\n<li>Equiparaci\u00f3n salarial con otros organismos del Estado nacional.<\/li>\n<li>Inclusi\u00f3n del SENASA en la tasa aeroportuaria.<\/li>\n<li>Urgente autorizaci\u00f3n por parte del Ministerio de Econom\u00eda de la ampliaci\u00f3n de partidas presupuestarias.<\/li>\n<li>Bono de fin de a\u00f1o de $ 4000 para todos los trabajadores de SENASA.<\/li>\n<li>82% m\u00f3vil para los jubilados.<\/li>\n<li>Ley de autarqu\u00eda del SENASA<\/li>\n<\/ul>\n<p>&nbsp;<\/p>\n<p style=\"text-align: right;\">Mar\u00eda Teresa Romero<\/p>\n<p style=\"text-align: right;\">Secretaria General<\/p>\n<p style=\"text-align: right;\">ATE C\u00f3rdoba<\/p>\n","protected":false},"excerpt":{"rendered":"<p>En el marco del paro nacional que ATE-SENASA llevar\u00e1 a cabo en todo el pa\u00eds, los trabajadores del organismo en C\u00f3rdoba iniciar\u00e1n\u00a0\u00a0ma\u00f1ana 11 de noviembre un paro de 96\u00a0horas, sin asistencia a los lugares de trabajo. La medida de fuerza realizar\u00e1 entonces entre ma\u00f1ana martes y el viernes 14 inclusive. Motiva\u00a0el paro, el reclamo por: [&hellip;]<\/p>\n","protected":false},"author":1,"featured_media":19220,"comment_status":"open","ping_status":"open","sticky":false,"template":"","format":"standard","meta":{"_exactmetrics_skip_tracking":false,"_exactmetrics_sitenote_active":false,"_exactmetrics_sitenote_note":"","_exactmetrics_sitenote_category":0,"jnews-multi-image_gallery":[],"jnews_single_post":[],"jnews_primary_category":[],"jnews_social_meta":[],"jnews_review":[],"enable_review":"","type":"","name":"","summary":"","brand":"","sku":"","good":[],"bad":[],"score_override":"","override_value":"","rating":[],"price":[],"jnews_override_counter":[],"jnews_post_split":[],"footnotes":""},"categories":[18],"tags":[],"class_list":["post-4707","post","type-post","status-publish","format-standard","has-post-thumbnail","hentry","category-nacionales"],"jetpack_featured_media_url":"https:\/\/atecordoba.org\/wp-content\/uploads\/2020\/05\/logo-nuevochico-e1561581322808.png","_links":{"self":[{"href":"https:\/\/atecordoba.org\/index.php?rest_route=\/wp\/v2\/posts\/4707","targetHints":{"allow":["GET"]}}],"collection":[{"href":"https:\/\/atecordoba.org\/index.php?rest_route=\/wp\/v2\/posts"}],"about":[{"href":"https:\/\/atecordoba.org\/index.php?rest_route=\/wp\/v2\/types\/post"}],"author":[{"embeddable":true,"href":"https:\/\/atecordoba.org\/index.php?rest_route=\/wp\/v2\/users\/1"}],"replies":[{"embeddable":true,"href":"https:\/\/atecordoba.org\/index.php?rest_route=%2Fwp%2Fv2%2Fcomments&post=4707"}],"version-history":[{"count":0,"href":"https:\/\/atecordoba.org\/index.php?rest_route=\/wp\/v2\/posts\/4707\/revisions"}],"wp:featuredmedia":[{"embeddable":true,"href":"https:\/\/atecordoba.org\/index.php?rest_route=\/wp\/v2\/media\/19220"}],"wp:attachment":[{"href":"https:\/\/atecordoba.org\/index.php?rest_route=%2Fwp%2Fv2%2Fmedia&parent=4707"}],"wp:term":[{"taxonomy":"category","embeddable":true,"href":"https:\/\/atecordoba.org\/index.php?rest_route=%2Fwp%2Fv2%2Fcategories&post=4707"},{"taxonomy":"post_tag","embeddable":true,"href":"https:\/\/atecordoba.org\/index.php?rest_route=%2Fwp%2Fv2%2Ftags&post=4707"}],"curies":[{"name":"wp","href":"https:\/\/api.w.org\/{rel}","templated":true}]}}