{"id":47049,"date":"2024-12-18T12:55:08","date_gmt":"2024-12-18T15:55:08","guid":{"rendered":"https:\/\/atecordoba.org\/?p=47049"},"modified":"2024-12-18T12:55:08","modified_gmt":"2024-12-18T15:55:08","slug":"19-y-20-de-diciembre-otro-aniversario-entre-el-ajuste-de-milei-y-la-logica-del-saqueo-permanente-de-la-oligarquia","status":"publish","type":"post","link":"https:\/\/atecordoba.org\/?p=47049","title":{"rendered":"19 y 20 de diciembre: otro aniversario entre el ajuste de Milei y la l\u00f3gica del saqueo permanente de la oligarqu\u00eda"},"content":{"rendered":"<p><img loading=\"lazy\" decoding=\"async\" class=\"aligncenter wp-image-47050 \" src=\"https:\/\/atecordoba.org\/wp-content\/uploads\/2024\/12\/19y20-obelisco-1024x632.jpg\" alt=\"\" width=\"630\" height=\"389\" \/>Ma\u00f1ana se cumple otro aniversario de la rebeli\u00f3n del 19 y 20 de diciembre de 2001, cuando el gobierno de Fernando De la R\u00faa debi\u00f3 huir ante el clamor popular.<\/p>\n<p>Aquel gobierno, minado de pol\u00edticos y funcionarios que hoy vuelven a ejercer el poder de la mano de Javier Milei, fue el causante de perpetrar 39 asesinatos y dejar un saldo de 500 heridos en todo el pa\u00eds.<\/p>\n<p>Fueron jornadas signadas por el hambre, la desocupaci\u00f3n, la represi\u00f3n y el corralito, que motivaron una alianza entre la clase trabajadora y los sectores medios, que le quitaron el apoyo a la Convertibilidad neoliberal que hoy Milei impulsa por otros mecanismos.<\/p>\n<p>Pero tienen en com\u00fan el ajuste sobre el Estado, la p\u00e9rdida de los ingresos popular y la ganancia de las grandes corporaciones encabezadas por una oligarqu\u00eda, que se expresa permanentemente en apoyo de la gesti\u00f3n libertaria.<\/p>\n<p>As\u00ed se confirm\u00f3 ayer cuando los due\u00f1os de las principales empresas de la Argentina se reunieron en un almuerzo de fin de a\u00f1o organizado por la Asociaci\u00f3n Empresaria Argentina (AEA), en el lujoso Palacio Duhau, y recibieron como invitado de honor al ministro de Econom\u00eda, Luis Caputo.<\/p>\n<p>La entidad \u201ccelebr\u00f3 al funcionario de Javier Milei a trav\u00e9s de su presidente, Jaime Campos, que lo felicit\u00f3 \u2018por los resultados exitosos que ha tenido su gesti\u00f3n en este primer a\u00f1o de gobierno\u2019 y le expres\u00f3 \u2018el compromiso de todos sus miembros de trabajar para que Argentina deje atr\u00e1s d\u00e9cadas de estancamiento y se encamine definitivamente en la senda del desarrollo econ\u00f3mico y social\u2019\u201d, seg\u00fan registr\u00f3 la prensa.<\/p>\n<p>Simult\u00e1neamente, el viernes 13 de diciembre, el INDEC emiti\u00f3 su informe mensual del IPC, arrojando una inflaci\u00f3n para el mes de noviembre de 2,4%, alcanzando un 166% interanual . Adem\u00e1s, el Observatorio de la Deuda Social Argentina de la Universidad Cat\u00f3lica Argentina (UCA) revel\u00f3 que el nivel de pobreza en el \u00faltimo trimestre del a\u00f1o alcanz\u00f3 al 49,9% de la poblaci\u00f3n, es decir alrededor de 23 millones de personas. En tanto, la misma medici\u00f3n indic\u00f3 que el 65,5% de los ni\u00f1os en Argentina viven en situaci\u00f3n de pobreza.<\/p>\n<p>Una situaci\u00f3n que convive en matrimonio con la otra, amalgamadas por un inconstitucional protocolo \u201cAntipiquetes\u201d, que seg\u00fan datos del Monitor de Respuestas Represivas Estatales y Paraestatales contra las Organizaciones del Campo Popular\u201d, desarrollado por el Instituto de Estudios y Formaci\u00f3n (IEF) de la Central de Trabajadores de la Argentina (CTA), acumula al menos 60 acciones represivas y 22 hechos de detenciones, resultando en un total de 115 personas arrestadas. Adem\u00e1s, 147 personas enfrentaron causas penales y 992 sufrieron heridas a manos de las fuerzas de seguridad.<\/p>\n<p>C\u00f3rdoba no ha sido la excepci\u00f3n, las causas penales que acosan a nuestro secretario General, Federico Giuliani, as\u00ed lo confirman.<\/p>\n<p>En ese marco, como dijera el a\u00f1o pasado nuestra CTAA, es fundamental mantener viva la memoria y acrecentar los procesos unitarios, de organizaci\u00f3n y poder comunitario. Construir unidad con quienes rechazan este modelo colonial de hambre y miseria, con la perspectiva de recuperar el Estado para garantizar derechos a la poblaci\u00f3n y construir una patria para todas y todos.<\/p>\n","protected":false},"excerpt":{"rendered":"<p>Ma\u00f1ana se cumple otro aniversario de la rebeli\u00f3n del 19 y 20 de diciembre de 2001, cuando el gobierno de Fernando De la R\u00faa debi\u00f3 huir ante el clamor popular. Aquel gobierno, minado de pol\u00edticos y funcionarios que hoy vuelven a ejercer el poder de la mano de Javier Milei, fue el causante de perpetrar [&hellip;]<\/p>\n","protected":false},"author":7,"featured_media":47050,"comment_status":"open","ping_status":"open","sticky":false,"template":"","format":"standard","meta":{"_exactmetrics_skip_tracking":false,"_exactmetrics_sitenote_active":false,"_exactmetrics_sitenote_note":"","_exactmetrics_sitenote_category":0,"jnews-multi-image_gallery":[],"jnews_single_post":{"format":"standard","override":[{"template":"1","parallax":"1","fullscreen":"1","layout":"no-sidebar-narrow","sidebar":"default-sidebar","second_sidebar":"default-sidebar","sticky_sidebar":"1","share_position":"bottom","share_float_style":"share-monocrhome","show_share_counter":"1","show_view_counter":"1","show_post_meta":"1","show_post_author_image":"1","show_post_date":"1","post_date_format":"default","post_date_format_custom":"Y\/m\/d","show_post_category":"1","show_post_reading_time":"0","post_reading_time_wpm":"300","post_calculate_word_method":"str_word_count","show_zoom_button":"0","zoom_button_out_step":"2","zoom_button_in_step":"3","show_post_tag":"1","number_popup_post":"1","show_post_related":"1","show_inline_post_related":"0"}],"image_override":[{"single_post_thumbnail_size":"crop-500","single_post_gallery_size":"crop-500"}],"trending_post_position":"meta","trending_post_label":"Trending","sponsored_post_label":"Sponsored by","disable_ad":"0"},"jnews_primary_category":[],"jnews_social_meta":[],"jnews_review":[],"enable_review":"","type":"percentage","name":"","summary":"","brand":"","sku":"","good":[],"bad":[],"score_override":"","override_value":"","rating":[],"price":[],"jnews_override_counter":{"view_counter_number":"0","share_counter_number":"0","like_counter_number":"0","dislike_counter_number":"0"},"jnews_post_split":{"post_split":[{"template":"1","tag":"h2","numbering":"asc","mode":"normal","first":"0","enable_toc":"0","toc_type":"normal"}]},"footnotes":""},"categories":[10],"tags":[988,26,395],"class_list":["post-47049","post","type-post","status-publish","format-standard","has-post-thumbnail","hentry","category-accion-politica","tag-19-y-20-de-diciembre","tag-ate","tag-ate-cordoba"],"jetpack_featured_media_url":"https:\/\/atecordoba.org\/wp-content\/uploads\/2024\/12\/19y20-obelisco-e1734537277916.jpg","_links":{"self":[{"href":"https:\/\/atecordoba.org\/index.php?rest_route=\/wp\/v2\/posts\/47049","targetHints":{"allow":["GET"]}}],"collection":[{"href":"https:\/\/atecordoba.org\/index.php?rest_route=\/wp\/v2\/posts"}],"about":[{"href":"https:\/\/atecordoba.org\/index.php?rest_route=\/wp\/v2\/types\/post"}],"author":[{"embeddable":true,"href":"https:\/\/atecordoba.org\/index.php?rest_route=\/wp\/v2\/users\/7"}],"replies":[{"embeddable":true,"href":"https:\/\/atecordoba.org\/index.php?rest_route=%2Fwp%2Fv2%2Fcomments&post=47049"}],"version-history":[{"count":1,"href":"https:\/\/atecordoba.org\/index.php?rest_route=\/wp\/v2\/posts\/47049\/revisions"}],"predecessor-version":[{"id":47051,"href":"https:\/\/atecordoba.org\/index.php?rest_route=\/wp\/v2\/posts\/47049\/revisions\/47051"}],"wp:featuredmedia":[{"embeddable":true,"href":"https:\/\/atecordoba.org\/index.php?rest_route=\/wp\/v2\/media\/47050"}],"wp:attachment":[{"href":"https:\/\/atecordoba.org\/index.php?rest_route=%2Fwp%2Fv2%2Fmedia&parent=47049"}],"wp:term":[{"taxonomy":"category","embeddable":true,"href":"https:\/\/atecordoba.org\/index.php?rest_route=%2Fwp%2Fv2%2Fcategories&post=47049"},{"taxonomy":"post_tag","embeddable":true,"href":"https:\/\/atecordoba.org\/index.php?rest_route=%2Fwp%2Fv2%2Ftags&post=47049"}],"curies":[{"name":"wp","href":"https:\/\/api.w.org\/{rel}","templated":true}]}}