{"id":4703,"date":"2014-11-10T16:26:39","date_gmt":"2014-11-10T19:26:39","guid":{"rendered":"http:\/\/www.atecordoba.org\/?p=4703"},"modified":"2014-11-10T16:26:39","modified_gmt":"2014-11-10T19:26:39","slug":"saludos-a-los-trabajadores-provinciales-en-su-dia","status":"publish","type":"post","link":"https:\/\/atecordoba.org\/?p=4703","title":{"rendered":"\u00a1Saludos a los trabajadores provinciales en su d\u00eda!"},"content":{"rendered":"<p><em>Con motivo de celebrarse ma\u00f1ana 11 de noviembre el d\u00eda del Trabajador del Estado Provincial, ATE C\u00f3rdoba env\u00eda un c\u00e1lido saludo a todos y cada uno de los compa\u00f1eros que trabajan d\u00eda a d\u00eda al servicio de la sociedad cordobesa.<\/em><\/p>\n<p><a href=\"http:\/\/www.atecordoba.org\/wp-content\/uploads\/2014\/11\/foto-firma-editorial.jpg\"><img loading=\"lazy\" decoding=\"async\" class=\"aligncenter  wp-image-4704\" src=\"http:\/\/www.atecordoba.org\/wp-content\/uploads\/2014\/11\/foto-firma-editorial.jpg\" alt=\"foto firma editorial\" width=\"397\" height=\"529\" \/><\/a><\/p>\n<p>Ma\u00f1ana ser\u00e1 un d\u00eda para festejar y tambi\u00e9n para reflexionar sobre qu\u00e9 tipo de Estado tenemos en C\u00f3rdoba y cu\u00e1l deber\u00eda ser el Estado que necesitan los cordobeses. En ese marco, es importante resaltar el rol que cumplimos los trabajadores en la defensa de un Estado plural que garantice las concreci\u00f3n de derechos y obligaciones en el servicio p\u00fablico que prestamos.<\/p>\n<p>Al mismo tiempo, desde ATE ratificamos una vez m\u00e1s nuestro compromiso con la lucha por la mejora en la condiciones de trabajo, con salarios dignos en funci\u00f3n de las necesidades de nuestras familias y en defensa de un Estado que garantice igualdad de oportunidades para todos los ciudadanos.<\/p>\n<p>Sabemos que este compromiso, que expresamos claramente tiene en contra a la comunidad de negocios que utiliza al propio Estado como un bien personal en aras de beneficios particulares. La libertad y democracia sindical son el camino para revertir este panorama, tal como lo estableci\u00f3 la justicia al sentenciar la Corte Suprema la legalidad de ATE para actuar en todo el \u00e1mbito provincial.<\/p>\n<p>En esa l\u00ednea, es nuestra convicci\u00f3n, asumida por ATE en todo el pa\u00eds, de mantener en pie el mandato cotidiano para que el Estado cumpla con su objetivo fundamental: trabajar al servicio del pueblo.<\/p>\n<p>&nbsp;<\/p>\n<p style=\"text-align: right;\">Mar\u00eda Teresa Romero<\/p>\n<p style=\"text-align: right;\">Secretaria General<\/p>\n<p style=\"text-align: right;\">ATE C\u00f3rdoba<\/p>\n","protected":false},"excerpt":{"rendered":"<p>Con motivo de celebrarse ma\u00f1ana 11 de noviembre el d\u00eda del Trabajador del Estado Provincial, ATE C\u00f3rdoba env\u00eda un c\u00e1lido saludo a todos y cada uno de los compa\u00f1eros que trabajan d\u00eda a d\u00eda al servicio de la sociedad cordobesa. Ma\u00f1ana ser\u00e1 un d\u00eda para festejar y tambi\u00e9n para reflexionar sobre qu\u00e9 tipo de Estado [&hellip;]<\/p>\n","protected":false},"author":1,"featured_media":19220,"comment_status":"open","ping_status":"open","sticky":false,"template":"","format":"standard","meta":{"_exactmetrics_skip_tracking":false,"_exactmetrics_sitenote_active":false,"_exactmetrics_sitenote_note":"","_exactmetrics_sitenote_category":0,"jnews-multi-image_gallery":[],"jnews_single_post":[],"jnews_primary_category":[],"jnews_social_meta":[],"jnews_review":[],"enable_review":"","type":"","name":"","summary":"","brand":"","sku":"","good":[],"bad":[],"score_override":"","override_value":"","rating":[],"price":[],"jnews_override_counter":[],"jnews_post_split":[],"footnotes":""},"categories":[53,8],"tags":[],"class_list":["post-4703","post","type-post","status-publish","format-standard","has-post-thumbnail","hentry","category-comunicados-de-prensa","category-provinciales"],"jetpack_featured_media_url":"https:\/\/atecordoba.org\/wp-content\/uploads\/2020\/05\/logo-nuevochico-e1561581322808.png","_links":{"self":[{"href":"https:\/\/atecordoba.org\/index.php?rest_route=\/wp\/v2\/posts\/4703","targetHints":{"allow":["GET"]}}],"collection":[{"href":"https:\/\/atecordoba.org\/index.php?rest_route=\/wp\/v2\/posts"}],"about":[{"href":"https:\/\/atecordoba.org\/index.php?rest_route=\/wp\/v2\/types\/post"}],"author":[{"embeddable":true,"href":"https:\/\/atecordoba.org\/index.php?rest_route=\/wp\/v2\/users\/1"}],"replies":[{"embeddable":true,"href":"https:\/\/atecordoba.org\/index.php?rest_route=%2Fwp%2Fv2%2Fcomments&post=4703"}],"version-history":[{"count":0,"href":"https:\/\/atecordoba.org\/index.php?rest_route=\/wp\/v2\/posts\/4703\/revisions"}],"wp:featuredmedia":[{"embeddable":true,"href":"https:\/\/atecordoba.org\/index.php?rest_route=\/wp\/v2\/media\/19220"}],"wp:attachment":[{"href":"https:\/\/atecordoba.org\/index.php?rest_route=%2Fwp%2Fv2%2Fmedia&parent=4703"}],"wp:term":[{"taxonomy":"category","embeddable":true,"href":"https:\/\/atecordoba.org\/index.php?rest_route=%2Fwp%2Fv2%2Fcategories&post=4703"},{"taxonomy":"post_tag","embeddable":true,"href":"https:\/\/atecordoba.org\/index.php?rest_route=%2Fwp%2Fv2%2Ftags&post=4703"}],"curies":[{"name":"wp","href":"https:\/\/api.w.org\/{rel}","templated":true}]}}