{"id":47027,"date":"2024-12-17T15:04:35","date_gmt":"2024-12-17T18:04:35","guid":{"rendered":"https:\/\/atecordoba.org\/?p=47027"},"modified":"2024-12-17T15:04:35","modified_gmt":"2024-12-17T18:04:35","slug":"cordoba-presente-en-el-encuentro-de-municipales-de-la-region-centro-y-la-provincia-de-buenos-aires","status":"publish","type":"post","link":"https:\/\/atecordoba.org\/?p=47027","title":{"rendered":"C\u00f3rdoba presente en el Encuentro de Municipales de la Regi\u00f3n Centro y la provincia de Buenos Aires"},"content":{"rendered":"<p><img loading=\"lazy\" decoding=\"async\" class=\"aligncenter wp-image-47028 \" src=\"https:\/\/atecordoba.org\/wp-content\/uploads\/2024\/12\/WhatsApp-Image-2024-12-17-at-14.47.10-1024x576.jpeg\" alt=\"\" width=\"626\" height=\"352\" srcset=\"https:\/\/atecordoba.org\/wp-content\/uploads\/2024\/12\/WhatsApp-Image-2024-12-17-at-14.47.10-1024x576.jpeg 1024w, https:\/\/atecordoba.org\/wp-content\/uploads\/2024\/12\/WhatsApp-Image-2024-12-17-at-14.47.10-300x169.jpeg 300w, https:\/\/atecordoba.org\/wp-content\/uploads\/2024\/12\/WhatsApp-Image-2024-12-17-at-14.47.10-768x432.jpeg 768w, https:\/\/atecordoba.org\/wp-content\/uploads\/2024\/12\/WhatsApp-Image-2024-12-17-at-14.47.10-750x422.jpeg 750w, https:\/\/atecordoba.org\/wp-content\/uploads\/2024\/12\/WhatsApp-Image-2024-12-17-at-14.47.10.jpeg 1040w\" sizes=\"auto, (max-width: 626px) 100vw, 626px\" \/>Hoy se realiz\u00f3 en Paran\u00e1, en el Camping de ATE Entre R\u00edos, el Encuentro de Trabajadoras y Trabajadores Municipales de la Regi\u00f3n Centro -que incluy\u00f3 a las provincias de Entre R\u00edos, Santa Fe y C\u00f3rdoba- sumado a la provincia de Buenos Aires. Se trat\u00f3 de una nueva instancia de debate y organizaci\u00f3n hacia la municipalizaci\u00f3n de ATE en todo el pa\u00eds.<\/p>\n<p>Encabezado por el secretario General de ATE Nacional, Rodolfo Aguiar, y la secretaria General Adjunta, Mercedes Cabezas, la cita concit\u00f3 la presencia de los m\u00e1ximos dirigentes de cada provincia. C\u00f3rdoba estuvo representada por nuestro secretario General, Federico Giuliani, que estuvo acompa\u00f1ado por dirigentes municipales de las seccionales Cruz del Eje, Adelia Mar\u00eda, R\u00edo Cuarto, San Francisco, del CDP y los secretario Generales Dar\u00edo Paredes, Diego Villegas y Juan Pablo Pozzi.<img loading=\"lazy\" decoding=\"async\" class=\"aligncenter wp-image-47029 \" src=\"https:\/\/atecordoba.org\/wp-content\/uploads\/2024\/12\/WhatsApp-Image-2024-12-17-at-14.47.11-1-576x1024.jpeg\" alt=\"\" width=\"473\" height=\"841\" srcset=\"https:\/\/atecordoba.org\/wp-content\/uploads\/2024\/12\/WhatsApp-Image-2024-12-17-at-14.47.11-1-576x1024.jpeg 576w, https:\/\/atecordoba.org\/wp-content\/uploads\/2024\/12\/WhatsApp-Image-2024-12-17-at-14.47.11-1-169x300.jpeg 169w, https:\/\/atecordoba.org\/wp-content\/uploads\/2024\/12\/WhatsApp-Image-2024-12-17-at-14.47.11-1.jpeg 720w\" sizes=\"auto, (max-width: 473px) 100vw, 473px\" \/><\/p>\n<p>A la hora de los discursos, Giuliani destac\u00f3 frente a la cantidad de compa\u00f1eros y compa\u00f1eras presentes que &#8220;ATE no es una posibilidad o alternativa, ATE es el sindicato de las y los municipales de toda Argentina&#8221;.<\/p>\n<p>El dirigente remarc\u00f3 el valor &#8220;de juntarnos en los territorios, de darle identidad regional a esas voces que tienen tonadas distintas pero que tenemos los mismo problemas y las mismas luchas.\u00a0Los pol\u00edticos dejan de lado sus diferencias para castigar a los trabajadores. Ah\u00ed est\u00e1n Frigerio del Pro, Pullaro de la UCR y Llaryora del PJ cordob\u00e9s. Por eso esta iniciativa pol\u00edtica hay que replicarla en toda la Argentina. Hay que entender que los que administran el Estado son nuestros patrones y nuestra mayor val\u00eda como sindicato es ser aut\u00f3nomos&#8221;.<img loading=\"lazy\" decoding=\"async\" class=\"aligncenter wp-image-47030 \" src=\"https:\/\/atecordoba.org\/wp-content\/uploads\/2024\/12\/WhatsApp-Image-2024-12-17-at-14.47.11-1024x576.jpeg\" alt=\"\" width=\"626\" height=\"352\" \/><\/p>\n<p>En otro tramo, Giuliani record\u00f3 que &#8220;despues del congreso nacional en Capital Federal nosotros salimos a construir los plenarios regionales y desembocamos en un encuentro provincial. Vino Claudio Ar\u00e9valo (secretario General de ATE Buenos Aires) y Oscar Montes (secretario General de ATE Entre R\u00edos), mostrando al unidad de nuestro sindicato y dejando de lado cualquier matiz, frente a esta pelea desigual contra el Estado nacional, las provincias y los municipios. Ah\u00ed dijimos que \u00edbamos a construir el Plenario de Municipales de la Regi\u00f3n Centro, no solo para coincidir en el diagn\u00f3stico sino con aquellas propuestas que nos signifiquen crecer en este territorio tan dif\u00edcil. Porque si hay alguien postergado en la cadena del empleo p\u00fablico es el personal municipal&#8221;.<img loading=\"lazy\" decoding=\"async\" class=\"aligncenter wp-image-47031 \" src=\"https:\/\/atecordoba.org\/wp-content\/uploads\/2024\/12\/WhatsApp-Image-2024-12-17-at-14.47.13-1-1024x472.jpeg\" alt=\"\" width=\"624\" height=\"288\" srcset=\"https:\/\/atecordoba.org\/wp-content\/uploads\/2024\/12\/WhatsApp-Image-2024-12-17-at-14.47.13-1-1024x472.jpeg 1024w, https:\/\/atecordoba.org\/wp-content\/uploads\/2024\/12\/WhatsApp-Image-2024-12-17-at-14.47.13-1-300x138.jpeg 300w, https:\/\/atecordoba.org\/wp-content\/uploads\/2024\/12\/WhatsApp-Image-2024-12-17-at-14.47.13-1-768x354.jpeg 768w, https:\/\/atecordoba.org\/wp-content\/uploads\/2024\/12\/WhatsApp-Image-2024-12-17-at-14.47.13-1-750x346.jpeg 750w, https:\/\/atecordoba.org\/wp-content\/uploads\/2024\/12\/WhatsApp-Image-2024-12-17-at-14.47.13-1-1140x525.jpeg 1140w, https:\/\/atecordoba.org\/wp-content\/uploads\/2024\/12\/WhatsApp-Image-2024-12-17-at-14.47.13-1.jpeg 1280w\" sizes=\"auto, (max-width: 624px) 100vw, 624px\" \/><\/p>\n<p><strong>Salarios de indigencia<\/strong><\/p>\n<p>&#8220;Nosotros representamos compa\u00f1eros y compa\u00f1eros que hoy est\u00e1n bajo la l\u00ednea de la indigencia, que tienen que hacer changas despu\u00e9s del horario de trabajo para poder traer un mango m\u00e1s y rascar la olla&#8221;, dijo el secretario General de ATE C\u00f3rdoba.<\/p>\n<p>Y agreg\u00f3: &#8220;Por eso hay que poner sobre la mesa: no m\u00e1s estatutos sino convenios colectivos de trabajo; no m\u00e1s salarios de indigencia y de pobreza sino consejo municipal del salario para que vuelva a recuperar la perspectiva de tener un salario m\u00ednimo, vital y m\u00f3vil que nos permita vivir y disfrutar, recrearnos y tener una vida digna&#8221;.<img loading=\"lazy\" decoding=\"async\" class=\"aligncenter wp-image-47032 \" src=\"https:\/\/atecordoba.org\/wp-content\/uploads\/2024\/12\/WhatsApp-Image-2024-12-17-at-14.47.13-576x1024.jpeg\" alt=\"\" width=\"508\" height=\"903\" srcset=\"https:\/\/atecordoba.org\/wp-content\/uploads\/2024\/12\/WhatsApp-Image-2024-12-17-at-14.47.13-576x1024.jpeg 576w, https:\/\/atecordoba.org\/wp-content\/uploads\/2024\/12\/WhatsApp-Image-2024-12-17-at-14.47.13-169x300.jpeg 169w, https:\/\/atecordoba.org\/wp-content\/uploads\/2024\/12\/WhatsApp-Image-2024-12-17-at-14.47.13.jpeg 720w\" sizes=\"auto, (max-width: 508px) 100vw, 508px\" \/><\/p>\n<p><strong>Encuentro Nacional<\/strong><\/p>\n<p>&#8220;Tenemos que ir al encuentro nacional. Hace m\u00e1s de una d\u00e9cada que hubo un encuentro en Burzaco, cuando me tocaba estar al frente de la seccional R\u00edo Cuarto, y hoy las y los delegados todav\u00eda se acuerdan de aquel encuentro en Buenos Aires. Es fundamental para que volvamos a vernos las caras, a juntarnos, a abrazarnos. Es importante remarcar que as\u00ed como se recuper\u00f3 ATE en el \u201984, cuando era el gremio de estatales nacionales, despu\u00e9s en los \u201990 ATE prepar\u00f3 su estructura y dio cobijo a los provinciales, no me cabe la menor duda que con la idea del federalismo, con esta conducci\u00f3n de Rody y Mercedes, est\u00e1 preparando la casa para recibir a los miles y miles de municipales que est\u00e1n buscando un lugar de contenci\u00f3n, de organizaci\u00f3n y lucha para cambiar esta realidad injusta que tenemos en cada territorio de nuestra querida Naci\u00f3n&#8221;, avanz\u00f3 Giuliani.<\/p>\n<p><img loading=\"lazy\" decoding=\"async\" class=\"aligncenter wp-image-47036 \" src=\"https:\/\/atecordoba.org\/wp-content\/uploads\/2024\/12\/WhatsApp-Image-2024-12-17-at-14.46.59-576x1024.jpeg\" alt=\"\" width=\"520\" height=\"924\" srcset=\"https:\/\/atecordoba.org\/wp-content\/uploads\/2024\/12\/WhatsApp-Image-2024-12-17-at-14.46.59-576x1024.jpeg 576w, https:\/\/atecordoba.org\/wp-content\/uploads\/2024\/12\/WhatsApp-Image-2024-12-17-at-14.46.59-169x300.jpeg 169w, https:\/\/atecordoba.org\/wp-content\/uploads\/2024\/12\/WhatsApp-Image-2024-12-17-at-14.46.59.jpeg 720w\" sizes=\"auto, (max-width: 520px) 100vw, 520px\" \/><\/p>\n<p>Y record\u00f3 que &#8220;cuando uno recorre los municipios la realidad es de manual: intendentes que se comportan como patrones de estancia, sindicatos que entregan los derechos desde la d\u00e9cada del \u201990. All\u00ed ATE que emerge como el sindicato que organiza esa esperanza, a potenciar esa dignidad para cambiar esta explotaci\u00f3n, este r\u00e9gimen de esclavitud y sometimiento al que nos quieren llevar, por derechos conquistados&#8221;.<\/p>\n<p>Por \u00faltimo tuvo una dedicatoria a la provincia de Entre R\u00edos &#8220;que le tengo mucho afecto, mi mam\u00e1 es de Gualeguaych\u00fa y mi abuela de Col\u00f3n. estuvimos en septiembre, y este encuentro nos da la potencia para volver a nuestro territorio, organizarnos de la mejor manera y salir a dar la lucha&#8221;.<\/p>\n<p>&nbsp;<\/p>\n","protected":false},"excerpt":{"rendered":"<p>Hoy se realiz\u00f3 en Paran\u00e1, en el Camping de ATE Entre R\u00edos, el Encuentro de Trabajadoras y Trabajadores Municipales de la Regi\u00f3n Centro -que incluy\u00f3 a las provincias de Entre R\u00edos, Santa Fe y C\u00f3rdoba- sumado a la provincia de Buenos Aires. Se trat\u00f3 de una nueva instancia de debate y organizaci\u00f3n hacia la municipalizaci\u00f3n [&hellip;]<\/p>\n","protected":false},"author":7,"featured_media":47030,"comment_status":"open","ping_status":"open","sticky":false,"template":"","format":"standard","meta":{"_exactmetrics_skip_tracking":false,"_exactmetrics_sitenote_active":false,"_exactmetrics_sitenote_note":"","_exactmetrics_sitenote_category":0,"jnews-multi-image_gallery":[],"jnews_single_post":{"format":"standard","override":[{"template":"1","parallax":"1","fullscreen":"1","layout":"no-sidebar-narrow","sidebar":"default-sidebar","second_sidebar":"default-sidebar","sticky_sidebar":"1","share_position":"bottom","share_float_style":"share-monocrhome","show_share_counter":"1","show_view_counter":"1","show_post_meta":"1","show_post_author_image":"1","show_post_date":"1","post_date_format":"default","post_date_format_custom":"Y\/m\/d","show_post_category":"1","show_post_reading_time":"0","post_reading_time_wpm":"300","post_calculate_word_method":"str_word_count","show_zoom_button":"0","zoom_button_out_step":"2","zoom_button_in_step":"3","show_post_tag":"1","number_popup_post":"1","show_post_related":"1","show_inline_post_related":"0"}],"image_override":[{"single_post_thumbnail_size":"crop-500","single_post_gallery_size":"crop-500"}],"trending_post_position":"meta","trending_post_label":"Trending","sponsored_post_label":"Sponsored by","disable_ad":"0"},"jnews_primary_category":[],"jnews_social_meta":[],"jnews_review":[],"enable_review":"","type":"percentage","name":"","summary":"","brand":"","sku":"","good":[],"bad":[],"score_override":"","override_value":"","rating":[],"price":[],"jnews_override_counter":{"view_counter_number":"0","share_counter_number":"0","like_counter_number":"0","dislike_counter_number":"0"},"jnews_post_split":{"post_split":[{"template":"1","tag":"h2","numbering":"asc","mode":"normal","first":"0","enable_toc":"0","toc_type":"normal"}]},"footnotes":""},"categories":[20],"tags":[26,395,24],"class_list":["post-47027","post","type-post","status-publish","format-standard","has-post-thumbnail","hentry","category-municipales","tag-ate","tag-ate-cordoba","tag-municipales-2"],"jetpack_featured_media_url":"https:\/\/atecordoba.org\/wp-content\/uploads\/2024\/12\/WhatsApp-Image-2024-12-17-at-14.47.11-e1734458648274.jpeg","_links":{"self":[{"href":"https:\/\/atecordoba.org\/index.php?rest_route=\/wp\/v2\/posts\/47027","targetHints":{"allow":["GET"]}}],"collection":[{"href":"https:\/\/atecordoba.org\/index.php?rest_route=\/wp\/v2\/posts"}],"about":[{"href":"https:\/\/atecordoba.org\/index.php?rest_route=\/wp\/v2\/types\/post"}],"author":[{"embeddable":true,"href":"https:\/\/atecordoba.org\/index.php?rest_route=\/wp\/v2\/users\/7"}],"replies":[{"embeddable":true,"href":"https:\/\/atecordoba.org\/index.php?rest_route=%2Fwp%2Fv2%2Fcomments&post=47027"}],"version-history":[{"count":1,"href":"https:\/\/atecordoba.org\/index.php?rest_route=\/wp\/v2\/posts\/47027\/revisions"}],"predecessor-version":[{"id":47039,"href":"https:\/\/atecordoba.org\/index.php?rest_route=\/wp\/v2\/posts\/47027\/revisions\/47039"}],"wp:featuredmedia":[{"embeddable":true,"href":"https:\/\/atecordoba.org\/index.php?rest_route=\/wp\/v2\/media\/47030"}],"wp:attachment":[{"href":"https:\/\/atecordoba.org\/index.php?rest_route=%2Fwp%2Fv2%2Fmedia&parent=47027"}],"wp:term":[{"taxonomy":"category","embeddable":true,"href":"https:\/\/atecordoba.org\/index.php?rest_route=%2Fwp%2Fv2%2Fcategories&post=47027"},{"taxonomy":"post_tag","embeddable":true,"href":"https:\/\/atecordoba.org\/index.php?rest_route=%2Fwp%2Fv2%2Ftags&post=47027"}],"curies":[{"name":"wp","href":"https:\/\/api.w.org\/{rel}","templated":true}]}}