{"id":47006,"date":"2024-12-17T11:50:01","date_gmt":"2024-12-17T14:50:01","guid":{"rendered":"https:\/\/atecordoba.org\/?p=47006"},"modified":"2024-12-17T12:15:49","modified_gmt":"2024-12-17T15:15:49","slug":"fiesta-de-fin-de-ano-de-ate-cordoba","status":"publish","type":"post","link":"https:\/\/atecordoba.org\/?p=47006","title":{"rendered":"\u00a1Fiesta de Fin de A\u00f1o de ATE C\u00f3rdoba!"},"content":{"rendered":"<p><img loading=\"lazy\" decoding=\"async\" class=\"aligncenter wp-image-47007 \" src=\"https:\/\/atecordoba.org\/wp-content\/uploads\/2024\/12\/WhatsApp-Image-2024-12-17-at-11.00.01-1024x1024.jpeg\" alt=\"\" width=\"641\" height=\"641\" srcset=\"https:\/\/atecordoba.org\/wp-content\/uploads\/2024\/12\/WhatsApp-Image-2024-12-17-at-11.00.01-1024x1024.jpeg 1024w, https:\/\/atecordoba.org\/wp-content\/uploads\/2024\/12\/WhatsApp-Image-2024-12-17-at-11.00.01-300x300.jpeg 300w, https:\/\/atecordoba.org\/wp-content\/uploads\/2024\/12\/WhatsApp-Image-2024-12-17-at-11.00.01-150x150.jpeg 150w, https:\/\/atecordoba.org\/wp-content\/uploads\/2024\/12\/WhatsApp-Image-2024-12-17-at-11.00.01-768x768.jpeg 768w, https:\/\/atecordoba.org\/wp-content\/uploads\/2024\/12\/WhatsApp-Image-2024-12-17-at-11.00.01-560x560.jpeg 560w, https:\/\/atecordoba.org\/wp-content\/uploads\/2024\/12\/WhatsApp-Image-2024-12-17-at-11.00.01-75x75.jpeg 75w, https:\/\/atecordoba.org\/wp-content\/uploads\/2024\/12\/WhatsApp-Image-2024-12-17-at-11.00.01-350x350.jpeg 350w, https:\/\/atecordoba.org\/wp-content\/uploads\/2024\/12\/WhatsApp-Image-2024-12-17-at-11.00.01-750x750.jpeg 750w, https:\/\/atecordoba.org\/wp-content\/uploads\/2024\/12\/WhatsApp-Image-2024-12-17-at-11.00.01.jpeg 1080w\" sizes=\"auto, (max-width: 641px) 100vw, 641px\" \/><\/p>\n<p>Este 19 de diciembre, a las 12 horas, ATE C\u00f3rdoba celebra el cierre de un a\u00f1o lleno de lucha y resistencia con la inauguraci\u00f3n de la temporada de pileta.<\/p>\n<p>La convocatoria es en el\u00a0Club Germinar, 11 de septiembre 4187.<\/p>\n<p>Tra\u00e9 tu ropa de ba\u00f1o y sumate a este encuentro que celebra que seguimos de pie.<\/p>\n<p>Complet\u00e1 el formulario de inscripci\u00f3n aqu\u00ed:<a href=\"https:\/\/forms.gle\/LrrJndM5wGy7vztx9\"> https:\/\/forms.gle\/LrrJndM5wGy7vztx9<\/a><\/p>\n<p><strong>Plenario con las y los trabajadores despedidos del Estado Nacional<\/strong><\/p>\n<p><img loading=\"lazy\" decoding=\"async\" class=\" wp-image-47016 alignleft\" src=\"https:\/\/atecordoba.org\/wp-content\/uploads\/2024\/12\/WhatsApp-Image-2024-12-17-at-11.21.00-214x300.jpeg\" alt=\"\" width=\"236\" height=\"331\" srcset=\"https:\/\/atecordoba.org\/wp-content\/uploads\/2024\/12\/WhatsApp-Image-2024-12-17-at-11.21.00-214x300.jpeg 214w, https:\/\/atecordoba.org\/wp-content\/uploads\/2024\/12\/WhatsApp-Image-2024-12-17-at-11.21.00-732x1024.jpeg 732w, https:\/\/atecordoba.org\/wp-content\/uploads\/2024\/12\/WhatsApp-Image-2024-12-17-at-11.21.00-768x1075.jpeg 768w, https:\/\/atecordoba.org\/wp-content\/uploads\/2024\/12\/WhatsApp-Image-2024-12-17-at-11.21.00-1097x1536.jpeg 1097w, https:\/\/atecordoba.org\/wp-content\/uploads\/2024\/12\/WhatsApp-Image-2024-12-17-at-11.21.00-360x504.jpeg 360w, https:\/\/atecordoba.org\/wp-content\/uploads\/2024\/12\/WhatsApp-Image-2024-12-17-at-11.21.00-750x1050.jpeg 750w, https:\/\/atecordoba.org\/wp-content\/uploads\/2024\/12\/WhatsApp-Image-2024-12-17-at-11.21.00-1140x1596.jpeg 1140w, https:\/\/atecordoba.org\/wp-content\/uploads\/2024\/12\/WhatsApp-Image-2024-12-17-at-11.21.00.jpeg 1143w\" sizes=\"auto, (max-width: 236px) 100vw, 236px\" \/>El Consejo Directivo Provincial (CDP) convoca a todas y todos los afiliados, trabajadoras y trabajadores despedidos del Estado Nacional a compartir un brindis de fin de a\u00f1o.<\/p>\n<p>&#8220;A renovar fuerzas para lo que viene y cerrar este a\u00f1o en unidad&#8221;, propone el CDP.<\/p>\n<p>La convocatoria es este viernes 20 de diciembre, a las 14 horas, en sede de ATE C\u00f3rdoba, Entre R\u00edos 450.<\/p>\n<p>&#8220;Las y los esperamos para celebrar conjuntamente nuestro compromiso de lucha&#8221;, cierra el llamado.<\/p>\n","protected":false},"excerpt":{"rendered":"<p>Este 19 de diciembre, a las 12 horas, ATE C\u00f3rdoba celebra el cierre de un a\u00f1o lleno de lucha y resistencia con la inauguraci\u00f3n de la temporada de pileta. La convocatoria es en el\u00a0Club Germinar, 11 de septiembre 4187. Tra\u00e9 tu ropa de ba\u00f1o y sumate a este encuentro que celebra que seguimos de pie. [&hellip;]<\/p>\n","protected":false},"author":7,"featured_media":47008,"comment_status":"open","ping_status":"open","sticky":false,"template":"","format":"standard","meta":{"_exactmetrics_skip_tracking":false,"_exactmetrics_sitenote_active":false,"_exactmetrics_sitenote_note":"","_exactmetrics_sitenote_category":0,"jnews-multi-image_gallery":[],"jnews_single_post":{"format":"standard","override":[{"template":"1","parallax":"1","fullscreen":"1","layout":"no-sidebar-narrow","sidebar":"default-sidebar","second_sidebar":"default-sidebar","sticky_sidebar":"1","share_position":"bottom","share_float_style":"share-monocrhome","show_share_counter":"1","show_view_counter":"1","show_post_meta":"1","show_post_author_image":"1","show_post_date":"1","post_date_format":"default","post_date_format_custom":"Y\/m\/d","show_post_category":"1","show_post_reading_time":"0","post_reading_time_wpm":"300","post_calculate_word_method":"str_word_count","show_zoom_button":"0","zoom_button_out_step":"2","zoom_button_in_step":"3","show_post_tag":"1","number_popup_post":"1","show_post_related":"1","show_inline_post_related":"0"}],"image_override":[{"single_post_thumbnail_size":"crop-500","single_post_gallery_size":"crop-500"}],"trending_post_position":"meta","trending_post_label":"Trending","sponsored_post_label":"Sponsored by","disable_ad":"0"},"jnews_primary_category":[],"jnews_social_meta":[],"jnews_review":[],"enable_review":"","type":"percentage","name":"","summary":"","brand":"","sku":"","good":[],"bad":[],"score_override":"","override_value":"","rating":[],"price":[],"jnews_override_counter":{"view_counter_number":"0","share_counter_number":"0","like_counter_number":"0","dislike_counter_number":"0"},"jnews_post_split":{"post_split":[{"template":"1","tag":"h2","numbering":"asc","mode":"normal","first":"0","enable_toc":"0","toc_type":"normal"}]},"footnotes":""},"categories":[75],"tags":[395,1455,1453,1454],"class_list":["post-47006","post","type-post","status-publish","format-standard","has-post-thumbnail","hentry","category-accion-social","tag-ate-cordoba","tag-despedidos-estado-nacional","tag-fiesta-de-fin-de-ano-2024","tag-plenario-despedidos"],"jetpack_featured_media_url":"https:\/\/atecordoba.org\/wp-content\/uploads\/2024\/12\/WhatsApp-Image-2024-12-17-at-11.00.01-1-e1734446970663.jpeg","_links":{"self":[{"href":"https:\/\/atecordoba.org\/index.php?rest_route=\/wp\/v2\/posts\/47006","targetHints":{"allow":["GET"]}}],"collection":[{"href":"https:\/\/atecordoba.org\/index.php?rest_route=\/wp\/v2\/posts"}],"about":[{"href":"https:\/\/atecordoba.org\/index.php?rest_route=\/wp\/v2\/types\/post"}],"author":[{"embeddable":true,"href":"https:\/\/atecordoba.org\/index.php?rest_route=\/wp\/v2\/users\/7"}],"replies":[{"embeddable":true,"href":"https:\/\/atecordoba.org\/index.php?rest_route=%2Fwp%2Fv2%2Fcomments&post=47006"}],"version-history":[{"count":3,"href":"https:\/\/atecordoba.org\/index.php?rest_route=\/wp\/v2\/posts\/47006\/revisions"}],"predecessor-version":[{"id":47021,"href":"https:\/\/atecordoba.org\/index.php?rest_route=\/wp\/v2\/posts\/47006\/revisions\/47021"}],"wp:featuredmedia":[{"embeddable":true,"href":"https:\/\/atecordoba.org\/index.php?rest_route=\/wp\/v2\/media\/47008"}],"wp:attachment":[{"href":"https:\/\/atecordoba.org\/index.php?rest_route=%2Fwp%2Fv2%2Fmedia&parent=47006"}],"wp:term":[{"taxonomy":"category","embeddable":true,"href":"https:\/\/atecordoba.org\/index.php?rest_route=%2Fwp%2Fv2%2Fcategories&post=47006"},{"taxonomy":"post_tag","embeddable":true,"href":"https:\/\/atecordoba.org\/index.php?rest_route=%2Fwp%2Fv2%2Ftags&post=47006"}],"curies":[{"name":"wp","href":"https:\/\/api.w.org\/{rel}","templated":true}]}}