{"id":47,"date":"2012-06-12T13:08:51","date_gmt":"2012-06-12T16:08:51","guid":{"rendered":"http:\/\/www.atecordoba.org\/?p=47"},"modified":"2012-06-12T13:08:51","modified_gmt":"2012-06-12T16:08:51","slug":"caminata-por-la-quebrada-del-condorito","status":"publish","type":"post","link":"https:\/\/atecordoba.org\/?p=47","title":{"rendered":"Caminata por la Quebrada del Condorito"},"content":{"rendered":"<p><code><\/code><strong>(C\u00f3rdoba, 22-2-2012)<\/strong><\/p>\n<p><strong>La actividad recrativa se llevar\u00e1 a cabo el domingo 4 de marzo.<\/strong><\/p>\n<p><strong><\/strong>Para compartir con la familia de ATE afiliados y delegados nos juntamos en el mismo parque (centro de visitantes) 2 km. de la entrada. Desde la terminal de C\u00f3rdoba sale la empresa Ciudad de C\u00f3rdoba y Coata.<\/p>\n<div>\n<p>La caminata empieza a las 9.30 hs y volvemos al centro de visitante a las 14hs aproximadamente. All\u00ed comeremos unos choripanes con bebida espirituosa para terminar el d\u00eda.<\/p>\n<p>La caminata estar\u00e1 a cargo del delegado del ATE, guardia parque del mismo, Marcelo Stancarelli.<\/p>\n<p>Las inscripciones son en el gremio hasta jueves 1. Los elementos indispensables para visitar por el d\u00eda el \u00e1rea noreste del parque. Elementos m\u00ednimos: \u2022 Ropa c\u00f3moda \u2022 Ropa de abrigo (la temperatura llega a -20\u00ba C de m\u00ednima en invierno y a \u20131\u00ba C de m\u00ednima en verano) \u2022 Calzado adecuado para trekking, con suela antideslizante \u2022 Protector solar \u2022 Sombrero \u2013 gorra \u2022 Mochila chica (no es recomendable llevar bolsos, sino dejar las manos libres) \u2022 Capa para lluvia liviana \u2022 Vianda ligera, cantimplora con agua \u2022 Linterna<\/p>\n<p>Leer m\u00e1s:\u00a0<a href=\"http:\/\/www.condoritoapn.com.ar\/informacion-general\/recomendaciones\/\" rel=\"nofollow\">http:\/\/www.condoritoapn.com.ar\/info&#8230;<\/a><\/p>\n<p>Inscripciones: Gustavo Z\u00e1rate -secretario de acci\u00f3n social- 0351-156648086<\/p>\n<p><code><br \/>\n<\/code><\/p>\n<\/div>\n","protected":false},"excerpt":{"rendered":"<p>(C\u00f3rdoba, 22-2-2012) La actividad recrativa se llevar\u00e1 a cabo el domingo 4 de marzo. Para compartir con la familia de ATE afiliados y delegados nos juntamos en el mismo parque (centro de visitantes) 2 km. de la entrada. Desde la terminal de C\u00f3rdoba sale la empresa Ciudad de C\u00f3rdoba y Coata. La caminata empieza a [&hellip;]<\/p>\n","protected":false},"author":1,"featured_media":19220,"comment_status":"open","ping_status":"open","sticky":false,"template":"","format":"standard","meta":{"_exactmetrics_skip_tracking":false,"_exactmetrics_sitenote_active":false,"_exactmetrics_sitenote_note":"","_exactmetrics_sitenote_category":0,"jnews-multi-image_gallery":[],"jnews_single_post":[],"jnews_primary_category":[],"jnews_social_meta":[],"jnews_review":[],"enable_review":"","type":"","name":"","summary":"","brand":"","sku":"","good":[],"bad":[],"score_override":"","override_value":"","rating":[],"price":[],"jnews_override_counter":[],"jnews_post_split":[],"footnotes":""},"categories":[75],"tags":[],"class_list":["post-47","post","type-post","status-publish","format-standard","has-post-thumbnail","hentry","category-accion-social"],"jetpack_featured_media_url":"https:\/\/atecordoba.org\/wp-content\/uploads\/2020\/05\/logo-nuevochico-e1561581322808.png","_links":{"self":[{"href":"https:\/\/atecordoba.org\/index.php?rest_route=\/wp\/v2\/posts\/47","targetHints":{"allow":["GET"]}}],"collection":[{"href":"https:\/\/atecordoba.org\/index.php?rest_route=\/wp\/v2\/posts"}],"about":[{"href":"https:\/\/atecordoba.org\/index.php?rest_route=\/wp\/v2\/types\/post"}],"author":[{"embeddable":true,"href":"https:\/\/atecordoba.org\/index.php?rest_route=\/wp\/v2\/users\/1"}],"replies":[{"embeddable":true,"href":"https:\/\/atecordoba.org\/index.php?rest_route=%2Fwp%2Fv2%2Fcomments&post=47"}],"version-history":[{"count":0,"href":"https:\/\/atecordoba.org\/index.php?rest_route=\/wp\/v2\/posts\/47\/revisions"}],"wp:featuredmedia":[{"embeddable":true,"href":"https:\/\/atecordoba.org\/index.php?rest_route=\/wp\/v2\/media\/19220"}],"wp:attachment":[{"href":"https:\/\/atecordoba.org\/index.php?rest_route=%2Fwp%2Fv2%2Fmedia&parent=47"}],"wp:term":[{"taxonomy":"category","embeddable":true,"href":"https:\/\/atecordoba.org\/index.php?rest_route=%2Fwp%2Fv2%2Fcategories&post=47"},{"taxonomy":"post_tag","embeddable":true,"href":"https:\/\/atecordoba.org\/index.php?rest_route=%2Fwp%2Fv2%2Ftags&post=47"}],"curies":[{"name":"wp","href":"https:\/\/api.w.org\/{rel}","templated":true}]}}