{"id":46996,"date":"2024-12-17T11:36:06","date_gmt":"2024-12-17T14:36:06","guid":{"rendered":"https:\/\/atecordoba.org\/?p=46996"},"modified":"2024-12-17T11:54:02","modified_gmt":"2024-12-17T14:54:02","slug":"elecciones-historicas-en-ate-conicet-cordoba","status":"publish","type":"post","link":"https:\/\/atecordoba.org\/?p=46996","title":{"rendered":"Elecciones hist\u00f3ricas en ATE-CONICET C\u00f3rdoba"},"content":{"rendered":"<p><img loading=\"lazy\" decoding=\"async\" class=\"aligncenter wp-image-47012 \" src=\"https:\/\/atecordoba.org\/wp-content\/uploads\/2024\/12\/WhatsApp-Image-2024-12-17-at-11.50.34-1-1024x637.jpeg\" alt=\"\" width=\"628\" height=\"391\" srcset=\"https:\/\/atecordoba.org\/wp-content\/uploads\/2024\/12\/WhatsApp-Image-2024-12-17-at-11.50.34-1-1024x637.jpeg 1024w, https:\/\/atecordoba.org\/wp-content\/uploads\/2024\/12\/WhatsApp-Image-2024-12-17-at-11.50.34-1-300x187.jpeg 300w, https:\/\/atecordoba.org\/wp-content\/uploads\/2024\/12\/WhatsApp-Image-2024-12-17-at-11.50.34-1-768x478.jpeg 768w, https:\/\/atecordoba.org\/wp-content\/uploads\/2024\/12\/WhatsApp-Image-2024-12-17-at-11.50.34-1-750x467.jpeg 750w, https:\/\/atecordoba.org\/wp-content\/uploads\/2024\/12\/WhatsApp-Image-2024-12-17-at-11.50.34-1.jpeg 1080w\" sizes=\"auto, (max-width: 628px) 100vw, 628px\" \/><\/p>\n<p>Ma\u00f1ana mi\u00e9rcoles 18 de diciembre las y los trabajadores de CONICET est\u00e1n convocados para participar de la elecci\u00f3n de la Junta Interna de ATE CONICET en C\u00f3rdoba, marcando un nuevo paso en la organizaci\u00f3n sindical de los estatales en la provincia.<\/p>\n<p>La elecci\u00f3n renueva el Cuerpo de Delegadas y Delegados y pueden votar afiliados y no afiliados a nuestro sindicato.<img loading=\"lazy\" decoding=\"async\" class=\"alignright wp-image-46999 \" src=\"https:\/\/atecordoba.org\/wp-content\/uploads\/2024\/12\/WhatsApp-Image-2024-12-17-at-11.24.56-240x300.jpeg\" alt=\"\" width=\"303\" height=\"379\" \/><\/p>\n<p>La lista est\u00e1 encabezada por Santiago Benitez-Vieyra, candidato a Secretario General, Ayel\u00e9n Branca, secretaria Adjunta.<\/p>\n<p>A la Junta Interna ATE-CONICET corresponde la representaci\u00f3n de:<\/p>\n<p>-Personal de Carrera de Investigaci\u00f3n (CIC)<\/p>\n<p>-Personal de Apoyo (CPA)<\/p>\n<p>-Personal de gesti\u00f3n administrativa (SINEP)<\/p>\n<p>-Becarixs de CONICET y de Agencia I+D+i<\/p>\n<p>En la elecci\u00f3n ATE propone delegadxs que representen a lxs trabajadorxs por cada una de las Grandes \u00e1reas del organismo: Ciencias Agrarias, de Ingenier\u00eda y de Materiales; Ciencias \u00a0Biol\u00f3gicas y de la Salud; Ciencias Exactas y Naturales; Ciencias Sociales y Humanidades. \u201cApostamos por avanzar en la representatividad de todos los escalafones y de los distintos campos de inserci\u00f3n que implica una actividad tan compleja como la de la ciencia y t\u00e9cnica. Como las labores de cada \u00e1rea implican relaciones y tareas diferentes, se expresan en problem\u00e1ticas particulares que es preciso atender de manera integral\u201d, explic\u00f3 la lista que llevar\u00e1 adelante la Junta Interna.<\/p>\n<p>Actualmente, el avance en la representaci\u00f3n gremial de CONICET en ATE se est\u00e1 dando a lo largo del pa\u00eds mediante nuevos cuerpos de delegadxs y Juntas que permiten avanzar en la federalizaci\u00f3n de nuestras luchas. \u201cFortalecemos nuestros reclamos en la articulaci\u00f3n de una Mesa Federal y una Coordinaci\u00f3n Nacional de ATE CONICET, en la que participaremos miembrxs de Juntas Internas y delegadxs de distintas provincias de Argentina\u201d, agregan las y los candidatos.<\/p>\n<p>Las urnas estar\u00e1n instaladas en los institutos cient\u00edficos IMBIV (sede UNC \u2013 Av. V\u00e9lez Sarsfield 1666), CIFFYH_IDH (UNC- Pabell\u00f3n Agust\u00edn Tosco), FCEFyN (sede centro \u2013 Av. V\u00e9lez Sarsfield 299) y CIECS (UNC \u2013 Av. Valpara\u00edso).<\/p>\n<p>Para mayor informaci\u00f3n sobre la elecci\u00f3n de ATE-CONICET C\u00f3rdoba ingresar a <a href=\"https:\/\/linktr.ee\/ate.conicet.cba\">https:\/\/linktr.ee\/ate.conicet.cba<\/a><\/p>\n<p>La propuesta completa:<\/p>\n<a href=\"https:\/\/atecordoba.org\/wp-content\/uploads\/2024\/12\/Elecciones-de-ATE-CONICET-en-Cordoba-18-DE-DICIEMBRE-\u00a1VOTAMOS-TODXS.pdf\" class=\"pdfemb-viewer\" style=\"\" data-width=\"max\" data-height=\"max\" data-toolbar=\"bottom\" data-toolbar-fixed=\"off\">Elecciones de ATE CONICET en Co\u0301rdoba 18 DE DICIEMBRE \u00a1VOTAMOS TODXS!<\/a>\n","protected":false},"excerpt":{"rendered":"<p>Ma\u00f1ana mi\u00e9rcoles 18 de diciembre las y los trabajadores de CONICET est\u00e1n convocados para participar de la elecci\u00f3n de la Junta Interna de ATE CONICET en C\u00f3rdoba, marcando un nuevo paso en la organizaci\u00f3n sindical de los estatales en la provincia. La elecci\u00f3n renueva el Cuerpo de Delegadas y Delegados y pueden votar afiliados y [&hellip;]<\/p>\n","protected":false},"author":7,"featured_media":47000,"comment_status":"open","ping_status":"open","sticky":false,"template":"","format":"standard","meta":{"_exactmetrics_skip_tracking":false,"_exactmetrics_sitenote_active":false,"_exactmetrics_sitenote_note":"","_exactmetrics_sitenote_category":0,"jnews-multi-image_gallery":[],"jnews_single_post":{"format":"standard","override":[{"template":"1","parallax":"1","fullscreen":"1","layout":"no-sidebar-narrow","sidebar":"default-sidebar","second_sidebar":"default-sidebar","sticky_sidebar":"1","share_position":"bottom","share_float_style":"share-monocrhome","show_share_counter":"1","show_view_counter":"1","show_post_meta":"1","show_post_author_image":"1","show_post_date":"1","post_date_format":"default","post_date_format_custom":"Y\/m\/d","show_post_category":"1","show_post_reading_time":"0","post_reading_time_wpm":"300","post_calculate_word_method":"str_word_count","show_zoom_button":"0","zoom_button_out_step":"2","zoom_button_in_step":"3","show_post_tag":"1","number_popup_post":"1","show_post_related":"1","show_inline_post_related":"0"}],"image_override":[{"single_post_thumbnail_size":"crop-500","single_post_gallery_size":"crop-500"}],"trending_post_position":"meta","trending_post_label":"Trending","sponsored_post_label":"Sponsored by","disable_ad":"0"},"jnews_primary_category":[],"jnews_social_meta":[],"jnews_review":[],"enable_review":"","type":"percentage","name":"","summary":"","brand":"","sku":"","good":[],"bad":[],"score_override":"","override_value":"","rating":[],"price":[],"jnews_override_counter":{"view_counter_number":"0","share_counter_number":"0","like_counter_number":"0","dislike_counter_number":"0"},"jnews_post_split":{"post_split":[{"template":"1","tag":"h2","numbering":"asc","mode":"normal","first":"0","enable_toc":"0","toc_type":"normal"}]},"footnotes":""},"categories":[18],"tags":[1418,1452,61],"class_list":["post-46996","post","type-post","status-publish","format-standard","has-post-thumbnail","hentry","category-nacionales","tag-ate-conicet","tag-ate-conicet-cordoba","tag-conicet"],"jetpack_featured_media_url":"https:\/\/atecordoba.org\/wp-content\/uploads\/2024\/12\/WhatsApp-Image-2024-12-17-at-11.24.56-1.jpeg","_links":{"self":[{"href":"https:\/\/atecordoba.org\/index.php?rest_route=\/wp\/v2\/posts\/46996","targetHints":{"allow":["GET"]}}],"collection":[{"href":"https:\/\/atecordoba.org\/index.php?rest_route=\/wp\/v2\/posts"}],"about":[{"href":"https:\/\/atecordoba.org\/index.php?rest_route=\/wp\/v2\/types\/post"}],"author":[{"embeddable":true,"href":"https:\/\/atecordoba.org\/index.php?rest_route=\/wp\/v2\/users\/7"}],"replies":[{"embeddable":true,"href":"https:\/\/atecordoba.org\/index.php?rest_route=%2Fwp%2Fv2%2Fcomments&post=46996"}],"version-history":[{"count":6,"href":"https:\/\/atecordoba.org\/index.php?rest_route=\/wp\/v2\/posts\/46996\/revisions"}],"predecessor-version":[{"id":47013,"href":"https:\/\/atecordoba.org\/index.php?rest_route=\/wp\/v2\/posts\/46996\/revisions\/47013"}],"wp:featuredmedia":[{"embeddable":true,"href":"https:\/\/atecordoba.org\/index.php?rest_route=\/wp\/v2\/media\/47000"}],"wp:attachment":[{"href":"https:\/\/atecordoba.org\/index.php?rest_route=%2Fwp%2Fv2%2Fmedia&parent=46996"}],"wp:term":[{"taxonomy":"category","embeddable":true,"href":"https:\/\/atecordoba.org\/index.php?rest_route=%2Fwp%2Fv2%2Fcategories&post=46996"},{"taxonomy":"post_tag","embeddable":true,"href":"https:\/\/atecordoba.org\/index.php?rest_route=%2Fwp%2Fv2%2Ftags&post=46996"}],"curies":[{"name":"wp","href":"https:\/\/api.w.org\/{rel}","templated":true}]}}