{"id":46991,"date":"2024-12-17T10:46:08","date_gmt":"2024-12-17T13:46:08","guid":{"rendered":"https:\/\/atecordoba.org\/?p=46991"},"modified":"2024-12-17T10:46:08","modified_gmt":"2024-12-17T13:46:08","slug":"aguiar-senalo-que-con-las-evaluaciones-al-gobierno-le-salio-el-tiro-por-la-culata-ya-aprobo-el-96-y-ate-exige-su-incorporacion-en-planta","status":"publish","type":"post","link":"https:\/\/atecordoba.org\/?p=46991","title":{"rendered":"Aguiar se\u00f1al\u00f3 que con las evaluaciones \u201cal Gobierno le sali\u00f3 el tiro por la culata\u201d: ya aprob\u00f3 el 96% y ATE exige su incorporaci\u00f3n en planta"},"content":{"rendered":"<p><em>\u201cParece que en el Estado los burros no somos los trabajadores, son los funcionarios que llegaron el 10 de diciembre del 2023. Fracasaron en este intento ilegal de seguir estigmatizando y desprestigiando el empleo p\u00fablico\u201d, apunt\u00f3 el secretario General de ATE.<\/em><\/p>\n<p><img loading=\"lazy\" decoding=\"async\" class=\"aligncenter wp-image-46992 \" src=\"https:\/\/atecordoba.org\/wp-content\/uploads\/2024\/12\/EXAMENES-1024x721.webp\" alt=\"\" width=\"635\" height=\"447\" \/><\/p>\n<p>La Asociaci\u00f3n Trabajadores del Estado (ATE) inform\u00f3 que en la primera semana del Sistema de Evaluaci\u00f3n P\u00fablica (SEP) el 96,3% de los ex\u00e1menes ya fueron aprobados y exigieron su pase a planta permanente. \u201cAl Gobierno le sali\u00f3 el tiro por la culata\u201d, apunt\u00f3 Rodolfo Aguiar, Secretario General del sindicato<\/p>\n<p>\u201cParece que en el Estado los burros no somos los trabajadores, son los funcionarios que llegaron el 10 de diciembre del 2023. Fracasaron en este intento ilegal de seguir estigmatizando y desprestigiando el empleo p\u00fablico\u201d, indic\u00f3 el referente estatal<\/p>\n<p>En este marco, el dirigente asegur\u00f3: \u201cComo era de esperar, todos los ex\u00e1menes est\u00e1n siendo aprobados por los agentes y seg\u00fan el propio Ejecutivo, se est\u00e1 demostrando su idoneidad. Por lo tanto, debe ponerse a los trabajadores en ejercicio del derecho constitucional de estabilidad y tienen que ser incorporados en la planta permanente del Estado. Subsidiariamente, los contratos deben renovarse autom\u00e1ticamente y por un a\u00f1o como plazo m\u00ednimo\u201d.<\/p>\n<p>El sindicato inform\u00f3 que 4156 agentes rindieron sus ex\u00e1menes en esta primera semana en el Instituto Nacional de Administraci\u00f3n P\u00fablica (INAP) con direcci\u00f3n en Av. Belgrano 637, siendo poco m\u00e1s del 10% del universo que el Gobierno pretende evaluar. De ese total, 4002 fueron aprobados.<\/p>\n<p><img loading=\"lazy\" decoding=\"async\" class=\"aligncenter wp-image-46993 \" src=\"https:\/\/atecordoba.org\/wp-content\/uploads\/2024\/12\/EXAMENES-2.webp\" alt=\"\" width=\"638\" height=\"601\" srcset=\"https:\/\/atecordoba.org\/wp-content\/uploads\/2024\/12\/EXAMENES-2.webp 768w, https:\/\/atecordoba.org\/wp-content\/uploads\/2024\/12\/EXAMENES-2-300x282.webp 300w, https:\/\/atecordoba.org\/wp-content\/uploads\/2024\/12\/EXAMENES-2-750x706.webp 750w\" sizes=\"auto, (max-width: 638px) 100vw, 638px\" \/><\/p>\n<p>\u201cLa ilegalidad de este sistema de evaluaci\u00f3n p\u00fablica es manifiesta. A\u00fan as\u00ed, tenemos que destacar el compromiso de nuestro sindicato ya que desde el primer instante los dirigentes y los delegados decidieron estar junto a los trabajadores y acompa\u00f1ar este proceso con cursos de formaci\u00f3n y clases de estudio, de apoyo y de repaso\u201d, detall\u00f3 el Secretario General de ATE.<\/p>\n<p>\u201cDespu\u00e9s de esto, tenemos que empezar a pensar que tiene que ser evaluado todo el Gabinete. Tenemos que establecer un mecanismo que nos permita tomarle ex\u00e1menes y dejar en evidencia por su incapacidad de gesti\u00f3n desde los directores hasta los secretarios, subsecretarios y ministros, todos aquellos cargos que no sean electivos\u201d, concluy\u00f3 Rodolfo Aguiar.<\/p>\n<p>El sindicato tambi\u00e9n inform\u00f3 que en el caso del escalaf\u00f3n de servicios generales, el porcentaje de aprobados es m\u00e1s elevado y llega al 98%. Se estima que para esta nueva semana ser\u00e1n m\u00e1s de 5000 los ex\u00e1menes tomados y el Gobierno abrir\u00e1 una nueva tanda de inscripciones debido a la alta cantidad de trabajadores que ya se anotaron para rendir entre diciembre y enero (m\u00e1s de 30.000 hasta el momento).<\/p>\n<p>ATE destac\u00f3 que a pesar de la inconstitucionalidad de las evaluaciones, se realiz\u00f3 un acompa\u00f1amiento exhaustivo a los trabajadores con el dictado de clases de formaci\u00f3n sobre todo los temas.<\/p>\n","protected":false},"excerpt":{"rendered":"<p>\u201cParece que en el Estado los burros no somos los trabajadores, son los funcionarios que llegaron el 10 de diciembre del 2023. Fracasaron en este intento ilegal de seguir estigmatizando y desprestigiando el empleo p\u00fablico\u201d, apunt\u00f3 el secretario General de ATE. La Asociaci\u00f3n Trabajadores del Estado (ATE) inform\u00f3 que en la primera semana del Sistema [&hellip;]<\/p>\n","protected":false},"author":7,"featured_media":46992,"comment_status":"open","ping_status":"open","sticky":false,"template":"","format":"standard","meta":{"_exactmetrics_skip_tracking":false,"_exactmetrics_sitenote_active":false,"_exactmetrics_sitenote_note":"","_exactmetrics_sitenote_category":0,"jnews-multi-image_gallery":[],"jnews_single_post":{"format":"standard","override":[{"template":"1","parallax":"1","fullscreen":"1","layout":"no-sidebar-narrow","sidebar":"default-sidebar","second_sidebar":"default-sidebar","sticky_sidebar":"1","share_position":"bottom","share_float_style":"share-monocrhome","show_share_counter":"1","show_view_counter":"1","show_post_meta":"1","show_post_author_image":"1","show_post_date":"1","post_date_format":"default","post_date_format_custom":"Y\/m\/d","show_post_category":"1","show_post_reading_time":"0","post_reading_time_wpm":"300","post_calculate_word_method":"str_word_count","show_zoom_button":"0","zoom_button_out_step":"2","zoom_button_in_step":"3","show_post_tag":"1","number_popup_post":"1","show_post_related":"1","show_inline_post_related":"0"}],"image_override":[{"single_post_thumbnail_size":"crop-500","single_post_gallery_size":"crop-500"}],"trending_post_position":"meta","trending_post_label":"Trending","sponsored_post_label":"Sponsored by","disable_ad":"0"},"jnews_primary_category":[],"jnews_social_meta":[],"jnews_review":[],"enable_review":"","type":"percentage","name":"","summary":"","brand":"","sku":"","good":[],"bad":[],"score_override":"","override_value":"","rating":[],"price":[],"jnews_override_counter":{"view_counter_number":"0","share_counter_number":"0","like_counter_number":"0","dislike_counter_number":"0"},"jnews_post_split":{"post_split":[{"template":"1","tag":"h2","numbering":"asc","mode":"normal","first":"0","enable_toc":"0","toc_type":"normal"}]},"footnotes":""},"categories":[18],"tags":[26,1422],"class_list":["post-46991","post","type-post","status-publish","format-standard","has-post-thumbnail","hentry","category-nacionales","tag-ate","tag-evaluacion"],"jetpack_featured_media_url":"https:\/\/atecordoba.org\/wp-content\/uploads\/2024\/12\/EXAMENES-e1734443085202.webp","_links":{"self":[{"href":"https:\/\/atecordoba.org\/index.php?rest_route=\/wp\/v2\/posts\/46991","targetHints":{"allow":["GET"]}}],"collection":[{"href":"https:\/\/atecordoba.org\/index.php?rest_route=\/wp\/v2\/posts"}],"about":[{"href":"https:\/\/atecordoba.org\/index.php?rest_route=\/wp\/v2\/types\/post"}],"author":[{"embeddable":true,"href":"https:\/\/atecordoba.org\/index.php?rest_route=\/wp\/v2\/users\/7"}],"replies":[{"embeddable":true,"href":"https:\/\/atecordoba.org\/index.php?rest_route=%2Fwp%2Fv2%2Fcomments&post=46991"}],"version-history":[{"count":1,"href":"https:\/\/atecordoba.org\/index.php?rest_route=\/wp\/v2\/posts\/46991\/revisions"}],"predecessor-version":[{"id":46994,"href":"https:\/\/atecordoba.org\/index.php?rest_route=\/wp\/v2\/posts\/46991\/revisions\/46994"}],"wp:featuredmedia":[{"embeddable":true,"href":"https:\/\/atecordoba.org\/index.php?rest_route=\/wp\/v2\/media\/46992"}],"wp:attachment":[{"href":"https:\/\/atecordoba.org\/index.php?rest_route=%2Fwp%2Fv2%2Fmedia&parent=46991"}],"wp:term":[{"taxonomy":"category","embeddable":true,"href":"https:\/\/atecordoba.org\/index.php?rest_route=%2Fwp%2Fv2%2Fcategories&post=46991"},{"taxonomy":"post_tag","embeddable":true,"href":"https:\/\/atecordoba.org\/index.php?rest_route=%2Fwp%2Fv2%2Ftags&post=46991"}],"curies":[{"name":"wp","href":"https:\/\/api.w.org\/{rel}","templated":true}]}}