{"id":46983,"date":"2024-12-13T14:36:39","date_gmt":"2024-12-13T17:36:39","guid":{"rendered":"https:\/\/atecordoba.org\/?p=46983"},"modified":"2024-12-13T14:37:15","modified_gmt":"2024-12-13T17:37:15","slug":"ctaa-informe-sobre-ajuste-represion-y-resistencia-popular-en-el-primer-ano-de-gobierno-de-milei","status":"publish","type":"post","link":"https:\/\/atecordoba.org\/?p=46983","title":{"rendered":"CTAA: informe sobre ajuste, represi\u00f3n y resistencia popular en el primer a\u00f1o de gobierno de Milei"},"content":{"rendered":"<p><img loading=\"lazy\" decoding=\"async\" class=\"aligncenter wp-image-46985\" src=\"https:\/\/atecordoba.org\/wp-content\/uploads\/2024\/12\/informe-CTA.png\" alt=\"\" width=\"469\" height=\"690\" \/>La Central de Trabajadores de Argentina Aut\u00f3noma (CTA) public\u00f3 un completo informe sobre los efectos de las pol\u00edticas que recae sobre el conjunto de la poblaci\u00f3n, titulado \u201cEl primer a\u00f1o del gobierno de Javier Milei: ajuste, represi\u00f3n y resistencia popular. La represi\u00f3n estatal como herramienta para sostener el shock de ajuste distributivo e institucional\u201d.<\/p>\n<p>El trabajo estuvo a cabo del Monitor de Respuestas Represivas y el Instituto de Estudios y Formaci\u00f3n (IEF), que integran la Central, y se divide en dos partes. La primera dedicada a analizar la pol\u00edtica econ\u00f3mica y sus derivados en el plano del mundo del trabajo, la macroestructura econ\u00f3mica nacional, el desguace del Estado, entre otros puntos. La segunda, el plan represivo durante el primer a\u00f1o, con gr\u00e1ficos y datos duros que registran las consecuencia de la intervenci\u00f3n de las fuerzas de seguridad y el Poder Judicial en el conflicto social.<\/p>\n<p>En ese marco, el informe sostiene en su introducci\u00f3n que &#8220;las pol\u00edticas implementadas por el Gobierno Nacional no s\u00f3lo tienen consecuencias inmediatas, como la profundizaci\u00f3n de la mercantilizaci\u00f3n en el acceso a la salud y a la educaci\u00f3n, as\u00ed como en todos los aspectos que afectan a la reproducci\u00f3n de la vida, sino que tambi\u00e9n sientan las bases sociales para consolidar un control social duradero&#8221;.<\/p>\n<p>Y sostiene que &#8220;la organizaci\u00f3n y la protesta social en Argentina son esenciales para entender<br \/>\ntanto la historia de conquista de derechos como los cambios en los ciclos econ\u00f3micos&#8221;.<\/p>\n<p>&#8220;Cada proceso hist\u00f3rico en donde se ponen en juego los derechos de la clase trabajadora la respuesta a su resistencia es un incremento del uso de la fuerza represiva por parte del Estado. En la historia reciente de Argentina fuimos testigos de c\u00f3mo el despliegue represivo se intensific\u00f3 para garantizar los intereses de los sectores dominantes. El Gobierno de Javier Milei no es ajeno a esa historia y expresa una profundizaci\u00f3n de la ofensiva contra los sectores populares iniciada a mediados de la d\u00e9cada de los 70&#8221;, afirma.<\/p>\n<p>En resumen, el informe presenta una caracterizaci\u00f3n del programa del gobierno de Javier Milei a un a\u00f1o del inicio de gesti\u00f3n. En el segundo apartado, se aborda el plan represivo, bas\u00e1ndose en los datos sistematizados por el Monitor de Respuestas Represivas de la CTA y testimonios de dirigentes y militantes del campo popular. Se analizan un total de 41 represiones a la protesta social llevadas a cabo por las fuerzas de seguridad en todo el pa\u00eds, con especial \u00e9nfasis en la Ciudad de Buenos Aires. Se detallan las fuerzas de seguridad involucradas, las armas utilizadas y el n\u00famero de personas heridas en protestas (1146). Adem\u00e1s, se presentan los datos relacionados con 77 allanamientos a organizaciones populares, las 139 detenciones relacionadas a la protestas o\u00a0 allanamientos, y la apertura de causas penales contra 171 manifestantes, militantes y referentes.\u00a0 Por \u00faltimo, en el tercer apartado se comparte un an\u00e1lisis de distintas normativas que avanzan en la criminalizaci\u00f3n de las protestas y las organizaciones del campo popular, realizado por la Red Federal por la defensa de los Derechos Humanos y la Democracia.<\/p>\n<a href=\"https:\/\/atecordoba.org\/wp-content\/uploads\/2024\/12\/Monitor-IEF-CTA_AjusteRepresionResistencia.pdf\" class=\"pdfemb-viewer\" style=\"\" data-width=\"max\" data-height=\"max\" data-toolbar=\"bottom\" data-toolbar-fixed=\"off\">Monitor-IEF-CTA_AjusteRepresionResistencia<\/a>\n<p>&nbsp;<\/p>\n<p>&nbsp;<\/p>\n","protected":false},"excerpt":{"rendered":"<p>La Central de Trabajadores de Argentina Aut\u00f3noma (CTA) public\u00f3 un completo informe sobre los efectos de las pol\u00edticas que recae sobre el conjunto de la poblaci\u00f3n, titulado \u201cEl primer a\u00f1o del gobierno de Javier Milei: ajuste, represi\u00f3n y resistencia popular. La represi\u00f3n estatal como herramienta para sostener el shock de ajuste distributivo e institucional\u201d. El [&hellip;]<\/p>\n","protected":false},"author":7,"featured_media":46986,"comment_status":"open","ping_status":"open","sticky":false,"template":"","format":"standard","meta":{"_exactmetrics_skip_tracking":false,"_exactmetrics_sitenote_active":false,"_exactmetrics_sitenote_note":"","_exactmetrics_sitenote_category":0,"jnews-multi-image_gallery":[],"jnews_single_post":{"format":"standard","override":[{"template":"1","parallax":"1","fullscreen":"1","layout":"no-sidebar-narrow","sidebar":"default-sidebar","second_sidebar":"default-sidebar","sticky_sidebar":"1","share_position":"bottom","share_float_style":"share-monocrhome","show_share_counter":"1","show_view_counter":"1","show_post_meta":"1","show_post_author_image":"1","show_post_date":"1","post_date_format":"default","post_date_format_custom":"Y\/m\/d","show_post_category":"1","show_post_reading_time":"0","post_reading_time_wpm":"300","post_calculate_word_method":"str_word_count","show_zoom_button":"0","zoom_button_out_step":"2","zoom_button_in_step":"3","show_post_tag":"1","number_popup_post":"1","show_post_related":"1","show_inline_post_related":"0"}],"image_override":[{"single_post_thumbnail_size":"crop-500","single_post_gallery_size":"crop-500"}],"trending_post_position":"meta","trending_post_label":"Trending","sponsored_post_label":"Sponsored by","disable_ad":"0"},"jnews_primary_category":[],"jnews_social_meta":[],"jnews_review":[],"enable_review":"","type":"percentage","name":"","summary":"","brand":"","sku":"","good":[],"bad":[],"score_override":"","override_value":"","rating":[],"price":[],"jnews_override_counter":{"view_counter_number":"0","share_counter_number":"0","like_counter_number":"0","dislike_counter_number":"0"},"jnews_post_split":{"post_split":[{"template":"1","tag":"h2","numbering":"asc","mode":"normal","first":"0","enable_toc":"0","toc_type":"normal"}]},"footnotes":""},"categories":[92],"tags":[480],"class_list":["post-46983","post","type-post","status-publish","format-standard","has-post-thumbnail","hentry","category-cta","tag-ctaa"],"jetpack_featured_media_url":"https:\/\/atecordoba.org\/wp-content\/uploads\/2024\/12\/informe-CTA-1.png","_links":{"self":[{"href":"https:\/\/atecordoba.org\/index.php?rest_route=\/wp\/v2\/posts\/46983","targetHints":{"allow":["GET"]}}],"collection":[{"href":"https:\/\/atecordoba.org\/index.php?rest_route=\/wp\/v2\/posts"}],"about":[{"href":"https:\/\/atecordoba.org\/index.php?rest_route=\/wp\/v2\/types\/post"}],"author":[{"embeddable":true,"href":"https:\/\/atecordoba.org\/index.php?rest_route=\/wp\/v2\/users\/7"}],"replies":[{"embeddable":true,"href":"https:\/\/atecordoba.org\/index.php?rest_route=%2Fwp%2Fv2%2Fcomments&post=46983"}],"version-history":[{"count":2,"href":"https:\/\/atecordoba.org\/index.php?rest_route=\/wp\/v2\/posts\/46983\/revisions"}],"predecessor-version":[{"id":46988,"href":"https:\/\/atecordoba.org\/index.php?rest_route=\/wp\/v2\/posts\/46983\/revisions\/46988"}],"wp:featuredmedia":[{"embeddable":true,"href":"https:\/\/atecordoba.org\/index.php?rest_route=\/wp\/v2\/media\/46986"}],"wp:attachment":[{"href":"https:\/\/atecordoba.org\/index.php?rest_route=%2Fwp%2Fv2%2Fmedia&parent=46983"}],"wp:term":[{"taxonomy":"category","embeddable":true,"href":"https:\/\/atecordoba.org\/index.php?rest_route=%2Fwp%2Fv2%2Fcategories&post=46983"},{"taxonomy":"post_tag","embeddable":true,"href":"https:\/\/atecordoba.org\/index.php?rest_route=%2Fwp%2Fv2%2Ftags&post=46983"}],"curies":[{"name":"wp","href":"https:\/\/api.w.org\/{rel}","templated":true}]}}