{"id":46975,"date":"2024-12-13T09:51:18","date_gmt":"2024-12-13T12:51:18","guid":{"rendered":"https:\/\/atecordoba.org\/?p=46975"},"modified":"2024-12-13T09:51:18","modified_gmt":"2024-12-13T12:51:18","slug":"ate-cordoba-expreso-preocupacion-por-la-seguidilla-de-femicidios-ocurridos-en-cordoba","status":"publish","type":"post","link":"https:\/\/atecordoba.org\/?p=46975","title":{"rendered":"ATE C\u00f3rdoba expres\u00f3 preocupaci\u00f3n por la seguidilla de femicidios ocurridos en C\u00f3rdoba"},"content":{"rendered":"<p><img loading=\"lazy\" decoding=\"async\" class=\" wp-image-46976 alignleft\" src=\"https:\/\/atecordoba.org\/wp-content\/uploads\/2024\/12\/logo-ATE-genero-300x300.jpeg\" alt=\"\" width=\"373\" height=\"373\" \/>La Secretar\u00eda de G\u00e9nero y Diversidad de ATE C\u00f3rdoba expres\u00f3 su preocupaci\u00f3n por los \u00faltimos femicidios ocurridos en C\u00f3rdoba en esta semana: Jessica Dom\u00ednguez en el barrio Villa Boedo de la Capital, Paulina Silva en La Para, que se sumaron al pedido de investigaci\u00f3n por la muerte de la compa\u00f1era Fabiana Pacheco de la ciudad de Villa Mar\u00eda.<\/p>\n<p>&#8220;Estos lamentables hechos m\u00e1s los 19 femicidios que se registran con anterioridad en lo que va del a\u00f1o demuestran el desacierto de las decisiones Gubernamentales tanto provincial como nacionalmente al degradar los Ministerios de Mujeres a Secretaria, en el caso de Naci\u00f3n luego a Direcci\u00f3n para posteriormente desaparecerlo completamente, despidiendo a la totalidad de las trabajadoras territoriales en nuestra provincia, la mayor\u00eda profesionales y formadas en la tem\u00e1tica&#8221;, denunci\u00f3 la Secretar\u00eda.<\/p>\n<p>Y se solidariz\u00f3 con las trabajadoras del Polo de la Mujer de la Provincia de C\u00f3rdoba. &#8220;Conocemos la situaci\u00f3n que transitan cotidianamente: precarizaci\u00f3n laboral, muchas de ellas residentes (aunque realizan el mismo trabajo que una trabajadora de planta permanente) en la incertidumbre de qu\u00e9 pasara cuando terminen sus residencias, monotributistas, contratadas, expuestas a un maltrato institucional constante y con salarios que no alcanzan para llegar a fin de mes&#8221;.<\/p>\n<p>&#8220;Sabemos de su compromiso profesional acompa\u00f1ando mujeres, j\u00f3venes, ni\u00f1as y ni\u00f1os que se ven afectados por el flagelo de la violencia que puede llegar a desenlaces tan tristes como la muerte, la frustraci\u00f3n de saber que hicieron todo lo posible para evitarlo y no alcanz\u00f3 como en el caso de Jessica Dom\u00ednguez. Equivocadamente muchos ponen esta responsabilidad en las trabajadoras y no en quienes toman las decisiones pol\u00edticas, en quienes difunden discursos de odio que ponen en duda la palabra de las mujeres que sufren violencia&#8221;, se\u00f1al\u00f3.<\/p>\n<p><strong>Problem\u00e1tica urgente<\/strong><\/p>\n<p>&#8220;Sin duda necesitamos m\u00e1s pol\u00edticas de prevenci\u00f3n pero esto no es posible si desde los Gobiernos se sigue subestimando esta problem\u00e1tica. Tambi\u00e9n se necesitan Trabajadoras con derechos garantizados, como estatales sabemos que las pol\u00edticas p\u00fablicas se sostienen con nuestro esfuerzo y voluntad pero esto no alcanza si no se cuida a quienes cuidan, si no se destina presupuesto real, si no se realizan espacios de supervisi\u00f3n y contenci\u00f3n psicol\u00f3gica para las profesionales que ponen el cuerpo y el coraz\u00f3n a cada familia&#8221;, remarc\u00f3 la Secretaria de G\u00e9nero y Diversidad de ATE C\u00f3rdoba.<\/p>\n<p>&#8220;Nos unimos al pedido de Justicia de las familias que afrontan la ausencia de una madre, hermana, hija, amiga asesinada por la violencia machista. Pedimos que se investigue y se haga justicia por nuestra compa\u00f1era Fabiana. Seguiremos luchando hasta que vivir una Vida libre de Violencia sea nuestra realidad&#8221;, concluy\u00f3 el comunicado.<\/p>\n","protected":false},"excerpt":{"rendered":"<p>La Secretar\u00eda de G\u00e9nero y Diversidad de ATE C\u00f3rdoba expres\u00f3 su preocupaci\u00f3n por los \u00faltimos femicidios ocurridos en C\u00f3rdoba en esta semana: Jessica Dom\u00ednguez en el barrio Villa Boedo de la Capital, Paulina Silva en La Para, que se sumaron al pedido de investigaci\u00f3n por la muerte de la compa\u00f1era Fabiana Pacheco de la ciudad [&hellip;]<\/p>\n","protected":false},"author":7,"featured_media":46976,"comment_status":"open","ping_status":"open","sticky":false,"template":"","format":"standard","meta":{"_exactmetrics_skip_tracking":false,"_exactmetrics_sitenote_active":false,"_exactmetrics_sitenote_note":"","_exactmetrics_sitenote_category":0,"jnews-multi-image_gallery":[],"jnews_single_post":{"format":"standard","override":[{"template":"1","parallax":"1","fullscreen":"1","layout":"no-sidebar-narrow","sidebar":"default-sidebar","second_sidebar":"default-sidebar","sticky_sidebar":"1","share_position":"bottom","share_float_style":"share-monocrhome","show_share_counter":"1","show_view_counter":"1","show_post_meta":"1","show_post_author_image":"1","show_post_date":"1","post_date_format":"default","post_date_format_custom":"Y\/m\/d","show_post_category":"1","show_post_reading_time":"0","post_reading_time_wpm":"300","post_calculate_word_method":"str_word_count","show_zoom_button":"0","zoom_button_out_step":"2","zoom_button_in_step":"3","show_post_tag":"1","number_popup_post":"1","show_post_related":"1","show_inline_post_related":"0"}],"image_override":[{"single_post_thumbnail_size":"crop-500","single_post_gallery_size":"crop-500"}],"trending_post_position":"meta","trending_post_label":"Trending","sponsored_post_label":"Sponsored by","disable_ad":"0"},"jnews_primary_category":[],"jnews_social_meta":[],"jnews_review":[],"enable_review":"","type":"percentage","name":"","summary":"","brand":"","sku":"","good":[],"bad":[],"score_override":"","override_value":"","rating":[],"price":[],"jnews_override_counter":{"view_counter_number":"0","share_counter_number":"0","like_counter_number":"0","dislike_counter_number":"0"},"jnews_post_split":{"post_split":[{"template":"1","tag":"h2","numbering":"asc","mode":"normal","first":"0","enable_toc":"0","toc_type":"normal"}]},"footnotes":""},"categories":[325],"tags":[1160,1450],"class_list":["post-46975","post","type-post","status-publish","format-standard","has-post-thumbnail","hentry","category-generos-y-diversidades","tag-cordoba-2","tag-feminicidios"],"jetpack_featured_media_url":"https:\/\/atecordoba.org\/wp-content\/uploads\/2024\/12\/logo-ATE-genero-e1734094267704.jpeg","_links":{"self":[{"href":"https:\/\/atecordoba.org\/index.php?rest_route=\/wp\/v2\/posts\/46975","targetHints":{"allow":["GET"]}}],"collection":[{"href":"https:\/\/atecordoba.org\/index.php?rest_route=\/wp\/v2\/posts"}],"about":[{"href":"https:\/\/atecordoba.org\/index.php?rest_route=\/wp\/v2\/types\/post"}],"author":[{"embeddable":true,"href":"https:\/\/atecordoba.org\/index.php?rest_route=\/wp\/v2\/users\/7"}],"replies":[{"embeddable":true,"href":"https:\/\/atecordoba.org\/index.php?rest_route=%2Fwp%2Fv2%2Fcomments&post=46975"}],"version-history":[{"count":1,"href":"https:\/\/atecordoba.org\/index.php?rest_route=\/wp\/v2\/posts\/46975\/revisions"}],"predecessor-version":[{"id":46977,"href":"https:\/\/atecordoba.org\/index.php?rest_route=\/wp\/v2\/posts\/46975\/revisions\/46977"}],"wp:featuredmedia":[{"embeddable":true,"href":"https:\/\/atecordoba.org\/index.php?rest_route=\/wp\/v2\/media\/46976"}],"wp:attachment":[{"href":"https:\/\/atecordoba.org\/index.php?rest_route=%2Fwp%2Fv2%2Fmedia&parent=46975"}],"wp:term":[{"taxonomy":"category","embeddable":true,"href":"https:\/\/atecordoba.org\/index.php?rest_route=%2Fwp%2Fv2%2Fcategories&post=46975"},{"taxonomy":"post_tag","embeddable":true,"href":"https:\/\/atecordoba.org\/index.php?rest_route=%2Fwp%2Fv2%2Ftags&post=46975"}],"curies":[{"name":"wp","href":"https:\/\/api.w.org\/{rel}","templated":true}]}}