{"id":46954,"date":"2024-12-11T15:39:02","date_gmt":"2024-12-11T18:39:02","guid":{"rendered":"https:\/\/atecordoba.org\/?p=46954"},"modified":"2024-12-11T15:40:16","modified_gmt":"2024-12-11T18:40:16","slug":"giuliani-sobre-el-primer-ano-de-milei-trabajamos-por-la-unidad-de-verdad-con-los-que-quieren-luchar","status":"publish","type":"post","link":"https:\/\/atecordoba.org\/?p=46954","title":{"rendered":"Giuliani sobre el primer a\u00f1o de Milei: &#8220;trabajamos por la unidad de verdad con los que quieren luchar&#8221;"},"content":{"rendered":"<p><img loading=\"lazy\" decoding=\"async\" class=\"aligncenter wp-image-46955 \" src=\"https:\/\/atecordoba.org\/wp-content\/uploads\/2024\/12\/WhatsApp-Image-2024-12-11-at-13.36.17-768x1024.jpeg\" alt=\"\" width=\"622\" height=\"829\" srcset=\"https:\/\/atecordoba.org\/wp-content\/uploads\/2024\/12\/WhatsApp-Image-2024-12-11-at-13.36.17-768x1024.jpeg 768w, https:\/\/atecordoba.org\/wp-content\/uploads\/2024\/12\/WhatsApp-Image-2024-12-11-at-13.36.17-225x300.jpeg 225w, https:\/\/atecordoba.org\/wp-content\/uploads\/2024\/12\/WhatsApp-Image-2024-12-11-at-13.36.17-1152x1536.jpeg 1152w, https:\/\/atecordoba.org\/wp-content\/uploads\/2024\/12\/WhatsApp-Image-2024-12-11-at-13.36.17-750x1000.jpeg 750w, https:\/\/atecordoba.org\/wp-content\/uploads\/2024\/12\/WhatsApp-Image-2024-12-11-at-13.36.17-1140x1520.jpeg 1140w, https:\/\/atecordoba.org\/wp-content\/uploads\/2024\/12\/WhatsApp-Image-2024-12-11-at-13.36.17.jpeg 1200w\" sizes=\"auto, (max-width: 622px) 100vw, 622px\" \/>Al cumplirse un a\u00f1o de gobierno de Javier Milei, ATE realiz\u00f3 ayer una Jornada de Lucha de los sectores bajo la \u00f3rbita del Ministerio de Defensa con una movilizaci\u00f3n a la cartera que engloba a sectores productivos, educativos y de administraci\u00f3n.<\/p>\n<p>En ese marco, el secretario General de ATE C\u00f3rdoba Federico Giuliani, que encabez\u00f3 una comitiva de estatales cordobeses en la Capital Federal, realiz\u00f3 un discurso donde evalu\u00f3 este 2024 de lucha y resistencia al ajuste y vaciamiento del Estado que perpetra Milei. <img loading=\"lazy\" decoding=\"async\" class=\"aligncenter wp-image-46956 \" src=\"https:\/\/atecordoba.org\/wp-content\/uploads\/2024\/12\/WhatsApp-Image-2024-12-11-at-13.36.10-576x1024.jpeg\" alt=\"\" width=\"450\" height=\"800\" srcset=\"https:\/\/atecordoba.org\/wp-content\/uploads\/2024\/12\/WhatsApp-Image-2024-12-11-at-13.36.10-576x1024.jpeg 576w, https:\/\/atecordoba.org\/wp-content\/uploads\/2024\/12\/WhatsApp-Image-2024-12-11-at-13.36.10-169x300.jpeg 169w, https:\/\/atecordoba.org\/wp-content\/uploads\/2024\/12\/WhatsApp-Image-2024-12-11-at-13.36.10-768x1365.jpeg 768w, https:\/\/atecordoba.org\/wp-content\/uploads\/2024\/12\/WhatsApp-Image-2024-12-11-at-13.36.10-864x1536.jpeg 864w, https:\/\/atecordoba.org\/wp-content\/uploads\/2024\/12\/WhatsApp-Image-2024-12-11-at-13.36.10-750x1333.jpeg 750w, https:\/\/atecordoba.org\/wp-content\/uploads\/2024\/12\/WhatsApp-Image-2024-12-11-at-13.36.10.jpeg 900w\" sizes=\"auto, (max-width: 450px) 100vw, 450px\" \/><\/p>\n<p>&#8220;Hace un a\u00f1o cuando asumi\u00f3 Milei y sal\u00edamos a la calle, la mayor\u00eda nos puteaban. Hoy la mayor\u00eda nos toca bocina y nos aplaude. No solo es por las pol\u00edticas de ajuste y de vaciamiento que lleva adelante el fascismo de Milei sino gracias a la lucha inclaudicable de este sindicato, que no baj\u00f3 ninguna bandera&#8221;, comenz\u00f3 el dirigente.<\/p>\n<p>Giuliani afirm\u00f3 que &#8220;esta jornada de lucha tambi\u00e9n es un mensaje a la dirigencia tibia que ya entreg\u00f3, que la compraron y est\u00e1 poniendo la reposera porque se vino el veranito. Hay que recordarles que un 19 y 20 de diciembre de 2001 hubo un levantamiento popular que se llev\u00f3 puesto al gobierno de De la R\u00faa y de la Casa Rosada tuvieron que huir como ratas&#8221;.<\/p>\n<p><img loading=\"lazy\" decoding=\"async\" class=\"aligncenter wp-image-46957 \" src=\"https:\/\/atecordoba.org\/wp-content\/uploads\/2024\/12\/WhatsApp-Image-2024-12-11-at-13.36.15-1024x768.jpeg\" alt=\"\" width=\"615\" height=\"462\" srcset=\"https:\/\/atecordoba.org\/wp-content\/uploads\/2024\/12\/WhatsApp-Image-2024-12-11-at-13.36.15-1024x768.jpeg 1024w, https:\/\/atecordoba.org\/wp-content\/uploads\/2024\/12\/WhatsApp-Image-2024-12-11-at-13.36.15-300x225.jpeg 300w, https:\/\/atecordoba.org\/wp-content\/uploads\/2024\/12\/WhatsApp-Image-2024-12-11-at-13.36.15-768x576.jpeg 768w, https:\/\/atecordoba.org\/wp-content\/uploads\/2024\/12\/WhatsApp-Image-2024-12-11-at-13.36.15-1536x1152.jpeg 1536w, https:\/\/atecordoba.org\/wp-content\/uploads\/2024\/12\/WhatsApp-Image-2024-12-11-at-13.36.15-750x563.jpeg 750w, https:\/\/atecordoba.org\/wp-content\/uploads\/2024\/12\/WhatsApp-Image-2024-12-11-at-13.36.15-1140x855.jpeg 1140w, https:\/\/atecordoba.org\/wp-content\/uploads\/2024\/12\/WhatsApp-Image-2024-12-11-at-13.36.15.jpeg 1600w\" sizes=\"auto, (max-width: 615px) 100vw, 615px\" \/><\/p>\n<p>Y fustig\u00f3 a la dirigencia gremial acuerdista con Milei. &#8220;Dicen que no hay condiciones para un paro general. Le respondemos que la unidad se construye de abajo para arriba, de la periferia al centro y de las provincias al puerto. Ah\u00ed es donde se est\u00e1 cocinando algo nuevo en Argentina. Frente a la crisis de representatividad de esa burocracia entregista, van surgiendo las nuevas camadas de dirigentes, como Rody (Aguiar) y como Mercedes (Cabezas), que nos muestran de que el camino es la coherencia, la convicci\u00f3n, las banderas hist\u00f3ricas de este sindicato&#8221;.<\/p>\n<p><strong>Trabajar por la unidad<\/strong><\/p>\n<p>Luego, Giuliani asegur\u00f3 que &#8220;hoy m\u00e1s que nunca trabajamos por la unidad de verdad, pero con los que quieren luchar. Hay que dejar de lado cualquier ego\u00edsmo, personalismo y sectarismo. En cada sector de trabajo la tarea es convencer a las y los compa\u00f1eros que la salida no es individual sino colectiva. Tampoco vamos a encontrar la salida sector por sector, ministerio por ministerio, es colectiva y en comunidad porque solo el pueblo salvar\u00e1 al pueblo&#8221;.<img loading=\"lazy\" decoding=\"async\" class=\"aligncenter wp-image-46958 \" src=\"https:\/\/atecordoba.org\/wp-content\/uploads\/2024\/12\/WhatsApp-Image-2024-12-11-at-13.36.20-1-scaled.jpeg\" alt=\"\" width=\"611\" height=\"459\" srcset=\"https:\/\/atecordoba.org\/wp-content\/uploads\/2024\/12\/WhatsApp-Image-2024-12-11-at-13.36.20-1-scaled.jpeg 2560w, https:\/\/atecordoba.org\/wp-content\/uploads\/2024\/12\/WhatsApp-Image-2024-12-11-at-13.36.20-1-300x225.jpeg 300w, https:\/\/atecordoba.org\/wp-content\/uploads\/2024\/12\/WhatsApp-Image-2024-12-11-at-13.36.20-1-1024x768.jpeg 1024w, https:\/\/atecordoba.org\/wp-content\/uploads\/2024\/12\/WhatsApp-Image-2024-12-11-at-13.36.20-1-768x576.jpeg 768w, https:\/\/atecordoba.org\/wp-content\/uploads\/2024\/12\/WhatsApp-Image-2024-12-11-at-13.36.20-1-1536x1152.jpeg 1536w, https:\/\/atecordoba.org\/wp-content\/uploads\/2024\/12\/WhatsApp-Image-2024-12-11-at-13.36.20-1-2048x1536.jpeg 2048w, https:\/\/atecordoba.org\/wp-content\/uploads\/2024\/12\/WhatsApp-Image-2024-12-11-at-13.36.20-1-750x563.jpeg 750w, https:\/\/atecordoba.org\/wp-content\/uploads\/2024\/12\/WhatsApp-Image-2024-12-11-at-13.36.20-1-1140x855.jpeg 1140w\" sizes=\"auto, (max-width: 611px) 100vw, 611px\" \/><\/p>\n<p>En tal sentido, el secretario General de ATE C\u00f3rdoba dijo: &#8220;sabemos que estamos frente a un panorama adverso. No somos ingenuos, somos inteligentes y definimos \u00a0cuando pelear y cuando replegarnos, cuando confrontar y cuando reagruparnos. Hoy en los lugares\u00a0 de trabajo vemos que los compa\u00f1eros est\u00e1n en duda, que las compa\u00f1eras est\u00e1n con miedo e incertidumbre. Hay que recorrer los sectores y reinventar las formas de llevarle a esa compa\u00f1erada, pero los dirigentes y los delegados deben ponerle el cuerpo a la lucha porque de lo contrario nuestro pueblo se los va a llevar puestos. Como dijo Per\u00f3n y aggiorn\u00f3 Tosco, va a ser con los dirigentes a la cabeza o con la cabeza de los dirigentes&#8221;.<img loading=\"lazy\" decoding=\"async\" class=\"aligncenter wp-image-46959 \" src=\"https:\/\/atecordoba.org\/wp-content\/uploads\/2024\/12\/WhatsApp-Image-2024-12-11-at-13.36.19-768x1024.jpeg\" alt=\"\" width=\"632\" height=\"843\" srcset=\"https:\/\/atecordoba.org\/wp-content\/uploads\/2024\/12\/WhatsApp-Image-2024-12-11-at-13.36.19-768x1024.jpeg 768w, https:\/\/atecordoba.org\/wp-content\/uploads\/2024\/12\/WhatsApp-Image-2024-12-11-at-13.36.19-225x300.jpeg 225w, https:\/\/atecordoba.org\/wp-content\/uploads\/2024\/12\/WhatsApp-Image-2024-12-11-at-13.36.19-1152x1536.jpeg 1152w, https:\/\/atecordoba.org\/wp-content\/uploads\/2024\/12\/WhatsApp-Image-2024-12-11-at-13.36.19-1536x2048.jpeg 1536w, https:\/\/atecordoba.org\/wp-content\/uploads\/2024\/12\/WhatsApp-Image-2024-12-11-at-13.36.19-750x1000.jpeg 750w, https:\/\/atecordoba.org\/wp-content\/uploads\/2024\/12\/WhatsApp-Image-2024-12-11-at-13.36.19-1140x1520.jpeg 1140w, https:\/\/atecordoba.org\/wp-content\/uploads\/2024\/12\/WhatsApp-Image-2024-12-11-at-13.36.19-scaled.jpeg 1920w\" sizes=\"auto, (max-width: 632px) 100vw, 632px\" \/><\/p>\n<p><strong>No creer en las encuestas<\/strong><\/p>\n<p>El dirigente alent\u00f3 a no creer en las encuetas que dicen que Milei crece en el reconocimiento de la poblaci\u00f3n. &#8220;El term\u00f3metro est\u00e1 en el territorio, en cada barrio, en cada comedor popular, en cada sector de trabajo y cada f\u00e1brica. Sabemos que la compa\u00f1erada est\u00e1 esperando el momento justo para pegar la estocada final&#8221; sentenci\u00f3.<\/p>\n<p>Y felicit\u00f3 a la conducci\u00f3n nacional de ATE &#8220;que muestra que somos un todo y no solo la suma de las partes, organismos y sectores. Vamos a volver a ser gobierno, vamos a recuperar el Estado y vamos a reincorporar a cada despedido y despedida de este proceso cipayo y antipatria.&#8221;<\/p>\n<div id='gallery_1' class='gallery galleryid-46954 gallery-columns-3 gallery-size-thumbnail'><figure class='gallery-item'>\n                <div class='gallery-icon portrait'>\n                    <a href='https:\/\/atecordoba.org\/wp-content\/uploads\/2024\/12\/WhatsApp-Image-2024-12-11-at-13.36.11.jpeg'><img loading=\"lazy\" decoding=\"async\" width=\"150\" height=\"150\" src=\"\" class=\"attachment-thumbnail size-thumbnail lazyload\" alt=\"\" data-src=\"https:\/\/atecordoba.org\/wp-content\/uploads\/2024\/12\/WhatsApp-Image-2024-12-11-at-13.36.11-150x150.jpeg\" data-sizes=\"auto\" data-srcset=\"https:\/\/atecordoba.org\/wp-content\/uploads\/2024\/12\/WhatsApp-Image-2024-12-11-at-13.36.11-150x150.jpeg 150w, https:\/\/atecordoba.org\/wp-content\/uploads\/2024\/12\/WhatsApp-Image-2024-12-11-at-13.36.11-560x560.jpeg 560w, https:\/\/atecordoba.org\/wp-content\/uploads\/2024\/12\/WhatsApp-Image-2024-12-11-at-13.36.11-75x75.jpeg 75w, https:\/\/atecordoba.org\/wp-content\/uploads\/2024\/12\/WhatsApp-Image-2024-12-11-at-13.36.11-350x350.jpeg 350w\" data-expand=\"700\" \/><\/a>\n                <\/div><\/figure><figure class='gallery-item'>\n                <div class='gallery-icon portrait'>\n                    <a href='https:\/\/atecordoba.org\/wp-content\/uploads\/2024\/12\/WhatsApp-Image-2024-12-11-at-13.36.13-1.jpeg'><img loading=\"lazy\" decoding=\"async\" width=\"150\" height=\"150\" src=\"\" class=\"attachment-thumbnail size-thumbnail lazyload\" alt=\"\" data-src=\"https:\/\/atecordoba.org\/wp-content\/uploads\/2024\/12\/WhatsApp-Image-2024-12-11-at-13.36.13-1-150x150.jpeg\" data-sizes=\"auto\" data-srcset=\"https:\/\/atecordoba.org\/wp-content\/uploads\/2024\/12\/WhatsApp-Image-2024-12-11-at-13.36.13-1-150x150.jpeg 150w, https:\/\/atecordoba.org\/wp-content\/uploads\/2024\/12\/WhatsApp-Image-2024-12-11-at-13.36.13-1-560x560.jpeg 560w, https:\/\/atecordoba.org\/wp-content\/uploads\/2024\/12\/WhatsApp-Image-2024-12-11-at-13.36.13-1-75x75.jpeg 75w, https:\/\/atecordoba.org\/wp-content\/uploads\/2024\/12\/WhatsApp-Image-2024-12-11-at-13.36.13-1-350x350.jpeg 350w\" data-expand=\"700\" \/><\/a>\n                <\/div><\/figure><figure class='gallery-item'>\n                <div class='gallery-icon landscape'>\n                    <a href='https:\/\/atecordoba.org\/wp-content\/uploads\/2024\/12\/WhatsApp-Image-2024-12-11-at-13.36.13-2.jpeg'><img loading=\"lazy\" decoding=\"async\" width=\"150\" height=\"150\" src=\"\" class=\"attachment-thumbnail size-thumbnail lazyload\" alt=\"\" data-src=\"https:\/\/atecordoba.org\/wp-content\/uploads\/2024\/12\/WhatsApp-Image-2024-12-11-at-13.36.13-2-150x150.jpeg\" data-sizes=\"auto\" data-srcset=\"https:\/\/atecordoba.org\/wp-content\/uploads\/2024\/12\/WhatsApp-Image-2024-12-11-at-13.36.13-2-150x150.jpeg 150w, https:\/\/atecordoba.org\/wp-content\/uploads\/2024\/12\/WhatsApp-Image-2024-12-11-at-13.36.13-2-560x560.jpeg 560w, https:\/\/atecordoba.org\/wp-content\/uploads\/2024\/12\/WhatsApp-Image-2024-12-11-at-13.36.13-2-75x75.jpeg 75w, https:\/\/atecordoba.org\/wp-content\/uploads\/2024\/12\/WhatsApp-Image-2024-12-11-at-13.36.13-2-350x350.jpeg 350w\" data-expand=\"700\" \/><\/a>\n                <\/div><\/figure><br style=\"clear: both\" \/><figure class='gallery-item'>\n                <div class='gallery-icon portrait'>\n                    <a href='https:\/\/atecordoba.org\/wp-content\/uploads\/2024\/12\/WhatsApp-Image-2024-12-11-at-13.36.13.jpeg'><img loading=\"lazy\" decoding=\"async\" width=\"150\" height=\"150\" src=\"\" class=\"attachment-thumbnail size-thumbnail lazyload\" alt=\"\" data-src=\"https:\/\/atecordoba.org\/wp-content\/uploads\/2024\/12\/WhatsApp-Image-2024-12-11-at-13.36.13-150x150.jpeg\" data-sizes=\"auto\" data-srcset=\"https:\/\/atecordoba.org\/wp-content\/uploads\/2024\/12\/WhatsApp-Image-2024-12-11-at-13.36.13-150x150.jpeg 150w, https:\/\/atecordoba.org\/wp-content\/uploads\/2024\/12\/WhatsApp-Image-2024-12-11-at-13.36.13-560x560.jpeg 560w, https:\/\/atecordoba.org\/wp-content\/uploads\/2024\/12\/WhatsApp-Image-2024-12-11-at-13.36.13-75x75.jpeg 75w, https:\/\/atecordoba.org\/wp-content\/uploads\/2024\/12\/WhatsApp-Image-2024-12-11-at-13.36.13-350x350.jpeg 350w\" data-expand=\"700\" \/><\/a>\n                <\/div><\/figure><figure class='gallery-item'>\n                <div class='gallery-icon portrait'>\n                    <a href='https:\/\/atecordoba.org\/wp-content\/uploads\/2024\/12\/WhatsApp-Image-2024-12-11-at-13.36.14-1.jpeg'><img loading=\"lazy\" decoding=\"async\" width=\"150\" height=\"150\" src=\"\" class=\"attachment-thumbnail size-thumbnail lazyload\" alt=\"\" data-src=\"https:\/\/atecordoba.org\/wp-content\/uploads\/2024\/12\/WhatsApp-Image-2024-12-11-at-13.36.14-1-150x150.jpeg\" data-sizes=\"auto\" data-srcset=\"https:\/\/atecordoba.org\/wp-content\/uploads\/2024\/12\/WhatsApp-Image-2024-12-11-at-13.36.14-1-150x150.jpeg 150w, https:\/\/atecordoba.org\/wp-content\/uploads\/2024\/12\/WhatsApp-Image-2024-12-11-at-13.36.14-1-560x560.jpeg 560w, https:\/\/atecordoba.org\/wp-content\/uploads\/2024\/12\/WhatsApp-Image-2024-12-11-at-13.36.14-1-75x75.jpeg 75w, https:\/\/atecordoba.org\/wp-content\/uploads\/2024\/12\/WhatsApp-Image-2024-12-11-at-13.36.14-1-350x350.jpeg 350w\" data-expand=\"700\" \/><\/a>\n                <\/div><\/figure><figure class='gallery-item'>\n                <div class='gallery-icon portrait'>\n                    <a href='https:\/\/atecordoba.org\/wp-content\/uploads\/2024\/12\/WhatsApp-Image-2024-12-11-at-13.36.14.jpeg'><img loading=\"lazy\" decoding=\"async\" width=\"150\" height=\"150\" src=\"\" class=\"attachment-thumbnail size-thumbnail lazyload\" alt=\"\" data-src=\"https:\/\/atecordoba.org\/wp-content\/uploads\/2024\/12\/WhatsApp-Image-2024-12-11-at-13.36.14-150x150.jpeg\" data-sizes=\"auto\" data-srcset=\"https:\/\/atecordoba.org\/wp-content\/uploads\/2024\/12\/WhatsApp-Image-2024-12-11-at-13.36.14-150x150.jpeg 150w, https:\/\/atecordoba.org\/wp-content\/uploads\/2024\/12\/WhatsApp-Image-2024-12-11-at-13.36.14-560x560.jpeg 560w, https:\/\/atecordoba.org\/wp-content\/uploads\/2024\/12\/WhatsApp-Image-2024-12-11-at-13.36.14-75x75.jpeg 75w, https:\/\/atecordoba.org\/wp-content\/uploads\/2024\/12\/WhatsApp-Image-2024-12-11-at-13.36.14-350x350.jpeg 350w\" data-expand=\"700\" \/><\/a>\n                <\/div><\/figure><br style=\"clear: both\" \/><figure class='gallery-item'>\n                <div class='gallery-icon portrait'>\n                    <a href='https:\/\/atecordoba.org\/wp-content\/uploads\/2024\/12\/WhatsApp-Image-2024-12-11-at-13.36.15-2.jpeg'><img loading=\"lazy\" decoding=\"async\" width=\"150\" height=\"150\" src=\"\" class=\"attachment-thumbnail size-thumbnail lazyload\" alt=\"\" data-src=\"https:\/\/atecordoba.org\/wp-content\/uploads\/2024\/12\/WhatsApp-Image-2024-12-11-at-13.36.15-2-150x150.jpeg\" data-sizes=\"auto\" data-srcset=\"https:\/\/atecordoba.org\/wp-content\/uploads\/2024\/12\/WhatsApp-Image-2024-12-11-at-13.36.15-2-150x150.jpeg 150w, https:\/\/atecordoba.org\/wp-content\/uploads\/2024\/12\/WhatsApp-Image-2024-12-11-at-13.36.15-2-560x560.jpeg 560w, https:\/\/atecordoba.org\/wp-content\/uploads\/2024\/12\/WhatsApp-Image-2024-12-11-at-13.36.15-2-75x75.jpeg 75w, https:\/\/atecordoba.org\/wp-content\/uploads\/2024\/12\/WhatsApp-Image-2024-12-11-at-13.36.15-2-350x350.jpeg 350w\" data-expand=\"700\" \/><\/a>\n                <\/div><\/figure><figure class='gallery-item'>\n                <div class='gallery-icon portrait'>\n                    <a href='https:\/\/atecordoba.org\/wp-content\/uploads\/2024\/12\/WhatsApp-Image-2024-12-11-at-13.36.16.jpeg'><img loading=\"lazy\" decoding=\"async\" width=\"150\" height=\"150\" src=\"\" class=\"attachment-thumbnail size-thumbnail lazyload\" alt=\"\" data-src=\"https:\/\/atecordoba.org\/wp-content\/uploads\/2024\/12\/WhatsApp-Image-2024-12-11-at-13.36.16-150x150.jpeg\" data-sizes=\"auto\" data-srcset=\"https:\/\/atecordoba.org\/wp-content\/uploads\/2024\/12\/WhatsApp-Image-2024-12-11-at-13.36.16-150x150.jpeg 150w, https:\/\/atecordoba.org\/wp-content\/uploads\/2024\/12\/WhatsApp-Image-2024-12-11-at-13.36.16-560x560.jpeg 560w, https:\/\/atecordoba.org\/wp-content\/uploads\/2024\/12\/WhatsApp-Image-2024-12-11-at-13.36.16-75x75.jpeg 75w, https:\/\/atecordoba.org\/wp-content\/uploads\/2024\/12\/WhatsApp-Image-2024-12-11-at-13.36.16-350x350.jpeg 350w\" data-expand=\"700\" \/><\/a>\n                <\/div><\/figure><figure class='gallery-item'>\n                <div class='gallery-icon portrait'>\n                    <a href='https:\/\/atecordoba.org\/wp-content\/uploads\/2024\/12\/WhatsApp-Image-2024-12-11-at-13.36.17-1.jpeg'><img loading=\"lazy\" decoding=\"async\" width=\"150\" height=\"150\" src=\"\" class=\"attachment-thumbnail size-thumbnail lazyload\" alt=\"\" data-src=\"https:\/\/atecordoba.org\/wp-content\/uploads\/2024\/12\/WhatsApp-Image-2024-12-11-at-13.36.17-1-150x150.jpeg\" data-sizes=\"auto\" data-srcset=\"https:\/\/atecordoba.org\/wp-content\/uploads\/2024\/12\/WhatsApp-Image-2024-12-11-at-13.36.17-1-150x150.jpeg 150w, https:\/\/atecordoba.org\/wp-content\/uploads\/2024\/12\/WhatsApp-Image-2024-12-11-at-13.36.17-1-560x560.jpeg 560w, https:\/\/atecordoba.org\/wp-content\/uploads\/2024\/12\/WhatsApp-Image-2024-12-11-at-13.36.17-1-75x75.jpeg 75w, https:\/\/atecordoba.org\/wp-content\/uploads\/2024\/12\/WhatsApp-Image-2024-12-11-at-13.36.17-1-350x350.jpeg 350w\" data-expand=\"700\" \/><\/a>\n                <\/div><\/figure><br style=\"clear: both\" \/>\n            <\/div>\n\n","protected":false},"excerpt":{"rendered":"<p>Al cumplirse un a\u00f1o de gobierno de Javier Milei, ATE realiz\u00f3 ayer una Jornada de Lucha de los sectores bajo la \u00f3rbita del Ministerio de Defensa con una movilizaci\u00f3n a la cartera que engloba a sectores productivos, educativos y de administraci\u00f3n. En ese marco, el secretario General de ATE C\u00f3rdoba Federico Giuliani, que encabez\u00f3 una [&hellip;]<\/p>\n","protected":false},"author":7,"featured_media":46972,"comment_status":"open","ping_status":"open","sticky":false,"template":"","format":"standard","meta":{"_exactmetrics_skip_tracking":false,"_exactmetrics_sitenote_active":false,"_exactmetrics_sitenote_note":"","_exactmetrics_sitenote_category":0,"jnews-multi-image_gallery":[],"jnews_single_post":{"format":"standard","override":[{"template":"1","parallax":"1","fullscreen":"1","layout":"no-sidebar-narrow","sidebar":"default-sidebar","second_sidebar":"default-sidebar","sticky_sidebar":"1","share_position":"bottom","share_float_style":"share-monocrhome","show_share_counter":"1","show_view_counter":"1","show_post_meta":"1","show_post_author_image":"1","show_post_date":"1","post_date_format":"default","post_date_format_custom":"Y\/m\/d","show_post_category":"1","show_post_reading_time":"0","post_reading_time_wpm":"300","post_calculate_word_method":"str_word_count","show_zoom_button":"0","zoom_button_out_step":"2","zoom_button_in_step":"3","show_post_tag":"1","number_popup_post":"1","show_post_related":"1","show_inline_post_related":"0"}],"image_override":[{"single_post_thumbnail_size":"crop-500","single_post_gallery_size":"crop-500"}],"trending_post_position":"meta","trending_post_label":"Trending","sponsored_post_label":"Sponsored by","disable_ad":"0"},"jnews_primary_category":[],"jnews_social_meta":[],"jnews_review":[],"enable_review":"","type":"percentage","name":"","summary":"","brand":"","sku":"","good":[],"bad":[],"score_override":"","override_value":"","rating":[],"price":[],"jnews_override_counter":{"view_counter_number":"0","share_counter_number":"0","like_counter_number":"0","dislike_counter_number":"0"},"jnews_post_split":{"post_split":[{"template":"1","tag":"h2","numbering":"asc","mode":"normal","first":"0","enable_toc":"0","toc_type":"normal"}]},"footnotes":""},"categories":[341],"tags":[26,759,1449,1095],"class_list":["post-46954","post","type-post","status-publish","format-standard","has-post-thumbnail","hentry","category-cdp","tag-ate","tag-federico-giuliani","tag-giuliani","tag-ministerio-de-defensa"],"jetpack_featured_media_url":"https:\/\/atecordoba.org\/wp-content\/uploads\/2024\/12\/WhatsApp-Image-2024-12-11-at-13.36.10-2.jpeg","_links":{"self":[{"href":"https:\/\/atecordoba.org\/index.php?rest_route=\/wp\/v2\/posts\/46954","targetHints":{"allow":["GET"]}}],"collection":[{"href":"https:\/\/atecordoba.org\/index.php?rest_route=\/wp\/v2\/posts"}],"about":[{"href":"https:\/\/atecordoba.org\/index.php?rest_route=\/wp\/v2\/types\/post"}],"author":[{"embeddable":true,"href":"https:\/\/atecordoba.org\/index.php?rest_route=\/wp\/v2\/users\/7"}],"replies":[{"embeddable":true,"href":"https:\/\/atecordoba.org\/index.php?rest_route=%2Fwp%2Fv2%2Fcomments&post=46954"}],"version-history":[{"count":1,"href":"https:\/\/atecordoba.org\/index.php?rest_route=\/wp\/v2\/posts\/46954\/revisions"}],"predecessor-version":[{"id":46971,"href":"https:\/\/atecordoba.org\/index.php?rest_route=\/wp\/v2\/posts\/46954\/revisions\/46971"}],"wp:featuredmedia":[{"embeddable":true,"href":"https:\/\/atecordoba.org\/index.php?rest_route=\/wp\/v2\/media\/46972"}],"wp:attachment":[{"href":"https:\/\/atecordoba.org\/index.php?rest_route=%2Fwp%2Fv2%2Fmedia&parent=46954"}],"wp:term":[{"taxonomy":"category","embeddable":true,"href":"https:\/\/atecordoba.org\/index.php?rest_route=%2Fwp%2Fv2%2Fcategories&post=46954"},{"taxonomy":"post_tag","embeddable":true,"href":"https:\/\/atecordoba.org\/index.php?rest_route=%2Fwp%2Fv2%2Ftags&post=46954"}],"curies":[{"name":"wp","href":"https:\/\/api.w.org\/{rel}","templated":true}]}}