{"id":46947,"date":"2024-12-11T14:17:47","date_gmt":"2024-12-11T17:17:47","guid":{"rendered":"https:\/\/atecordoba.org\/?p=46947"},"modified":"2024-12-12T12:39:30","modified_gmt":"2024-12-12T15:39:30","slug":"salsipuedes-el-municipio-ordena-conformar-la-comision-de-relaciones-laborales-con-tres-sillas-para-ate","status":"publish","type":"post","link":"https:\/\/atecordoba.org\/?p=46947","title":{"rendered":"Salsipuedes: el Municipio ordena conformar la Comisi\u00f3n de Relaciones Laborales con tres sillas para ATE"},"content":{"rendered":"<p><img loading=\"lazy\" decoding=\"async\" class=\"aligncenter wp-image-46949 \" src=\"https:\/\/atecordoba.org\/wp-content\/uploads\/2024\/12\/salsipuedes-bandera-1024x481.jpg\" alt=\"\" width=\"620\" height=\"291\" \/>El Municipio de Salsipuedes decret\u00f3 hoy la conformaci\u00f3n de la Comisi\u00f3n de Relaciones Laborales en la localidad a los fines de dar marcha al \u00e1mbito de discusi\u00f3n de los reclamos gremiales regulares y las pol\u00edticas del \u00e1rea.<\/p>\n<p>Se trata de la reglamentaci\u00f3n de la ordenanza 921\/08 que fija la competencia de la Comisi\u00f3n en &#8220;todo tema relacionado con las garant\u00edas, derechos y obligaciones de las y los empleados municipales&#8221;.<\/p>\n<p>En dicho \u00e1mbito ATE contar\u00e1 con tres representantes, lo que da cuenta de la legitimidad y legalidad alcanzada por nuestra organizaci\u00f3n sindical en la representaci\u00f3n de las y los municipales.<\/p>\n<p>La Comisi\u00f3n contar\u00e1 tambi\u00e9n con tres representantes por el Departamento Ejecutivo y uno por el Concejo Deliberante.<\/p>\n<a href=\"https:\/\/atecordoba.org\/wp-content\/uploads\/2024\/12\/salsipuedes-comision-relaciones-laborales.pdf\" class=\"pdfemb-viewer\" style=\"\" data-width=\"max\" data-height=\"max\" data-toolbar=\"bottom\" data-toolbar-fixed=\"off\">salsipuedes comision relaciones laborales<\/a>\n","protected":false},"excerpt":{"rendered":"<p>El Municipio de Salsipuedes decret\u00f3 hoy la conformaci\u00f3n de la Comisi\u00f3n de Relaciones Laborales en la localidad a los fines de dar marcha al \u00e1mbito de discusi\u00f3n de los reclamos gremiales regulares y las pol\u00edticas del \u00e1rea. Se trata de la reglamentaci\u00f3n de la ordenanza 921\/08 que fija la competencia de la Comisi\u00f3n en &#8220;todo [&hellip;]<\/p>\n","protected":false},"author":7,"featured_media":46949,"comment_status":"open","ping_status":"open","sticky":false,"template":"","format":"standard","meta":{"_exactmetrics_skip_tracking":false,"_exactmetrics_sitenote_active":false,"_exactmetrics_sitenote_note":"","_exactmetrics_sitenote_category":0,"jnews-multi-image_gallery":[],"jnews_single_post":{"format":"standard","override":[{"template":"1","parallax":"1","fullscreen":"1","layout":"no-sidebar-narrow","sidebar":"default-sidebar","second_sidebar":"default-sidebar","sticky_sidebar":"1","share_position":"bottom","share_float_style":"share-monocrhome","show_share_counter":"1","show_view_counter":"1","show_post_meta":"1","show_post_author_image":"1","show_post_date":"1","post_date_format":"default","post_date_format_custom":"Y\/m\/d","show_post_category":"1","show_post_reading_time":"0","post_reading_time_wpm":"300","post_calculate_word_method":"str_word_count","show_zoom_button":"0","zoom_button_out_step":"2","zoom_button_in_step":"3","show_post_tag":"1","number_popup_post":"1","show_post_related":"1","show_inline_post_related":"0"}],"image_override":[{"single_post_thumbnail_size":"crop-500","single_post_gallery_size":"crop-500"}],"trending_post_position":"meta","trending_post_label":"Trending","sponsored_post_label":"Sponsored by","disable_ad":"0"},"jnews_primary_category":[],"jnews_social_meta":[],"jnews_review":[],"enable_review":"","type":"percentage","name":"","summary":"","brand":"","sku":"","good":[],"bad":[],"score_override":"","override_value":"","rating":[],"price":[],"jnews_override_counter":{"view_counter_number":"0","share_counter_number":"0","like_counter_number":"0","dislike_counter_number":"0"},"jnews_post_split":{"post_split":[{"template":"1","tag":"h2","numbering":"asc","mode":"normal","first":"0","enable_toc":"0","toc_type":"normal"}]},"footnotes":""},"categories":[20],"tags":[],"class_list":["post-46947","post","type-post","status-publish","format-standard","has-post-thumbnail","hentry","category-municipales"],"jetpack_featured_media_url":"https:\/\/atecordoba.org\/wp-content\/uploads\/2024\/12\/salsipuedes-bandera-e1733937459893.jpg","_links":{"self":[{"href":"https:\/\/atecordoba.org\/index.php?rest_route=\/wp\/v2\/posts\/46947","targetHints":{"allow":["GET"]}}],"collection":[{"href":"https:\/\/atecordoba.org\/index.php?rest_route=\/wp\/v2\/posts"}],"about":[{"href":"https:\/\/atecordoba.org\/index.php?rest_route=\/wp\/v2\/types\/post"}],"author":[{"embeddable":true,"href":"https:\/\/atecordoba.org\/index.php?rest_route=\/wp\/v2\/users\/7"}],"replies":[{"embeddable":true,"href":"https:\/\/atecordoba.org\/index.php?rest_route=%2Fwp%2Fv2%2Fcomments&post=46947"}],"version-history":[{"count":2,"href":"https:\/\/atecordoba.org\/index.php?rest_route=\/wp\/v2\/posts\/46947\/revisions"}],"predecessor-version":[{"id":46973,"href":"https:\/\/atecordoba.org\/index.php?rest_route=\/wp\/v2\/posts\/46947\/revisions\/46973"}],"wp:featuredmedia":[{"embeddable":true,"href":"https:\/\/atecordoba.org\/index.php?rest_route=\/wp\/v2\/media\/46949"}],"wp:attachment":[{"href":"https:\/\/atecordoba.org\/index.php?rest_route=%2Fwp%2Fv2%2Fmedia&parent=46947"}],"wp:term":[{"taxonomy":"category","embeddable":true,"href":"https:\/\/atecordoba.org\/index.php?rest_route=%2Fwp%2Fv2%2Fcategories&post=46947"},{"taxonomy":"post_tag","embeddable":true,"href":"https:\/\/atecordoba.org\/index.php?rest_route=%2Fwp%2Fv2%2Ftags&post=46947"}],"curies":[{"name":"wp","href":"https:\/\/api.w.org\/{rel}","templated":true}]}}