{"id":46929,"date":"2024-12-11T13:51:52","date_gmt":"2024-12-11T16:51:52","guid":{"rendered":"https:\/\/atecordoba.org\/?p=46929"},"modified":"2024-12-11T14:04:51","modified_gmt":"2024-12-11T17:04:51","slug":"comenzo-hoy-la-entrega-de-bolsas-navidenas-en-el-consejo-directivo-provincial","status":"publish","type":"post","link":"https:\/\/atecordoba.org\/?p=46929","title":{"rendered":"Comenz\u00f3 hoy la entrega de Bolsas Navide\u00f1as en el Consejo Directivo Provincial"},"content":{"rendered":"<p><img loading=\"lazy\" decoding=\"async\" class=\"aligncenter wp-image-46931 \" src=\"https:\/\/atecordoba.org\/wp-content\/uploads\/2024\/12\/WhatsApp-Image-2024-12-11-at-12.14.27-1-1-662x1024.jpeg\" alt=\"\" width=\"630\" height=\"975\" \/>Organizada por la Secretaria de Acci\u00f3n Social, comenz\u00f3 hoy la entrega de las Bolsas Navide\u00f1as para las y los afiliados del Consejo Directivo Provincial (CDP). El operativo se desarrollar\u00e1 del 11 al 20 de diciembre, en el horario de 10:00 a 17:00 horas, en nuestra sede gremial, Entre R\u00edos 450.<\/p>\n<p>Un padr\u00f3n de 2000 afiliados y afiliadas podr\u00e1 acceder as\u00ed a un kit navide\u00f1o de 10 productos, compuesto por cuatro botellas (Gancia de litro, Fernet de medio litro, vino blanco y tinto \u00be), pan dulce, turr\u00f3n navide\u00f1o, garrapi\u00f1ada, man\u00ed con chocolate y un Mantecol. <img loading=\"lazy\" decoding=\"async\" class=\"wp-image-46933 aligncenter\" src=\"https:\/\/atecordoba.org\/wp-content\/uploads\/2024\/12\/WhatsApp-Image-2024-12-11-at-12.14.22-1.jpeg\" alt=\"\" width=\"624\" height=\"770\" srcset=\"https:\/\/atecordoba.org\/wp-content\/uploads\/2024\/12\/WhatsApp-Image-2024-12-11-at-12.14.22-1.jpeg 720w, https:\/\/atecordoba.org\/wp-content\/uploads\/2024\/12\/WhatsApp-Image-2024-12-11-at-12.14.22-1-243x300.jpeg 243w\" sizes=\"auto, (max-width: 624px) 100vw, 624px\" \/><\/p>\n<p>&#8220;Es un beneficio significativo que brinda el CDP, fruto del aporte del conjunto de los y las afiliadas nacionales, provinciales y municipales. Si bien no somos un gremio mutualista que realice un descuento por encima de la cuota de afiliaci\u00f3n del 2.2%, logramos con un gran esfuerzo financiero facilitar a cada miembro de nuestro CPD con muy buenos productos&#8221;, explic\u00f3 el secretario de Acci\u00f3n Social, Agust\u00edn Bertone, trabajador de la ANAC.<\/p>\n<p>Para esta ocasi\u00f3n el CDP puso a disposici\u00f3n la sede gremial para que la masa de afiliados se acerque a conocer nuestro sindicato y sea parte de manera activa, promoviendo el sentido de pertenencia. Para el caso de los municipales del interior, la distribuci\u00f3n se realiza a trav\u00e9s de las y los delegados, atento las distancias, seg\u00fan el caso.<\/p>\n<p><img loading=\"lazy\" decoding=\"async\" class=\"aligncenter wp-image-46934 \" src=\"https:\/\/atecordoba.org\/wp-content\/uploads\/2024\/12\/WhatsApp-Image-2024-12-11-at-12.09.23.jpeg\" alt=\"\" width=\"618\" height=\"736\" srcset=\"https:\/\/atecordoba.org\/wp-content\/uploads\/2024\/12\/WhatsApp-Image-2024-12-11-at-12.09.23.jpeg 720w, https:\/\/atecordoba.org\/wp-content\/uploads\/2024\/12\/WhatsApp-Image-2024-12-11-at-12.09.23-252x300.jpeg 252w\" sizes=\"auto, (max-width: 618px) 100vw, 618px\" \/><\/p>\n<p>&#8220;Este a\u00f1o extendimos el horario administrativo habitual de la sede gremial hasta las 17, para facilitar el retiro de la Bolsa Navide\u00f1a&#8221;, se\u00f1al\u00f3 el dirigente.<\/p>\n<p>Que destac\u00f3 el trabajo que se realiz\u00f3 desde las secretarias Administrativa y de Finanzas &#8220;para concretar est\u00e1 pol\u00edtica que devuelve los aportes de cada afiliada y afiliado en un gesto de acompa\u00f1amiento para cada familia estatal&#8221;.<\/p>\n<p>Cabe mencionar que cada Bolsa cuenta tambi\u00e9n con un volante explicativo de la pol\u00edtica gremial y social de nuestro sindicato, sumado a dos c\u00f3digos QR desde donde puede accederse a las propuestas tur\u00edsticas para este temporada y todos los beneficios y convenios que suscribi\u00f3 la Secretaria de Acci\u00f3n Social.<\/p>\n<div id='gallery_1' class='gallery galleryid-46929 gallery-columns-3 gallery-size-large'><figure class='gallery-item'>\n                <div class='gallery-icon portrait'>\n                    <a href='https:\/\/atecordoba.org\/wp-content\/uploads\/2024\/12\/WhatsApp-Image-2024-12-11-at-12.09.22.jpeg'><img loading=\"lazy\" decoding=\"async\" width=\"461\" height=\"1024\" src=\"\" class=\"attachment-large size-large lazyload\" alt=\"\" data-src=\"https:\/\/atecordoba.org\/wp-content\/uploads\/2024\/12\/WhatsApp-Image-2024-12-11-at-12.09.22-461x1024.jpeg\" data-sizes=\"auto\" data-srcset=\"https:\/\/atecordoba.org\/wp-content\/uploads\/2024\/12\/WhatsApp-Image-2024-12-11-at-12.09.22-461x1024.jpeg 461w, https:\/\/atecordoba.org\/wp-content\/uploads\/2024\/12\/WhatsApp-Image-2024-12-11-at-12.09.22-135x300.jpeg 135w, https:\/\/atecordoba.org\/wp-content\/uploads\/2024\/12\/WhatsApp-Image-2024-12-11-at-12.09.22-691x1536.jpeg 691w, https:\/\/atecordoba.org\/wp-content\/uploads\/2024\/12\/WhatsApp-Image-2024-12-11-at-12.09.22.jpeg 720w\" data-expand=\"700\" \/><\/a>\n                <\/div><\/figure><figure class='gallery-item'>\n                <div class='gallery-icon portrait'>\n                    <a href='https:\/\/atecordoba.org\/wp-content\/uploads\/2024\/12\/WhatsApp-Image-2024-12-11-at-12.14.11.jpeg'><img loading=\"lazy\" decoding=\"async\" width=\"461\" height=\"1024\" src=\"\" class=\"attachment-large size-large lazyload\" alt=\"\" data-src=\"https:\/\/atecordoba.org\/wp-content\/uploads\/2024\/12\/WhatsApp-Image-2024-12-11-at-12.14.11-461x1024.jpeg\" data-sizes=\"auto\" data-srcset=\"https:\/\/atecordoba.org\/wp-content\/uploads\/2024\/12\/WhatsApp-Image-2024-12-11-at-12.14.11-461x1024.jpeg 461w, https:\/\/atecordoba.org\/wp-content\/uploads\/2024\/12\/WhatsApp-Image-2024-12-11-at-12.14.11-135x300.jpeg 135w, https:\/\/atecordoba.org\/wp-content\/uploads\/2024\/12\/WhatsApp-Image-2024-12-11-at-12.14.11-691x1536.jpeg 691w, https:\/\/atecordoba.org\/wp-content\/uploads\/2024\/12\/WhatsApp-Image-2024-12-11-at-12.14.11.jpeg 720w\" data-expand=\"700\" \/><\/a>\n                <\/div><\/figure><figure class='gallery-item'>\n                <div class='gallery-icon portrait'>\n                    <a href='https:\/\/atecordoba.org\/wp-content\/uploads\/2024\/12\/WhatsApp-Image-2024-12-11-at-12.14.23.jpeg'><img loading=\"lazy\" decoding=\"async\" width=\"461\" height=\"1024\" src=\"\" class=\"attachment-large size-large lazyload\" alt=\"\" data-src=\"https:\/\/atecordoba.org\/wp-content\/uploads\/2024\/12\/WhatsApp-Image-2024-12-11-at-12.14.23-461x1024.jpeg\" data-sizes=\"auto\" data-srcset=\"https:\/\/atecordoba.org\/wp-content\/uploads\/2024\/12\/WhatsApp-Image-2024-12-11-at-12.14.23-461x1024.jpeg 461w, https:\/\/atecordoba.org\/wp-content\/uploads\/2024\/12\/WhatsApp-Image-2024-12-11-at-12.14.23-135x300.jpeg 135w, https:\/\/atecordoba.org\/wp-content\/uploads\/2024\/12\/WhatsApp-Image-2024-12-11-at-12.14.23-691x1536.jpeg 691w, https:\/\/atecordoba.org\/wp-content\/uploads\/2024\/12\/WhatsApp-Image-2024-12-11-at-12.14.23.jpeg 720w\" data-expand=\"700\" \/><\/a>\n                <\/div><\/figure><br style=\"clear: both\" \/><figure class='gallery-item'>\n                <div class='gallery-icon portrait'>\n                    <a href='https:\/\/atecordoba.org\/wp-content\/uploads\/2024\/12\/WhatsApp-Image-2024-12-11-at-12.14.24-1.jpeg'><img loading=\"lazy\" decoding=\"async\" width=\"461\" height=\"1024\" src=\"\" class=\"attachment-large size-large lazyload\" alt=\"\" data-src=\"https:\/\/atecordoba.org\/wp-content\/uploads\/2024\/12\/WhatsApp-Image-2024-12-11-at-12.14.24-1-461x1024.jpeg\" data-sizes=\"auto\" data-srcset=\"https:\/\/atecordoba.org\/wp-content\/uploads\/2024\/12\/WhatsApp-Image-2024-12-11-at-12.14.24-1-461x1024.jpeg 461w, https:\/\/atecordoba.org\/wp-content\/uploads\/2024\/12\/WhatsApp-Image-2024-12-11-at-12.14.24-1-135x300.jpeg 135w, https:\/\/atecordoba.org\/wp-content\/uploads\/2024\/12\/WhatsApp-Image-2024-12-11-at-12.14.24-1-691x1536.jpeg 691w, https:\/\/atecordoba.org\/wp-content\/uploads\/2024\/12\/WhatsApp-Image-2024-12-11-at-12.14.24-1.jpeg 720w\" data-expand=\"700\" \/><\/a>\n                <\/div><\/figure><figure class='gallery-item'>\n                <div class='gallery-icon portrait'>\n                    <a href='https:\/\/atecordoba.org\/wp-content\/uploads\/2024\/12\/WhatsApp-Image-2024-12-11-at-12.14.27.jpeg'><img loading=\"lazy\" decoding=\"async\" width=\"461\" height=\"1024\" src=\"\" class=\"attachment-large size-large lazyload\" alt=\"\" data-src=\"https:\/\/atecordoba.org\/wp-content\/uploads\/2024\/12\/WhatsApp-Image-2024-12-11-at-12.14.27-461x1024.jpeg\" data-sizes=\"auto\" data-srcset=\"https:\/\/atecordoba.org\/wp-content\/uploads\/2024\/12\/WhatsApp-Image-2024-12-11-at-12.14.27-461x1024.jpeg 461w, https:\/\/atecordoba.org\/wp-content\/uploads\/2024\/12\/WhatsApp-Image-2024-12-11-at-12.14.27-135x300.jpeg 135w, https:\/\/atecordoba.org\/wp-content\/uploads\/2024\/12\/WhatsApp-Image-2024-12-11-at-12.14.27-691x1536.jpeg 691w, https:\/\/atecordoba.org\/wp-content\/uploads\/2024\/12\/WhatsApp-Image-2024-12-11-at-12.14.27.jpeg 720w\" data-expand=\"700\" \/><\/a>\n                <\/div><\/figure><figure class='gallery-item'>\n                <div class='gallery-icon portrait'>\n                    <a href='https:\/\/atecordoba.org\/wp-content\/uploads\/2024\/12\/WhatsApp-Image-2024-12-11-at-12.09.23-1.jpeg'><img loading=\"lazy\" decoding=\"async\" width=\"461\" height=\"1024\" src=\"\" class=\"attachment-large size-large lazyload\" alt=\"\" data-src=\"https:\/\/atecordoba.org\/wp-content\/uploads\/2024\/12\/WhatsApp-Image-2024-12-11-at-12.09.23-1-461x1024.jpeg\" data-sizes=\"auto\" data-srcset=\"https:\/\/atecordoba.org\/wp-content\/uploads\/2024\/12\/WhatsApp-Image-2024-12-11-at-12.09.23-1-461x1024.jpeg 461w, https:\/\/atecordoba.org\/wp-content\/uploads\/2024\/12\/WhatsApp-Image-2024-12-11-at-12.09.23-1-135x300.jpeg 135w, https:\/\/atecordoba.org\/wp-content\/uploads\/2024\/12\/WhatsApp-Image-2024-12-11-at-12.09.23-1-691x1536.jpeg 691w, https:\/\/atecordoba.org\/wp-content\/uploads\/2024\/12\/WhatsApp-Image-2024-12-11-at-12.09.23-1.jpeg 720w\" data-expand=\"700\" \/><\/a>\n                <\/div><\/figure><br style=\"clear: both\" \/>\n            <\/div>\n\n","protected":false},"excerpt":{"rendered":"<p>Organizada por la Secretaria de Acci\u00f3n Social, comenz\u00f3 hoy la entrega de las Bolsas Navide\u00f1as para las y los afiliados del Consejo Directivo Provincial (CDP). El operativo se desarrollar\u00e1 del 11 al 20 de diciembre, en el horario de 10:00 a 17:00 horas, en nuestra sede gremial, Entre R\u00edos 450. Un padr\u00f3n de 2000 afiliados [&hellip;]<\/p>\n","protected":false},"author":7,"featured_media":46944,"comment_status":"open","ping_status":"open","sticky":false,"template":"","format":"standard","meta":{"_exactmetrics_skip_tracking":false,"_exactmetrics_sitenote_active":false,"_exactmetrics_sitenote_note":"","_exactmetrics_sitenote_category":0,"jnews-multi-image_gallery":[],"jnews_single_post":{"format":"standard","override":[{"template":"1","parallax":"1","fullscreen":"1","layout":"no-sidebar-narrow","sidebar":"default-sidebar","second_sidebar":"default-sidebar","sticky_sidebar":"1","share_position":"bottom","share_float_style":"share-monocrhome","show_share_counter":"1","show_view_counter":"1","show_post_meta":"1","show_post_author_image":"1","show_post_date":"1","post_date_format":"default","post_date_format_custom":"Y\/m\/d","show_post_category":"1","show_post_reading_time":"0","post_reading_time_wpm":"300","post_calculate_word_method":"str_word_count","show_zoom_button":"0","zoom_button_out_step":"2","zoom_button_in_step":"3","show_post_tag":"1","number_popup_post":"1","show_post_related":"1","show_inline_post_related":"0"}],"image_override":[{"single_post_thumbnail_size":"crop-500","single_post_gallery_size":"crop-500"}],"trending_post_position":"meta","trending_post_label":"Trending","sponsored_post_label":"Sponsored by","disable_ad":"0"},"jnews_primary_category":[],"jnews_social_meta":[],"jnews_review":[],"enable_review":"","type":"percentage","name":"","summary":"","brand":"","sku":"","good":[],"bad":[],"score_override":"","override_value":"","rating":[],"price":[],"jnews_override_counter":{"view_counter_number":"0","share_counter_number":"0","like_counter_number":"0","dislike_counter_number":"0"},"jnews_post_split":{"post_split":[{"template":"1","tag":"h2","numbering":"asc","mode":"normal","first":"0","enable_toc":"0","toc_type":"normal"}]},"footnotes":""},"categories":[75],"tags":[584,1447,1446,26,1448,647],"class_list":["post-46929","post","type-post","status-publish","format-standard","has-post-thumbnail","hentry","category-accion-social","tag-accion-social","tag-afiliadas","tag-afiliados","tag-ate","tag-bolsa-navidena","tag-caja-navidena"],"jetpack_featured_media_url":"https:\/\/atecordoba.org\/wp-content\/uploads\/2024\/12\/WhatsApp-Image-2024-12-11-at-12.14.26.jpeg","_links":{"self":[{"href":"https:\/\/atecordoba.org\/index.php?rest_route=\/wp\/v2\/posts\/46929","targetHints":{"allow":["GET"]}}],"collection":[{"href":"https:\/\/atecordoba.org\/index.php?rest_route=\/wp\/v2\/posts"}],"about":[{"href":"https:\/\/atecordoba.org\/index.php?rest_route=\/wp\/v2\/types\/post"}],"author":[{"embeddable":true,"href":"https:\/\/atecordoba.org\/index.php?rest_route=\/wp\/v2\/users\/7"}],"replies":[{"embeddable":true,"href":"https:\/\/atecordoba.org\/index.php?rest_route=%2Fwp%2Fv2%2Fcomments&post=46929"}],"version-history":[{"count":2,"href":"https:\/\/atecordoba.org\/index.php?rest_route=\/wp\/v2\/posts\/46929\/revisions"}],"predecessor-version":[{"id":46945,"href":"https:\/\/atecordoba.org\/index.php?rest_route=\/wp\/v2\/posts\/46929\/revisions\/46945"}],"wp:featuredmedia":[{"embeddable":true,"href":"https:\/\/atecordoba.org\/index.php?rest_route=\/wp\/v2\/media\/46944"}],"wp:attachment":[{"href":"https:\/\/atecordoba.org\/index.php?rest_route=%2Fwp%2Fv2%2Fmedia&parent=46929"}],"wp:term":[{"taxonomy":"category","embeddable":true,"href":"https:\/\/atecordoba.org\/index.php?rest_route=%2Fwp%2Fv2%2Fcategories&post=46929"},{"taxonomy":"post_tag","embeddable":true,"href":"https:\/\/atecordoba.org\/index.php?rest_route=%2Fwp%2Fv2%2Ftags&post=46929"}],"curies":[{"name":"wp","href":"https:\/\/api.w.org\/{rel}","templated":true}]}}