{"id":46922,"date":"2024-12-11T11:11:21","date_gmt":"2024-12-11T14:11:21","guid":{"rendered":"https:\/\/atecordoba.org\/?p=46922"},"modified":"2024-12-11T11:14:25","modified_gmt":"2024-12-11T14:14:25","slug":"mientras-caen-salarios-y-puestos-de-trabajo-el-579-de-las-familias-cordobesas-no-pudo-acceder-a-los-alimentos-basicos-en-noviembre","status":"publish","type":"post","link":"https:\/\/atecordoba.org\/?p=46922","title":{"rendered":"Mientras caen salarios y puestos de trabajo, el 57,9% de las familias cordobesas no pudo acceder a los alimentos b\u00e1sicos en noviembre"},"content":{"rendered":"<p><img loading=\"lazy\" decoding=\"async\" class=\"aligncenter wp-image-46923 \" src=\"https:\/\/atecordoba.org\/wp-content\/uploads\/2024\/12\/ollas-1024x576.webp\" alt=\"\" width=\"615\" height=\"346\" \/>Hoy se conoci\u00f3 un informe del Centro de Almaceneros de C\u00f3rdoba que revel\u00f3, en virtud de lo establecido por el INDEC, en noviembre la inflaci\u00f3n\u00a0fue del 2,8% mensual y acumul\u00f3 un 124% en lo que va del a\u00f1o y un 193% en comparaci\u00f3n con el mismo mes de 2023.<\/p>\n<p>En ese marco, la consultora proyect\u00f3 una inflaci\u00f3n del 133% para todo 2024 y precis\u00f3 que en noviembre para cubrir el costo de la\u00a0Canasta B\u00e1sica Total (CBT), que marca el umbral debajo del cual una familia cae en la pobreza, hizo falta $1.247.542.<\/p>\n<p>Para cubrir la Canasta B\u00e1sica Alimentaria (CBA), que determina la l\u00ednea de indigencia, una familia requiri\u00f3 $670.912.<\/p>\n<p>El relevamiento dio cuenta de que el 57,9% de las familias consultadas no pudo acceder plenamente a la CBA y que de los hogares que s\u00ed pudieron acceder a su totalidad, el 73,9% pudo hacerlo con asistencia estatal (mayoritariamente con Asignaci\u00f3n Universal por Hijo y Tarjeta Alimentar).<img loading=\"lazy\" decoding=\"async\" class=\"alignleft wp-image-46924 \" src=\"https:\/\/atecordoba.org\/wp-content\/uploads\/2024\/12\/ctep-ollas-populares-supermercados-768x432-1.jpg\" alt=\"\" width=\"424\" height=\"239\" srcset=\"https:\/\/atecordoba.org\/wp-content\/uploads\/2024\/12\/ctep-ollas-populares-supermercados-768x432-1.jpg 768w, https:\/\/atecordoba.org\/wp-content\/uploads\/2024\/12\/ctep-ollas-populares-supermercados-768x432-1-300x169.jpg 300w, https:\/\/atecordoba.org\/wp-content\/uploads\/2024\/12\/ctep-ollas-populares-supermercados-768x432-1-750x422.jpg 750w\" sizes=\"auto, (max-width: 424px) 100vw, 424px\" \/><\/p>\n<p>En tanto, se revel\u00f3 tambi\u00e9n que en el 10,8% de los hogares, hubo alg\u00fan o algunos integrantes que s\u00f3lo comieron una vez al d\u00eda o dejaron de comer todo un d\u00eda; y que un 17,1 % de las familias tuvo que hacer algo que hubieran preferido no hacer para conseguir alimentos, tal como pedir dinero o pedir comida.<\/p>\n<p>Otros datos alarmantes que dej\u00f3 el estudio son que el 19,5% de los hogares, en alg\u00fan momento del mes, se qued\u00f3 sin alimentos; que en el 31% de los hogares hubo integrantes que en alg\u00fan momento del mes sintieron hambre, pero no pudieron cubrir esa necesidad; que el 48,4% de las familias debi\u00f3 suspender alguna ingesta diaria (desayuno, almuerzo, merienda o cena); y que el 88,7% de las familias tuvo que financiar alimentos (al fiado 40,5%, con tarjetas de cr\u00e9ditos 38,8% y\/o con dinero prestado el 9,4%).<\/p>\n<p><strong>Salario y puestos de trabajo<\/strong><\/p>\n<p>Vale mencionar que en ese marco, seg\u00fan el \u00faltimo dato oficial -correspondiente a agosto-, C\u00f3rdoba tuvo 12.000 puestos menos que en el mismo mes de 2023. Pas\u00f3 de 530.000 a casi 518.000, lo que representa una ca\u00edda del 2,3%.<\/p>\n<p>A nivel nacional, a un a\u00f1o de la asunci\u00f3n del gobierno de Javier Milei, entre noviembre y agosto se hab\u00edan perdido casi 200.000 puestos de trabajo registrados, la mayor parte de ellos en el sector privado, luego en el<\/p>\n<p><img loading=\"lazy\" decoding=\"async\" class=\"alignright wp-image-121706 \" src=\"https:\/\/argentina.indymedia.org\/wp-content\/uploads\/2024\/12\/ATE-NACIONAL.webp\" srcset=\"https:\/\/argentina.indymedia.org\/wp-content\/uploads\/2024\/12\/ATE-NACIONAL.webp 1600w, https:\/\/argentina.indymedia.org\/wp-content\/uploads\/2024\/12\/ATE-NACIONAL-300x200.webp 300w, https:\/\/argentina.indymedia.org\/wp-content\/uploads\/2024\/12\/ATE-NACIONAL-1024x682.webp 1024w, https:\/\/argentina.indymedia.org\/wp-content\/uploads\/2024\/12\/ATE-NACIONAL-768x512.webp 768w, https:\/\/argentina.indymedia.org\/wp-content\/uploads\/2024\/12\/ATE-NACIONAL-1536x1023.webp 1536w\" alt=\"\" width=\"365\" height=\"243\" \/><\/p>\n<p>sector p\u00fablico, y una parte no menor en el caso de las trabajadoras de casas particulares, seg\u00fan explic\u00f3 el especialista Luis Campos, Coordinador del Observatorio del Derecho Social de la Central de Trabajadores de la Argentina (<em>CTA<\/em>\u00a0Aut\u00f3noma).<\/p>\n<p>Mientras, tal como afirm\u00f3 el economista Claudio Lozano, en t\u00e9rminos reales los ingresos laborales sufrieron ca\u00eddas significativas desde noviembre de 2023. El Salario M\u00ednimo Vital y M\u00f3vil (SMVM) se desplom\u00f3 un 28,4%, afectando especialmente a los trabajadores con ingresos m\u00e1s bajos. En el sector p\u00fablico, la p\u00e9rdida real fue del 16,1%, mientras que en el sector privado registrado fue del 1,5%. En el segmento de la informalidad laboral en los asalariados la ca\u00edda de los ingresos fue del 17%. &#8220;A nivel general se verifica, sin lugar a duda, una p\u00e9rdida generalizada del poder adquisitivo&#8221;, dijo Lozano.<\/p>\n<p><strong>(fuente: producci\u00f3n propia; Diario La Nueva Ma\u00f1ana; La Izquierda Diario; La Tinta)<\/strong><\/p>\n<p>&nbsp;<\/p>\n","protected":false},"excerpt":{"rendered":"<p>Hoy se conoci\u00f3 un informe del Centro de Almaceneros de C\u00f3rdoba que revel\u00f3, en virtud de lo establecido por el INDEC, en noviembre la inflaci\u00f3n\u00a0fue del 2,8% mensual y acumul\u00f3 un 124% en lo que va del a\u00f1o y un 193% en comparaci\u00f3n con el mismo mes de 2023. En ese marco, la consultora proyect\u00f3 [&hellip;]<\/p>\n","protected":false},"author":7,"featured_media":46923,"comment_status":"open","ping_status":"open","sticky":false,"template":"","format":"standard","meta":{"_exactmetrics_skip_tracking":false,"_exactmetrics_sitenote_active":false,"_exactmetrics_sitenote_note":"","_exactmetrics_sitenote_category":0,"jnews-multi-image_gallery":[],"jnews_single_post":{"format":"standard","override":[{"template":"1","parallax":"1","fullscreen":"1","layout":"no-sidebar-narrow","sidebar":"default-sidebar","second_sidebar":"default-sidebar","sticky_sidebar":"1","share_position":"bottom","share_float_style":"share-monocrhome","show_share_counter":"1","show_view_counter":"1","show_post_meta":"1","show_post_author_image":"1","show_post_date":"1","post_date_format":"default","post_date_format_custom":"Y\/m\/d","show_post_category":"1","show_post_reading_time":"0","post_reading_time_wpm":"300","post_calculate_word_method":"str_word_count","show_zoom_button":"0","zoom_button_out_step":"2","zoom_button_in_step":"3","show_post_tag":"1","number_popup_post":"1","show_post_related":"1","show_inline_post_related":"0"}],"image_override":[{"single_post_thumbnail_size":"crop-500","single_post_gallery_size":"crop-500"}],"trending_post_position":"meta","trending_post_label":"Trending","sponsored_post_label":"Sponsored by","disable_ad":"0"},"jnews_primary_category":[],"jnews_social_meta":[],"jnews_review":[],"enable_review":"","type":"percentage","name":"","summary":"","brand":"","sku":"","good":[],"bad":[],"score_override":"","override_value":"","rating":[],"price":[],"jnews_override_counter":{"view_counter_number":"0","share_counter_number":"0","like_counter_number":"0","dislike_counter_number":"0"},"jnews_post_split":{"post_split":[{"template":"1","tag":"h2","numbering":"asc","mode":"normal","first":"0","enable_toc":"0","toc_type":"normal"}]},"footnotes":""},"categories":[341],"tags":[26,395,1160,1445,1443,1444],"class_list":["post-46922","post","type-post","status-publish","format-standard","has-post-thumbnail","hentry","category-cdp","tag-ate","tag-ate-cordoba","tag-cordoba-2","tag-indigencia-cordoba","tag-pobreza-cordoba","tag-salarios-cordoba"],"jetpack_featured_media_url":"https:\/\/atecordoba.org\/wp-content\/uploads\/2024\/12\/ollas-e1733926253622.webp","_links":{"self":[{"href":"https:\/\/atecordoba.org\/index.php?rest_route=\/wp\/v2\/posts\/46922","targetHints":{"allow":["GET"]}}],"collection":[{"href":"https:\/\/atecordoba.org\/index.php?rest_route=\/wp\/v2\/posts"}],"about":[{"href":"https:\/\/atecordoba.org\/index.php?rest_route=\/wp\/v2\/types\/post"}],"author":[{"embeddable":true,"href":"https:\/\/atecordoba.org\/index.php?rest_route=\/wp\/v2\/users\/7"}],"replies":[{"embeddable":true,"href":"https:\/\/atecordoba.org\/index.php?rest_route=%2Fwp%2Fv2%2Fcomments&post=46922"}],"version-history":[{"count":3,"href":"https:\/\/atecordoba.org\/index.php?rest_route=\/wp\/v2\/posts\/46922\/revisions"}],"predecessor-version":[{"id":46927,"href":"https:\/\/atecordoba.org\/index.php?rest_route=\/wp\/v2\/posts\/46922\/revisions\/46927"}],"wp:featuredmedia":[{"embeddable":true,"href":"https:\/\/atecordoba.org\/index.php?rest_route=\/wp\/v2\/media\/46923"}],"wp:attachment":[{"href":"https:\/\/atecordoba.org\/index.php?rest_route=%2Fwp%2Fv2%2Fmedia&parent=46922"}],"wp:term":[{"taxonomy":"category","embeddable":true,"href":"https:\/\/atecordoba.org\/index.php?rest_route=%2Fwp%2Fv2%2Fcategories&post=46922"},{"taxonomy":"post_tag","embeddable":true,"href":"https:\/\/atecordoba.org\/index.php?rest_route=%2Fwp%2Fv2%2Ftags&post=46922"}],"curies":[{"name":"wp","href":"https:\/\/api.w.org\/{rel}","templated":true}]}}