{"id":46917,"date":"2024-12-11T10:36:46","date_gmt":"2024-12-11T13:36:46","guid":{"rendered":"https:\/\/atecordoba.org\/?p=46917"},"modified":"2024-12-11T10:37:33","modified_gmt":"2024-12-11T13:37:33","slug":"la-revolucion-es-un-sueno-eterno-homenaje-a-mario-roberto-santucho-en-ate","status":"publish","type":"post","link":"https:\/\/atecordoba.org\/?p=46917","title":{"rendered":"La revoluci\u00f3n es un sue\u00f1o eterno: homenaje a Mario Roberto Santucho en ATE"},"content":{"rendered":"<div dir=\"auto\">\n<div class=\"x11i5rnm xat24cr x1mh8g0r x1vvkbs xtlvy1s x126k92a\">\n<div dir=\"auto\"><img loading=\"lazy\" decoding=\"async\" class=\"aligncenter\" src=\"https:\/\/ctaacordoba.org\/wp-content\/uploads\/2024\/12\/469210490_978164767666771_8558777610781062746_n.jpg\" alt=\"\" width=\"522\" height=\"522\" \/><\/div>\n<div dir=\"auto\">En el marco de las actividades de revalorizaci\u00f3n de la historia y la lucha del Movimiento Nacional, Popular y Revolucionario, particularmente durante la convulsionada d\u00e9cada del 70, el Consejo Directivo Provincial (CDP) junto a la CTA Aut\u00f3noma C\u00f3rdoba han programado una nueva actividad para generar el debate a partir de reconocer las luchas obreras, populares y revolucionarias del pasado.<\/div>\n<div dir=\"auto\"><img loading=\"lazy\" decoding=\"async\" class=\"wp-image-94898 alignright\" src=\"http:\/\/ctaacordoba.org\/wp-content\/uploads\/2024\/12\/descarga-211x300.jpg\" alt=\"\" width=\"275\" height=\"391\" \/><\/div>\n<div dir=\"auto\">La cita ser\u00e1 ma\u00f1ana jueves 12 de diciembre a las 19 horas en nuestra sede sindical de Entre R\u00edos 450, donde se producir\u00e1 la presentaci\u00f3n del libro \u201cPoder Burgu\u00e9s y Poder Revolucionario\u201d, en homenaje a su autor, Mario Roberto Santucho, fundador y Secretario General del Partido Revolucionario de los Trabajadores (PRT) y comandante del Ej\u00e9rcito Revolucionario del Pueblo (ERP), el mayor grupo guerrillero de orientaci\u00f3n marxista de Argentina.<\/div>\n<\/div>\n<\/div>\n<div dir=\"auto\">\n<p class=\"h3 ff-20px-w400\">A m\u00e1s de 48 a\u00f1os del asesinato del m\u00e1ximo dirigente del PRT, cuyo cuerpo fue exhibido en el \u201cmuseo de la subversi\u00f3n\u201d pero no entregado a sus deudos, el apellido Santucho volvi\u00f3 a ser noticia el a\u00f1o pasado por la recuperaci\u00f3n del nieto 133, hijo de Julio Santucho. Una historia familiar signada por la barbarie represiva.<\/p>\n<p>La presentaci\u00f3n estar\u00e1 a cargo de Carlos \u201cVasco\u201d Orzaocoa, abogado, militante del PRT-ERP y referente de la Casa de la Memoria Imprenta del Pueblo, junto al secretario General de ATE C\u00f3rdoba, Federico Giuliani, y la historiadora Laura Mattas, profesora y miembro de Editorial Llamarada.<\/p>\n<p>ATE Convoca a la comunidad a participar de un espacio para revisitar la memoria. Una oportunidad para recordar y reflexionar sobre nuestro pasado y sus ense\u00f1anzas.<\/p>\n<p><strong>Los Santucho, una familia diezmada por el terrorismo de Estado<\/strong><\/p>\n<div dir=\"auto\">\n<figure style=\"width: 357px\" class=\"wp-caption alignleft\"><img loading=\"lazy\" decoding=\"async\" src=\"http:\/\/ctaacordoba.org\/wp-content\/uploads\/2024\/12\/Ana-Maria-Villarreal-Sayo-Mario-Roberto-Santucho-300x185.jpg\" alt=\"\" width=\"357\" height=\"220\" \/><figcaption class=\"wp-caption-text\">Ana Mar\u00eda Villareal y Mario Roberto Santucho.<\/figcaption><\/figure>\n<p>Ana Mar\u00eda Villarreal, militante del PRT-ERP y esposa de Santucho, fue acribillada por la Armada en la base Almirante Zar, junto con otros 15 militantes de FAR, ERP y Montoneros, el 22 de agosto de 1972.<\/p>\n<p>La Masacre de Trelew fue la respuesta de la dictadura de Lanusse a la fuga del penal de Rawson que la ridiculiz\u00f3 ante el mundo. Reci\u00e9n en 2012 un tribunal patag\u00f3nico conden\u00f3 a algunos de los homicidas. El fusilador Roberto Bravo, fugado a Estados Unidos, fue condenado en un juicio civil en Miami el a\u00f1o pasado, aunque sigue pendiente su extradici\u00f3n para juzgarlo en el pa\u00eds.<\/p>\n<p>Oscar Asdr\u00fabal Santucho, uno de los once hermanos de \u201cRoby\u201d, muri\u00f3 en una emboscada del Ej\u00e9rcito en Monteros, Tucum\u00e1n, a mediados de 1975, en el marco del \u201cOperativo Independencia\u201d ordenado por el gobierno de Isabel Per\u00f3n para enfrentar a la Compa\u00f1\u00eda de Monte \u201cRam\u00f3n Rosa Jim\u00e9nez\u201d del ERP. Hab\u00eda sido uno de los fundadores de la organizaci\u00f3n y antes del Frente de Izquierda Revolucionario Popular (FIRP).<\/p>\n<p><strong>Los chicos como rehenes<\/strong><\/p>\n<figure style=\"width: 304px\" class=\"wp-caption alignright\"><img loading=\"lazy\" decoding=\"async\" class=\"global-image\" src=\"https:\/\/www.infobae.com\/resizer\/v2\/NBFLLT4OQNEJHISW4ABLO6MZ3U.jpg?auth=719b47e4ba95c70c60d0f894c43d8652f0b567e27de27d2b57851b108587997f&amp;smart=true&amp;width=350&amp;height=525&amp;quality=85\" alt=\"La familia Santucho\" width=\"304\" height=\"456\" \/><figcaption class=\"wp-caption-text\">Familia Santucho.<\/figcaption><\/figure>\n<p>El 8 de diciembre de 1975 una patota del Batall\u00f3n de Inteligencia 601 irrumpi\u00f3 en una casa de Mor\u00f3n, provincia de Buenos Aires, donde se celebraba un cumplea\u00f1os infantil. All\u00ed secuestraron a Ofelia Ruiz de Santucho (viuda de Asdr\u00fabal) y a nueve ni\u00f1os: cuatro hijos del jefe del PRT-ERP (Ana Cristina, de 14 a\u00f1os; Marcela Eva, de 13; Gabriela In\u00e9s, de 12, hijas de Ana Mar\u00eda Villarreal; y Mario Antonio, de nueve meses, hijo de Liliana Delfino, segunda compa\u00f1era de \u201cRoby\u201d), cuatro sobrinos, hijos de Asdr\u00fabal (Mar\u00eda Ofelia, de 15 a\u00f1os; Mar\u00eda Susana, de 14; Mar\u00eda Silvia, de 12, y Mar\u00eda Emilia, de 10), y Esteban Abd\u00f3n, que cumpl\u00eda cuatro a\u00f1os y era hijo del jefe de log\u00edstica del ERP, El\u00edas Abd\u00f3n, secuestrado el d\u00eda anterior.<\/p>\n<p>Al frente del grupo operativo estaba Carlos Espa\u00f1adero, un oficial retirado en 1970 y reincorporado a\u00f1os despu\u00e9s como personal civil de inteligencia del 601, donde se abocar\u00eda a armar una red de infiltrados en el ERP, seg\u00fan reconstruy\u00f3 el periodista Ricardo Ragendorfer.<\/p>\n<p>El primer destino de los flamantes rehenes del Ej\u00e9rcito fue el centro clandestino Protobanco\/Puente 12, donde el propio Espa\u00f1adero, que se hac\u00eda llamar \u201cmayor Peirano\u201d, se encarg\u00f3 de interrogar a ni\u00f1os y ni\u00f1as para arrancarles informaci\u00f3n que permitiera dar con Santucho.<\/p>\n<p>El derrotero de las v\u00edctimas sigui\u00f3 por el Pozo de Quilmes, pero la noticia del secuestro de nueve ni\u00f1os se difundi\u00f3 por agencias internacionales. Espa\u00f1adero los llev\u00f3 entonces a un hotel del barrio de Flores, siempre con el objetivo de atrapar el jefe guerrillero, pero su cu\u00f1ada logr\u00f3 contactarse con familiares y el PRT organiz\u00f3 un rescate que burl\u00f3 a la custodia y permiti\u00f3 trasladar al grupo a la Embajada de Cuba, donde estuvieron m\u00e1s de un a\u00f1o hasta poder exiliarse. En 2021 Espa\u00f1adero fue condenado a 16 a\u00f1os de prisi\u00f3n por los secuestros, tormentos y abusos.<\/p>\n<p><strong>Los Santucho desaparecidos<\/strong><\/p>\n<p>La etapa siguiente del calvario para la familia comenz\u00f3 el 13 de julio de 1976 con el secuestro del contador Carlos H\u00edber Santucho en la empresa donde trabajaba y el operativo en la casa de calle Warnes que ocupaba Manuela Santucho (abogada, docente) con su hijo Diego, de un a\u00f1o.<a href=\"http:\/\/ctaacordoba.org\/wp-content\/uploads\/2024\/12\/download.webp\"><img loading=\"lazy\" decoding=\"async\" class=\"size-medium wp-image-95063 alignleft\" src=\"http:\/\/ctaacordoba.org\/wp-content\/uploads\/2024\/12\/download-300x300.webp\" srcset=\"https:\/\/ctaacordoba.org\/wp-content\/uploads\/2024\/12\/download-300x300.webp 300w, https:\/\/ctaacordoba.org\/wp-content\/uploads\/2024\/12\/download-150x150.webp 150w, https:\/\/ctaacordoba.org\/wp-content\/uploads\/2024\/12\/download.webp 312w\" alt=\"\" width=\"300\" height=\"300\" \/><\/a><\/p>\n<p>All\u00ed tambi\u00e9n ser\u00edan secuestradas Cristina Navajas (compa\u00f1era de Julio Santucho y madre del hombre que acaba de conocer su identidad) y Alicia D\u2019Ambra. Los familiares de Santucho fueron torturados con especial sa\u00f1a en Automotores Orletti, donde una semana despu\u00e9s Manuela ser\u00eda obligada a leer en voz alta la noticia del asesinato de \u201cRoby\u201d. La patota de la SIDE que operaba en Orletti sumergi\u00f3 una y otra vez a Carlos en un tanque de agua, hasta su muerte, y abandon\u00f3 el cuerpo en un bald\u00edo.<\/p>\n<p>Cristina y Manuela fueron trasladadas al centro clandestino Protobanco hasta fines de diciembre de 1976, y m\u00e1s tarde al Pozo de Banfield. Ambas permanecen desaparecidas. El 19 de julio de 1976 fue el operativo en Villa Martelli en el que acribillaron a Santucho y a Benito Urteaga. Entre quienes fueron secuestrados con vida y trasladados a Campo de Mayo estaba Liliana Delfino, \u00faltima compa\u00f1era de Santucho, quien contin\u00faa desaparecida.<\/p>\n<div dir=\"auto\">\n<p><strong>Fuente: Equipo de Comunicaci\u00f3n de la CTA-A C\u00f3rdoba; www.pagina12.com.ar<\/strong><\/p>\n<\/div>\n<div class=\"addtoany_share_save_container addtoany_content addtoany_content_bottom\">\n<div class=\"a2a_kit a2a_kit_size_32 addtoany_list\" data-a2a-url=\"https:\/\/ctaacordoba.org\/la-revolucion-es-un-sueno-eterno\/\" data-a2a-title=\"La revoluci\u00f3n es un sue\u00f1o eterno\"><\/div>\n<\/div>\n<\/div>\n<\/div>\n","protected":false},"excerpt":{"rendered":"<p>En el marco de las actividades de revalorizaci\u00f3n de la historia y la lucha del Movimiento Nacional, Popular y Revolucionario, particularmente durante la convulsionada d\u00e9cada del 70, el Consejo Directivo Provincial (CDP) junto a la CTA Aut\u00f3noma C\u00f3rdoba han programado una nueva actividad para generar el debate a partir de reconocer las luchas obreras, populares [&hellip;]<\/p>\n","protected":false},"author":7,"featured_media":46918,"comment_status":"open","ping_status":"open","sticky":false,"template":"","format":"standard","meta":{"_exactmetrics_skip_tracking":false,"_exactmetrics_sitenote_active":false,"_exactmetrics_sitenote_note":"","_exactmetrics_sitenote_category":0,"jnews-multi-image_gallery":[],"jnews_single_post":{"format":"standard","override":[{"template":"1","parallax":"1","fullscreen":"1","layout":"no-sidebar-narrow","sidebar":"default-sidebar","second_sidebar":"default-sidebar","sticky_sidebar":"1","share_position":"bottom","share_float_style":"share-monocrhome","show_share_counter":"1","show_view_counter":"1","show_post_meta":"1","show_post_author_image":"1","show_post_date":"1","post_date_format":"default","post_date_format_custom":"Y\/m\/d","show_post_category":"1","show_post_reading_time":"0","post_reading_time_wpm":"300","post_calculate_word_method":"str_word_count","show_zoom_button":"0","zoom_button_out_step":"2","zoom_button_in_step":"3","show_post_tag":"1","number_popup_post":"1","show_post_related":"1","show_inline_post_related":"0"}],"image_override":[{"single_post_thumbnail_size":"crop-500","single_post_gallery_size":"crop-500"}],"trending_post_position":"meta","trending_post_label":"Trending","sponsored_post_label":"Sponsored by","disable_ad":"0"},"jnews_primary_category":[],"jnews_social_meta":[],"jnews_review":[],"enable_review":"","type":"percentage","name":"","summary":"","brand":"","sku":"","good":[],"bad":[],"score_override":"","override_value":"","rating":[],"price":[],"jnews_override_counter":{"view_counter_number":"0","share_counter_number":"0","like_counter_number":"0","dislike_counter_number":"0"},"jnews_post_split":{"post_split":[{"template":"1","tag":"h2","numbering":"asc","mode":"normal","first":"0","enable_toc":"0","toc_type":"normal"}]},"footnotes":""},"categories":[341],"tags":[1442],"class_list":["post-46917","post","type-post","status-publish","format-standard","has-post-thumbnail","hentry","category-cdp","tag-santucho"],"jetpack_featured_media_url":"https:\/\/atecordoba.org\/wp-content\/uploads\/2024\/12\/santucho.png","_links":{"self":[{"href":"https:\/\/atecordoba.org\/index.php?rest_route=\/wp\/v2\/posts\/46917","targetHints":{"allow":["GET"]}}],"collection":[{"href":"https:\/\/atecordoba.org\/index.php?rest_route=\/wp\/v2\/posts"}],"about":[{"href":"https:\/\/atecordoba.org\/index.php?rest_route=\/wp\/v2\/types\/post"}],"author":[{"embeddable":true,"href":"https:\/\/atecordoba.org\/index.php?rest_route=\/wp\/v2\/users\/7"}],"replies":[{"embeddable":true,"href":"https:\/\/atecordoba.org\/index.php?rest_route=%2Fwp%2Fv2%2Fcomments&post=46917"}],"version-history":[{"count":2,"href":"https:\/\/atecordoba.org\/index.php?rest_route=\/wp\/v2\/posts\/46917\/revisions"}],"predecessor-version":[{"id":46920,"href":"https:\/\/atecordoba.org\/index.php?rest_route=\/wp\/v2\/posts\/46917\/revisions\/46920"}],"wp:featuredmedia":[{"embeddable":true,"href":"https:\/\/atecordoba.org\/index.php?rest_route=\/wp\/v2\/media\/46918"}],"wp:attachment":[{"href":"https:\/\/atecordoba.org\/index.php?rest_route=%2Fwp%2Fv2%2Fmedia&parent=46917"}],"wp:term":[{"taxonomy":"category","embeddable":true,"href":"https:\/\/atecordoba.org\/index.php?rest_route=%2Fwp%2Fv2%2Fcategories&post=46917"},{"taxonomy":"post_tag","embeddable":true,"href":"https:\/\/atecordoba.org\/index.php?rest_route=%2Fwp%2Fv2%2Ftags&post=46917"}],"curies":[{"name":"wp","href":"https:\/\/api.w.org\/{rel}","templated":true}]}}