{"id":46912,"date":"2024-12-10T15:14:30","date_gmt":"2024-12-10T18:14:30","guid":{"rendered":"https:\/\/atecordoba.org\/?p=46912"},"modified":"2024-12-10T15:14:30","modified_gmt":"2024-12-10T18:14:30","slug":"acuerdo-salarial-en-del-campillo-logra-20-de-aumento-a-partir-de-diciembre","status":"publish","type":"post","link":"https:\/\/atecordoba.org\/?p=46912","title":{"rendered":"Acuerdo salarial en Del Campillo logra 20% de aumento a partir de diciembre"},"content":{"rendered":"<p><img loading=\"lazy\" decoding=\"async\" class=\"alignleft wp-image-46914 size-full\" src=\"https:\/\/atecordoba.org\/wp-content\/uploads\/2024\/12\/DEL-CAMPILLO.jpg\" alt=\"\" width=\"500\" height=\"321\" srcset=\"https:\/\/atecordoba.org\/wp-content\/uploads\/2024\/12\/DEL-CAMPILLO.jpg 500w, https:\/\/atecordoba.org\/wp-content\/uploads\/2024\/12\/DEL-CAMPILLO-300x193.jpg 300w\" sizes=\"auto, (max-width: 500px) 100vw, 500px\" \/>En una audiencia paritaria celebrada ayer, el Departamento Ejecutivo de la localidad de Del Campillo acord\u00f3 otorgar una recomposici\u00f3n de haberes del 20% acumulativo con los sueldos de diciembre.<\/p>\n<p>En la oportunidad, estuvieron presentes la intendenta municipal, Carla Villanova, y su secretaria de Gobierno, Alejandra Testore. En tanto, ATE estuvo representada por la delegada Beba Jaime.<\/p>\n<p>En la paritaria se acord\u00f3 la continuidad del pago de la suma no remunerativa de 100 mil pesos, y recategorizaciones para las y los agentes por debajo de la categor\u00eda 16. Adem\u00e1s, quienes est\u00e9n pr\u00f3ximos a jubilarse pasar\u00e1n a categor\u00eda 24.<\/p>\n<p><img loading=\"lazy\" decoding=\"async\" class=\"aligncenter wp-image-46913 size-full\" src=\"https:\/\/atecordoba.org\/wp-content\/uploads\/2024\/12\/WhatsApp-Image-2024-12-10-at-14.55.34.jpeg\" alt=\"\" width=\"717\" height=\"1007\" srcset=\"https:\/\/atecordoba.org\/wp-content\/uploads\/2024\/12\/WhatsApp-Image-2024-12-10-at-14.55.34.jpeg 717w, https:\/\/atecordoba.org\/wp-content\/uploads\/2024\/12\/WhatsApp-Image-2024-12-10-at-14.55.34-214x300.jpeg 214w\" sizes=\"auto, (max-width: 717px) 100vw, 717px\" \/><\/p>\n","protected":false},"excerpt":{"rendered":"<p>En una audiencia paritaria celebrada ayer, el Departamento Ejecutivo de la localidad de Del Campillo acord\u00f3 otorgar una recomposici\u00f3n de haberes del 20% acumulativo con los sueldos de diciembre. En la oportunidad, estuvieron presentes la intendenta municipal, Carla Villanova, y su secretaria de Gobierno, Alejandra Testore. En tanto, ATE estuvo representada por la delegada Beba [&hellip;]<\/p>\n","protected":false},"author":7,"featured_media":46914,"comment_status":"open","ping_status":"open","sticky":false,"template":"","format":"standard","meta":{"_exactmetrics_skip_tracking":false,"_exactmetrics_sitenote_active":false,"_exactmetrics_sitenote_note":"","_exactmetrics_sitenote_category":0,"jnews-multi-image_gallery":[],"jnews_single_post":{"format":"standard","override":[{"template":"1","parallax":"1","fullscreen":"1","layout":"no-sidebar-narrow","sidebar":"default-sidebar","second_sidebar":"default-sidebar","sticky_sidebar":"1","share_position":"bottom","share_float_style":"share-monocrhome","show_share_counter":"1","show_view_counter":"1","show_post_meta":"1","show_post_author_image":"1","show_post_date":"1","post_date_format":"default","post_date_format_custom":"Y\/m\/d","show_post_category":"1","show_post_reading_time":"0","post_reading_time_wpm":"300","post_calculate_word_method":"str_word_count","show_zoom_button":"0","zoom_button_out_step":"2","zoom_button_in_step":"3","show_post_tag":"1","number_popup_post":"1","show_post_related":"1","show_inline_post_related":"0"}],"image_override":[{"single_post_thumbnail_size":"crop-500","single_post_gallery_size":"crop-500"}],"trending_post_position":"meta","trending_post_label":"Trending","sponsored_post_label":"Sponsored by","disable_ad":"0"},"jnews_primary_category":[],"jnews_social_meta":[],"jnews_review":[],"enable_review":"","type":"percentage","name":"","summary":"","brand":"","sku":"","good":[],"bad":[],"score_override":"","override_value":"","rating":[],"price":[],"jnews_override_counter":{"view_counter_number":"0","share_counter_number":"0","like_counter_number":"0","dislike_counter_number":"0"},"jnews_post_split":{"post_split":[{"template":"1","tag":"h2","numbering":"asc","mode":"normal","first":"0","enable_toc":"0","toc_type":"normal"}]},"footnotes":""},"categories":[20],"tags":[],"class_list":["post-46912","post","type-post","status-publish","format-standard","has-post-thumbnail","hentry","category-municipales"],"jetpack_featured_media_url":"https:\/\/atecordoba.org\/wp-content\/uploads\/2024\/12\/DEL-CAMPILLO.jpg","_links":{"self":[{"href":"https:\/\/atecordoba.org\/index.php?rest_route=\/wp\/v2\/posts\/46912","targetHints":{"allow":["GET"]}}],"collection":[{"href":"https:\/\/atecordoba.org\/index.php?rest_route=\/wp\/v2\/posts"}],"about":[{"href":"https:\/\/atecordoba.org\/index.php?rest_route=\/wp\/v2\/types\/post"}],"author":[{"embeddable":true,"href":"https:\/\/atecordoba.org\/index.php?rest_route=\/wp\/v2\/users\/7"}],"replies":[{"embeddable":true,"href":"https:\/\/atecordoba.org\/index.php?rest_route=%2Fwp%2Fv2%2Fcomments&post=46912"}],"version-history":[{"count":1,"href":"https:\/\/atecordoba.org\/index.php?rest_route=\/wp\/v2\/posts\/46912\/revisions"}],"predecessor-version":[{"id":46915,"href":"https:\/\/atecordoba.org\/index.php?rest_route=\/wp\/v2\/posts\/46912\/revisions\/46915"}],"wp:featuredmedia":[{"embeddable":true,"href":"https:\/\/atecordoba.org\/index.php?rest_route=\/wp\/v2\/media\/46914"}],"wp:attachment":[{"href":"https:\/\/atecordoba.org\/index.php?rest_route=%2Fwp%2Fv2%2Fmedia&parent=46912"}],"wp:term":[{"taxonomy":"category","embeddable":true,"href":"https:\/\/atecordoba.org\/index.php?rest_route=%2Fwp%2Fv2%2Fcategories&post=46912"},{"taxonomy":"post_tag","embeddable":true,"href":"https:\/\/atecordoba.org\/index.php?rest_route=%2Fwp%2Fv2%2Ftags&post=46912"}],"curies":[{"name":"wp","href":"https:\/\/api.w.org\/{rel}","templated":true}]}}