{"id":4689,"date":"2014-11-06T17:42:06","date_gmt":"2014-11-06T20:42:06","guid":{"rendered":"http:\/\/www.atecordoba.org\/?p=4689"},"modified":"2022-01-19T12:27:46","modified_gmt":"2022-01-19T15:27:46","slug":"hugo-godoy-estuvo-en-cordoba-repasando-la-actualidad-gremial-de-la-provincia","status":"publish","type":"post","link":"https:\/\/atecordoba.org\/?p=4689","title":{"rendered":"Hugo Godoy estuvo en C\u00f3rdoba repasando la actualidad gremial de la provincia"},"content":{"rendered":"<p><em>El secretario General Adjunto del Concejo Directivo Nacional visit\u00f3 el CDP para interiorizarse de los pormenores del conflicto que los provinciales llevan adelante en el sector salud y departi\u00f3 sobre las necesidades organizativas de nuestra ATE. Recorrida por las seccionales.<\/em><\/p>\n<p><a href=\"http:\/\/www.atecordoba.org\/wp-content\/uploads\/2014\/11\/IMG_7030-e1415303762165.jpg\"><img loading=\"lazy\" decoding=\"async\" class=\"aligncenter  wp-image-4692\" src=\"http:\/\/www.atecordoba.org\/wp-content\/uploads\/2014\/11\/IMG_7030-e1415303762165.jpg\" alt=\"IMG_7030\" width=\"486\" height=\"274\"><\/a><\/p>\n<p>&nbsp;<\/p>\n<p>El encuentro se llev\u00f3 a cabo ayer mi\u00e9rcoles 5 de noviembre en en la sede del Concejo Directivo Provincial y estuvo presente toda la conducci\u00f3n cordobesa, encabezada por nuestra secretaria General Mar\u00eda Teresa Romero.<\/p>\n<p>La reuni\u00f3n se produjo en el marco de una recorrida nacional que Hugo &#8216;Cachorro&#8217; Godoy viene realizando por distintas provincias. En C\u00f3rdoba, los compa\u00f1eros del CDP lo pusieron al tanto del conflicto que se viene desarrollando hace dos meses en los hospitales provinciales, debido a&nbsp;la falta de respuestas del gobierno de Jos\u00e9 Manuel De la Sota ante el reclamo por reapertura de paritarias en el Estado provincial.<\/p>\n<p><a href=\"http:\/\/www.atecordoba.org\/wp-content\/uploads\/2014\/11\/IMG_7034-e1415303713638.jpg\"><img loading=\"lazy\" decoding=\"async\" class=\"aligncenter  wp-image-4691\" src=\"http:\/\/www.atecordoba.org\/wp-content\/uploads\/2014\/11\/IMG_7034-e1415303713638.jpg\" alt=\"IMG_7034\" width=\"486\" height=\"274\"><\/a><\/p>\n<p>A su vez, Romero detall\u00f3 como prosigue el reclamo por la falta de retenci\u00f3n de la cuota sindical de nuestros afiliados, que el gobierno cordob\u00e9s se niega a realizar a pesar de los sucesivos fallos de la Corte Suprema de Justicia de la Naci\u00f3n y de las resoluciones del Ministerio de Trabajo.<\/p>\n<p>El dirigente nacional remarc\u00f3 la necesidad de hacer un esfuerzo para que todos los sectores se sumen a la lucha, remarcando que la unidad es el principal soporte del \u00e9xito de los trabajadores ante las patronales. Ese mismo concepto lo traslad\u00f3 a las diferentes alternativas que se presentan en ATE porque &#8220;los intereses de los trabajadores est\u00e1n por encima de cualquier diferencia menor que exista entre los dirigentes&#8221;.<\/p>\n<p><a href=\"http:\/\/www.atecordoba.org\/wp-content\/uploads\/2014\/11\/IMG_7032-e1415306446670.jpg\"><img loading=\"lazy\" decoding=\"async\" class=\"aligncenter  wp-image-4698\" src=\"http:\/\/www.atecordoba.org\/wp-content\/uploads\/2014\/11\/IMG_7032-e1415306446670.jpg\" alt=\"IMG_7032\" width=\"486\" height=\"274\"><\/a><\/p>\n<p>Cachorro auspici\u00f3 un 2015 donde &#8220;seguiremos creciendo en la provincia&#8221; en sinton\u00eda a como viene mostrando el padr\u00f3n de afiliados de ATE en C\u00f3rdoba durante los \u00faltimos dos a\u00f1os.<\/p>\n<h3>En las seccionales<\/h3>\n<p>Posteriormente, el secretario Adjunto del CDN se traslad\u00f3 a la seccional Villa Mar\u00eda, donde mantuvo una reuni\u00f3n con la conducci\u00f3n local que dirige el secretario General Walter Secondino, acompa\u00f1ado por Romero, donde los compa\u00f1eros analizaron la situaci\u00f3n de los estatales de la regi\u00f3n.<\/p>\n<p><a href=\"http:\/\/www.atecordoba.org\/wp-content\/uploads\/2014\/11\/cachorro-godoy-en-villa-maria-e1415303828187.jpg\"><img loading=\"lazy\" decoding=\"async\" class=\"aligncenter  wp-image-4693\" src=\"http:\/\/www.atecordoba.org\/wp-content\/uploads\/2014\/11\/cachorro-godoy-en-villa-maria-e1415303828187.jpg\" alt=\"cachorro godoy en villa maria\" width=\"490\" height=\"367\"><\/a><\/p>\n<p>Acto seguido, Cachorro parti\u00f3 en direcci\u00f3n a R\u00edo Tercero donde lo esperaba la conducci\u00f3n de la seccional, encabezada por su secretario General Cristi\u00e1n Colman. En la oportunidad, adem\u00e1s de Mar\u00eda Teresa Romero, estuvo presente la secrataria Administrativa del CDP, Mar\u00eda Liliana Salerno.<\/p>\n<p><a href=\"http:\/\/www.atecordoba.org\/wp-content\/uploads\/2014\/11\/cachorro-en-rio-tercero-e1415304010223.jpg\"><img loading=\"lazy\" decoding=\"async\" class=\"aligncenter  wp-image-4694\" src=\"http:\/\/www.atecordoba.org\/wp-content\/uploads\/2014\/11\/cachorro-en-rio-tercero-e1415304010223.jpg\" alt=\"cachorro en rio tercero\" width=\"486\" height=\"274\"><\/a><\/p>\n<p>Por \u00faltimo, Godoy visit\u00f3 la seccional R\u00edo Cuarto, acompa\u00f1ado tambi\u00e9n por nuestra secretaria General Mar\u00eca Teresa Romero. All\u00ed fue recibido por su secretario General, Federico Giuliani y la conducci\u00f3n riocuartense.<\/p>\n<p><a href=\"http:\/\/www.atecordoba.org\/wp-content\/uploads\/2014\/11\/cachorro-godoy-en-rio-cuarto.jpg\"><img loading=\"lazy\" decoding=\"async\" class=\"aligncenter  wp-image-4695\" src=\"http:\/\/www.atecordoba.org\/wp-content\/uploads\/2014\/11\/cachorro-godoy-en-rio-cuarto.jpg\" alt=\"cachorro godoy en rio cuarto\" width=\"480\" height=\"360\"><\/a><\/p>\n","protected":false},"excerpt":{"rendered":"<p>El secretario General Adjunto del Concejo Directivo Nacional visit\u00f3 el CDP para interiorizarse de los pormenores del conflicto que los provinciales llevan adelante en el sector salud y departi\u00f3 sobre las necesidades organizativas de nuestra ATE. Recorrida por las seccionales. &nbsp; El encuentro se llev\u00f3 a cabo ayer mi\u00e9rcoles 5 de noviembre en en la [&hellip;]<\/p>\n","protected":false},"author":1,"featured_media":19220,"comment_status":"open","ping_status":"open","sticky":false,"template":"","format":"standard","meta":{"_exactmetrics_skip_tracking":false,"_exactmetrics_sitenote_active":false,"_exactmetrics_sitenote_note":"","_exactmetrics_sitenote_category":0,"jnews-multi-image_gallery":[],"jnews_single_post":{"subtitle":"","format":"standard","video":"","gallery":"","source_name":"","source_url":"","via_name":"","via_url":"","override":[{"template":"1","single_blog_custom":"","parallax":"1","fullscreen":"1","layout":"right-sidebar","sidebar":"default-sidebar","second_sidebar":"default-sidebar","sticky_sidebar":"1","share_position":"top","share_float_style":"share-monocrhome","show_share_counter":"1","show_view_counter":"1","show_featured":"1","show_post_meta":"1","show_post_author":"1","show_post_author_image":"1","show_post_date":"1","post_date_format":"default","post_date_format_custom":"Y\/m\/d","show_post_category":"1","post_reading_time_wpm":"300","zoom_button_out_step":"2","zoom_button_in_step":"3","show_post_tag":"1","show_prev_next_post":"1","show_popup_post":"1","number_popup_post":"1"}],"image_override":[{"single_post_thumbnail_size":"crop-500","single_post_gallery_size":"crop-500"}],"trending_post_position":"meta","trending_post_label":"Trending","sponsored_post_label":"Sponsored by","sponsored_post_name":"","sponsored_post_url":"","sponsored_post_logo":"","sponsored_post_desc":""},"jnews_primary_category":{"id":""},"jnews_social_meta":[],"jnews_review":[],"enable_review":"","type":"","name":"","summary":"","brand":"","sku":"","good":[],"bad":[],"score_override":"","override_value":"","rating":[],"price":[],"jnews_override_counter":[],"jnews_post_split":[],"footnotes":""},"categories":[756],"tags":[],"class_list":["post-4689","post","type-post","status-publish","format-standard","has-post-thumbnail","hentry","category-consejo-directivo-nacional-cdn"],"jetpack_featured_media_url":"https:\/\/atecordoba.org\/wp-content\/uploads\/2020\/05\/logo-nuevochico-e1561581322808.png","_links":{"self":[{"href":"https:\/\/atecordoba.org\/index.php?rest_route=\/wp\/v2\/posts\/4689","targetHints":{"allow":["GET"]}}],"collection":[{"href":"https:\/\/atecordoba.org\/index.php?rest_route=\/wp\/v2\/posts"}],"about":[{"href":"https:\/\/atecordoba.org\/index.php?rest_route=\/wp\/v2\/types\/post"}],"author":[{"embeddable":true,"href":"https:\/\/atecordoba.org\/index.php?rest_route=\/wp\/v2\/users\/1"}],"replies":[{"embeddable":true,"href":"https:\/\/atecordoba.org\/index.php?rest_route=%2Fwp%2Fv2%2Fcomments&post=4689"}],"version-history":[{"count":2,"href":"https:\/\/atecordoba.org\/index.php?rest_route=\/wp\/v2\/posts\/4689\/revisions"}],"predecessor-version":[{"id":29725,"href":"https:\/\/atecordoba.org\/index.php?rest_route=\/wp\/v2\/posts\/4689\/revisions\/29725"}],"wp:featuredmedia":[{"embeddable":true,"href":"https:\/\/atecordoba.org\/index.php?rest_route=\/wp\/v2\/media\/19220"}],"wp:attachment":[{"href":"https:\/\/atecordoba.org\/index.php?rest_route=%2Fwp%2Fv2%2Fmedia&parent=4689"}],"wp:term":[{"taxonomy":"category","embeddable":true,"href":"https:\/\/atecordoba.org\/index.php?rest_route=%2Fwp%2Fv2%2Fcategories&post=4689"},{"taxonomy":"post_tag","embeddable":true,"href":"https:\/\/atecordoba.org\/index.php?rest_route=%2Fwp%2Fv2%2Ftags&post=4689"}],"curies":[{"name":"wp","href":"https:\/\/api.w.org\/{rel}","templated":true}]}}